{"id":418220,"date":"2021-12-22T18:06:09","date_gmt":"2021-12-22T15:06:09","guid":{"rendered":"http:\/\/arantv.az\/?p=418220"},"modified":"2021-12-22T18:06:09","modified_gmt":"2021-12-22T15:06:09","slug":"ktmt-v%c9%99-erm%c9%99nistan-az%c9%99rbaycanla-s%c9%99rh%c9%99dl%c9%99rin-delimitasiyasinin-tezlikl%c9%99-baslanmasini-d%c9%99st%c9%99kl%c9%99yib","status":"publish","type":"post","link":"https:\/\/arantv.az\/?p=418220","title":{"rendered":"KTMT v\u0259 Erm\u0259nistan Az\u0259rbaycanla s\u0259rh\u0259dl\u0259rin delimitasiyas\u0131n\u0131n tezlikl\u0259 ba\u015flanmas\u0131n\u0131 d\u0259st\u0259kl\u0259yib"},"content":{"rendered":"<p>Erm\u0259nistan T\u0259hl\u00fck\u0259sizlik \u015euras\u0131n\u0131n katibi Armen Qriqoryan v\u0259 Kollektiv T\u0259hl\u00fck\u0259sizlik M\u00fcqavil\u0259si T\u0259\u015fkilat\u0131n\u0131n (KTMT) ba\u015f katibi Stanislav Zas \u0130r\u0259vanda ke\u00e7iril\u0259n g\u00f6r\u00fc\u015fd\u0259 Erm\u0259nistan-Az\u0259rbaycan s\u0259rh\u0259dinin demarkasiyas\u0131 v\u0259 delimitasiyas\u0131 prosesinin tezlikl\u0259 ba\u015flanmas\u0131n\u0131n t\u0259r\u0259fdar\u0131 oldu\u011funu bildiribl\u0259r.<\/p>\n<p>Bu bar\u0259d\u0259 \u00e7\u0259r\u015f\u0259nb\u0259 g\u00fcn\u00fc T\u0259hl\u00fck\u0259sizlik \u015euras\u0131n\u0131n ofisi m\u0259lumat yay\u0131b.<\/p>\n<p>\u201cDekabr\u0131n 22-d\u0259 Erm\u0259nistan T\u0259hl\u00fck\u0259sizlik \u015euras\u0131n\u0131n katibi Armen Qriqoryan KTMT-nin ba\u015f katibi Stanislav Zas il\u0259 g\u00f6r\u00fc\u015f\u00fcb. Armen Qriqoryan KTMT-nin ba\u015f katibin\u0259 Az\u0259rbaycanla s\u0259rh\u0259dd\u0259ki v\u0259ziyy\u0259ti t\u0259qdim edib. T\u0259r\u0259fl\u0259r raz\u0131la\u015f\u0131blar ki, Erm\u0259nistan-Az\u0259rbaycan s\u0259rh\u0259dind\u0259 demarkasiya v\u0259 delimitasiya \u00fczr\u0259 i\u015fl\u0259rin tezlikl\u0259 ba\u015flamas\u0131 \u00fc\u00e7\u00fcn \u015f\u0259rait yaratmaq laz\u0131md\u0131r\u201d, &#8211; dey\u0259 m\u0259lumatda bildirilir.<\/p>\n<p>M\u0259nb\u0259: TASS<\/p>\n","protected":false},"excerpt":{"rendered":"<p>Erm\u0259nistan T\u0259hl\u00fck\u0259sizlik \u015euras\u0131n\u0131n katibi Armen Qriqoryan v\u0259 Kollektiv T\u0259hl\u00fck\u0259sizlik M\u00fcqavil\u0259si T\u0259\u015fkilat\u0131n\u0131n (KTMT) ba\u015f katibi Stanislav Zas \u0130r\u0259vanda ke\u00e7iril\u0259n g\u00f6r\u00fc\u015fd\u0259 Erm\u0259nistan-Az\u0259rbaycan s\u0259rh\u0259dinin demarkasiyas\u0131 v\u0259 delimitasiyas\u0131 prosesinin tezlikl\u0259 ba\u015flanmas\u0131n\u0131n t\u0259r\u0259fdar\u0131 oldu\u011funu bildiribl\u0259r. Bu bar\u0259d\u0259 \u00e7\u0259r\u015f\u0259nb\u0259 g\u00fcn\u00fc T\u0259hl\u00fck\u0259sizlik \u015euras\u0131n\u0131n ofisi m\u0259lumat yay\u0131b. \u201cDekabr\u0131n 22-d\u0259 Erm\u0259nistan T\u0259hl\u00fck\u0259sizlik \u015euras\u0131n\u0131n katibi Armen Qriqoryan KTMT-nin ba\u015f katibi Stanislav Zas il\u0259 g\u00f6r\u00fc\u015f\u00fcb. Armen Qriqoryan KTMT-nin ba\u015f katibin\u0259 Az\u0259rbaycanla s\u0259rh\u0259dd\u0259ki v\u0259ziyy\u0259ti t\u0259qdim edib. T\u0259r\u0259fl\u0259r raz\u0131la\u015f\u0131blar ki, Erm\u0259nistan-Az\u0259rbaycan s\u0259rh\u0259dind\u0259 demarkasiya v\u0259 delimitasiya \u00fczr\u0259 i\u015fl\u0259rin tezlikl\u0259 ba\u015flamas\u0131 \u00fc\u00e7\u00fcn \u015f\u0259rait yaratmaq laz\u0131md\u0131r\u201d, &#8211; dey\u0259 m\u0259lumatda bildirilir. M\u0259nb\u0259: TASS<\/p>\n","protected":false},"author":2,"featured_media":418221,"comment_status":"closed","ping_status":"closed","sticky":false,"template":"","format":"standard","meta":{"om_disable_all_campaigns":false,"_monsterinsights_skip_tracking":false,"_monsterinsights_sitenote_active":false,"_monsterinsights_sitenote_note":"","_monsterinsights_sitenote_category":0},"categories":[10],"tags":[],"aioseo_notices":[],"gutentor_comment":0,"rttpg_featured_image_url":{"full":["https:\/\/arantv.az\/wp-content\/uploads\/2021\/12\/1628502492433_139-1.jpg",620,413,false],"landscape":["https:\/\/arantv.az\/wp-content\/uploads\/2021\/12\/1628502492433_139-1.jpg",620,413,false],"portraits":["https:\/\/arantv.az\/wp-content\/uploads\/2021\/12\/1628502492433_139-1.jpg",620,413,false],"thumbnail":["https:\/\/arantv.az\/wp-content\/uploads\/2021\/12\/1628502492433_139-1-500x280.jpg",500,280,true],"medium":["https:\/\/arantv.az\/wp-content\/uploads\/2021\/12\/1628502492433_139-1-548x365.jpg",548,365,true],"large":["https:\/\/arantv.az\/wp-content\/uploads\/2021\/12\/1628502492433_139-1.jpg",620,413,false],"1536x1536":["https:\/\/arantv.az\/wp-content\/uploads\/2021\/12\/1628502492433_139-1.jpg",620,413,false],"2048x2048":["https:\/\/arantv.az\/wp-content\/uploads\/2021\/12\/1628502492433_139-1.jpg",620,413,false],"post-thumbnail":["https:\/\/arantv.az\/wp-content\/uploads\/2021\/12\/1628502492433_139-1-240x172.jpg",240,172,true],"advps-thumb-one":["https:\/\/arantv.az\/wp-content\/uploads\/2021\/12\/1628502492433_139-1.jpg",620,413,false]},"rttpg_author":{"display_name":"V\u00fcsal Rafiqo\u011flu","author_link":"https:\/\/arantv.az\/?author=2"},"rttpg_comment":0,"rttpg_category":"<a href=\"https:\/\/arantv.az\/?cat=10\" rel=\"category\">C\u0259bh\u0259d\u0259n X\u0259b\u0259r<\/a>","rttpg_excerpt":"Erm\u0259nistan T\u0259hl\u00fck\u0259sizlik \u015euras\u0131n\u0131n katibi Armen Qriqoryan v\u0259 Kollektiv T\u0259hl\u00fck\u0259sizlik M\u00fcqavil\u0259si T\u0259\u015fkilat\u0131n\u0131n (KTMT) ba\u015f katibi Stanislav Zas \u0130r\u0259vanda ke\u00e7iril\u0259n g\u00f6r\u00fc\u015fd\u0259 Erm\u0259nistan-Az\u0259rbaycan s\u0259rh\u0259dinin demarkasiyas\u0131 v\u0259 delimitasiyas\u0131 prosesinin tezlikl\u0259 ba\u015flanmas\u0131n\u0131n t\u0259r\u0259fdar\u0131 oldu\u011funu bildiribl\u0259r. Bu bar\u0259d\u0259 \u00e7\u0259r\u015f\u0259nb\u0259 g\u00fcn\u00fc T\u0259hl\u00fck\u0259sizlik \u015euras\u0131n\u0131n ofisi m\u0259lumat yay\u0131b. \u201cDekabr\u0131n 22-d\u0259 Erm\u0259nistan T\u0259hl\u00fck\u0259sizlik \u015euras\u0131n\u0131n katibi Armen Qriqoryan KTMT-nin ba\u015f katibi Stanislav Zas il\u0259 g\u00f6r\u00fc\u015f\u00fcb. Armen&hellip;","_links":{"self":[{"href":"https:\/\/arantv.az\/index.php?rest_route=\/wp\/v2\/posts\/418220"}],"collection":[{"href":"https:\/\/arantv.az\/index.php?rest_route=\/wp\/v2\/posts"}],"about":[{"href":"https:\/\/arantv.az\/index.php?rest_route=\/wp\/v2\/types\/post"}],"author":[{"embeddable":true,"href":"https:\/\/arantv.az\/index.php?rest_route=\/wp\/v2\/users\/2"}],"replies":[{"embeddable":true,"href":"https:\/\/arantv.az\/index.php?rest_route=%2Fwp%2Fv2%2Fcomments&post=418220"}],"version-history":[{"count":0,"href":"https:\/\/arantv.az\/index.php?rest_route=\/wp\/v2\/posts\/418220\/revisions"}],"wp:featuredmedia":[{"embeddable":true,"href":"https:\/\/arantv.az\/index.php?rest_route=\/wp\/v2\/media\/418221"}],"wp:attachment":[{"href":"https:\/\/arantv.az\/index.php?rest_route=%2Fwp%2Fv2%2Fmedia&parent=418220"}],"wp:term":[{"taxonomy":"category","embeddable":true,"href":"https:\/\/arantv.az\/index.php?rest_route=%2Fwp%2Fv2%2Fcategories&post=418220"},{"taxonomy":"post_tag","embeddable":true,"href":"https:\/\/arantv.az\/index.php?rest_route=%2Fwp%2Fv2%2Ftags&post=418220"}],"curies":[{"name":"wp","href":"https:\/\/api.w.org\/{rel}","templated":true}]}}