{"id":418223,"date":"2021-12-22T18:07:42","date_gmt":"2021-12-22T15:07:42","guid":{"rendered":"http:\/\/arantv.az\/?p=418223"},"modified":"2021-12-22T18:07:42","modified_gmt":"2021-12-22T15:07:42","slug":"ivo-yosipovic-prezident-ilham-%c9%99liyev-qlobal-siyasi-arenanin-muhum-s%c9%99xsiyy%c9%99tidir","status":"publish","type":"post","link":"https:\/\/arantv.az\/?p=418223","title":{"rendered":"\u0130vo Yosipovi\u00e7: \u201cPrezident \u0130lham \u018fliyev qlobal siyasi arenan\u0131n m\u00fch\u00fcm \u015f\u0259xsiyy\u0259tidir\u201d"},"content":{"rendered":"<p>\u201cAz\u0259rbaycanda, x\u00fcsusil\u0259 d\u0259 Bak\u0131da d\u0259f\u0259l\u0259rl\u0259 olmu\u015fam. Avropa \u015euras\u0131n\u0131n eksperti kimi Az\u0259rbaycana ilk s\u0259f\u0259rim t\u0259xmin\u0259n 2000-ci ild\u0259 olub. O vaxtdan b\u0259ri Az\u0259rbaycanda iqtisadiyyat\u0131n, m\u0259d\u0259niyy\u0259tin v\u0259 memarl\u0131\u011f\u0131n inki\u015faf\u0131 inan\u0131lmazd\u0131r. Memarl\u0131q v\u0259 m\u0259d\u0259niyy\u0259t sah\u0259l\u0259rind\u0259 yeni, \u00e7ox m\u00fcasir tendensiyalar\u0131n v\u0259 \u0259n\u0259n\u0259vi elementl\u0259rin birg\u0259 v\u0259hd\u0259ti valehedicidir. H\u0259m\u00e7inin Prezident \u0130lham \u018fliyevin r\u0259hb\u0259rliyi il\u0259 Az\u0259rbaycan\u0131n beyn\u0259lxalq h\u00fcququ nec\u0259 t\u0259tbiq etm\u0259si v\u0259 Qaraba\u011f torpaqlar\u0131n\u0131n yenid\u0259n inteqrasiyas\u0131 heyranedicidir.<\/p>\n<p>Builki Bak\u0131 Qlobal Forumunda Prezident \u018fliyevi dinl\u0259y\u0259rk\u0259n \u0259min oldum ki, Az\u0259rbaycan m\u00fcharib\u0259d\u0259 Q\u0259l\u0259b\u0259 qazand\u0131qdan sonra s\u00fclh quruculu\u011fu prosesind\u0259 d\u0259 qalib g\u0259lm\u0259k, etnik m\u0259nsubiyy\u0259tind\u0259n as\u0131l\u0131 olmayaraq b\u00fct\u00fcn v\u0259t\u0259nda\u015flar \u00fc\u00e7\u00fcn b\u0259rab\u0259r h\u00fcquqlar\u0131 v\u0259 firavanl\u0131\u011f\u0131 t\u0259min etm\u0259k \u00fc\u00e7\u00fcn kifay\u0259t q\u0259d\u0259r c\u0259sar\u0259t\u0259 malikdir. Bu g\u00fcn Az\u0259rbaycan m\u00fch\u00fcm, inki\u015faf ed\u0259n, dem\u0259k olar h\u0259r g\u00fcn d\u0259yi\u015f\u0259n, s\u00fcr\u0259tl\u0259r ir\u0259lil\u0259y\u0259n v\u0259 b\u00f6y\u00fck nailiyy\u0259tl\u0259r qazanan \u00f6lk\u0259dir\u201d.<\/p>\n<p>Bu fikirl\u0259ri AZ\u018fRTAC-a m\u00fcsahib\u0259sind\u0259 Xorvatiyan\u0131n 2010-2015-ci ill\u0259rd\u0259 sabiq Prezidenti \u0130vo Yosipovi\u00e7 s\u00f6yl\u0259yib.<\/p>\n<p>D\u00f6vl\u0259timizin ba\u015f\u00e7\u0131s\u0131 \u0130lham \u018fliyevin 60 illik yubileyi m\u00fcnasib\u0259til\u0259 t\u0259brikl\u0259rini \u00e7atd\u0131ran sabiq Prezident deyib. \u201cXorvatiyan\u0131n sabiq Prezidenti kimi m\u0259nim Prezident \u0130lham \u018fliyevl\u0259 ikit\u0259r\u0259fli v\u0259 \u00e7oxt\u0259r\u0259fli \u0259sasda g\u00f6r\u00fc\u015fm\u0259k imkanlar\u0131m olub. Bu g\u00fcn \u00f6lk\u0259l\u0259rimizin iqtisadiyyat, m\u0259d\u0259niyy\u0259t v\u0259 dig\u0259r sah\u0259l\u0259rd\u0259 \u0259m\u0259kda\u015fl\u0131\u011f\u0131 getdikc\u0259 geni\u015fl\u0259nir.<\/p>\n<p>Prezidentlik f\u0259aliyy\u0259timd\u0259n sonra Az\u0259rbaycan m\u0259d\u0259niyy\u0259tini, x\u00fcsusil\u0259 dahi \u015fair Nizami G\u0259nc\u0259vinin yarad\u0131c\u0131l\u0131\u011f\u0131n\u0131 t\u0259bli\u011f ed\u0259n \u00e7ox u\u011furlu t\u0259\u015fkilat olan Nizami G\u0259nc\u0259vi Beyn\u0259lxalq M\u0259rk\u0259zinin (NG\u0130C) \u0130dar\u0259 Hey\u0259tinin \u00fczv\u00fc kimi Prezident \u0130lham \u018fliyevl\u0259 g\u00f6r\u00fc\u015fm\u00fc\u015f\u0259m. Nizami G\u0259nc\u0259vi Beyn\u0259lxalq M\u0259rk\u0259zi, h\u0259m\u00e7inin beyn\u0259lxalq dialoqu v\u0259 s\u00fclh\u00fc t\u0259\u015fviq edir. Az\u0259rbaycan Prezidenti M\u0259rk\u0259zin f\u0259aliyy\u0259tin\u0259 g\u00fccl\u00fc d\u0259st\u0259k verir. Prezident \u0130lham \u018fliyev qlobal siyasi arenan\u0131n m\u00fch\u00fcm \u015f\u0259xsiyy\u0259ti v\u0259 g\u00fccl\u00fc milli liderdir\u201d.<\/p>\n","protected":false},"excerpt":{"rendered":"<p>\u201cAz\u0259rbaycanda, x\u00fcsusil\u0259 d\u0259 Bak\u0131da d\u0259f\u0259l\u0259rl\u0259 olmu\u015fam. Avropa \u015euras\u0131n\u0131n eksperti kimi Az\u0259rbaycana ilk s\u0259f\u0259rim t\u0259xmin\u0259n 2000-ci ild\u0259 olub. O vaxtdan b\u0259ri Az\u0259rbaycanda iqtisadiyyat\u0131n, m\u0259d\u0259niyy\u0259tin v\u0259 memarl\u0131\u011f\u0131n inki\u015faf\u0131 inan\u0131lmazd\u0131r. Memarl\u0131q v\u0259 m\u0259d\u0259niyy\u0259t sah\u0259l\u0259rind\u0259 yeni, \u00e7ox m\u00fcasir tendensiyalar\u0131n v\u0259 \u0259n\u0259n\u0259vi elementl\u0259rin birg\u0259 v\u0259hd\u0259ti valehedicidir. H\u0259m\u00e7inin Prezident \u0130lham \u018fliyevin r\u0259hb\u0259rliyi il\u0259 Az\u0259rbaycan\u0131n beyn\u0259lxalq h\u00fcququ nec\u0259 t\u0259tbiq etm\u0259si v\u0259 Qaraba\u011f torpaqlar\u0131n\u0131n yenid\u0259n inteqrasiyas\u0131 heyranedicidir. Builki Bak\u0131 Qlobal Forumunda Prezident \u018fliyevi dinl\u0259y\u0259rk\u0259n \u0259min oldum ki, Az\u0259rbaycan m\u00fcharib\u0259d\u0259 Q\u0259l\u0259b\u0259 qazand\u0131qdan sonra s\u00fclh quruculu\u011fu prosesind\u0259 d\u0259 qalib g\u0259lm\u0259k, etnik m\u0259nsubiyy\u0259tind\u0259n as\u0131l\u0131 olmayaraq b\u00fct\u00fcn v\u0259t\u0259nda\u015flar \u00fc\u00e7\u00fcn b\u0259rab\u0259r h\u00fcquqlar\u0131 v\u0259&hellip;<\/p>\n","protected":false},"author":2,"featured_media":418224,"comment_status":"closed","ping_status":"closed","sticky":false,"template":"","format":"standard","meta":{"om_disable_all_campaigns":false,"_monsterinsights_skip_tracking":false,"_monsterinsights_sitenote_active":false,"_monsterinsights_sitenote_note":"","_monsterinsights_sitenote_category":0},"categories":[4],"tags":[],"aioseo_notices":[],"gutentor_comment":0,"rttpg_featured_image_url":{"full":["https:\/\/arantv.az\/wp-content\/uploads\/2021\/12\/FotoJet-2021-12-22T180335.118.jpg",620,413,false],"landscape":["https:\/\/arantv.az\/wp-content\/uploads\/2021\/12\/FotoJet-2021-12-22T180335.118.jpg",620,413,false],"portraits":["https:\/\/arantv.az\/wp-content\/uploads\/2021\/12\/FotoJet-2021-12-22T180335.118.jpg",620,413,false],"thumbnail":["https:\/\/arantv.az\/wp-content\/uploads\/2021\/12\/FotoJet-2021-12-22T180335.118-500x280.jpg",500,280,true],"medium":["https:\/\/arantv.az\/wp-content\/uploads\/2021\/12\/FotoJet-2021-12-22T180335.118-548x365.jpg",548,365,true],"large":["https:\/\/arantv.az\/wp-content\/uploads\/2021\/12\/FotoJet-2021-12-22T180335.118.jpg",620,413,false],"1536x1536":["https:\/\/arantv.az\/wp-content\/uploads\/2021\/12\/FotoJet-2021-12-22T180335.118.jpg",620,413,false],"2048x2048":["https:\/\/arantv.az\/wp-content\/uploads\/2021\/12\/FotoJet-2021-12-22T180335.118.jpg",620,413,false],"post-thumbnail":["https:\/\/arantv.az\/wp-content\/uploads\/2021\/12\/FotoJet-2021-12-22T180335.118-240x172.jpg",240,172,true],"advps-thumb-one":["https:\/\/arantv.az\/wp-content\/uploads\/2021\/12\/FotoJet-2021-12-22T180335.118.jpg",620,413,false]},"rttpg_author":{"display_name":"V\u00fcsal Rafiqo\u011flu","author_link":"https:\/\/arantv.az\/?author=2"},"rttpg_comment":0,"rttpg_category":"<a href=\"https:\/\/arantv.az\/?cat=4\" rel=\"category\">Siyas\u0259t<\/a>","rttpg_excerpt":"\u201cAz\u0259rbaycanda, x\u00fcsusil\u0259 d\u0259 Bak\u0131da d\u0259f\u0259l\u0259rl\u0259 olmu\u015fam. Avropa \u015euras\u0131n\u0131n eksperti kimi Az\u0259rbaycana ilk s\u0259f\u0259rim t\u0259xmin\u0259n 2000-ci ild\u0259 olub. O vaxtdan b\u0259ri Az\u0259rbaycanda iqtisadiyyat\u0131n, m\u0259d\u0259niyy\u0259tin v\u0259 memarl\u0131\u011f\u0131n inki\u015faf\u0131 inan\u0131lmazd\u0131r. Memarl\u0131q v\u0259 m\u0259d\u0259niyy\u0259t sah\u0259l\u0259rind\u0259 yeni, \u00e7ox m\u00fcasir tendensiyalar\u0131n v\u0259 \u0259n\u0259n\u0259vi elementl\u0259rin birg\u0259 v\u0259hd\u0259ti valehedicidir. H\u0259m\u00e7inin Prezident \u0130lham \u018fliyevin r\u0259hb\u0259rliyi il\u0259 Az\u0259rbaycan\u0131n beyn\u0259lxalq h\u00fcququ nec\u0259 t\u0259tbiq etm\u0259si v\u0259 Qaraba\u011f&hellip;","_links":{"self":[{"href":"https:\/\/arantv.az\/index.php?rest_route=\/wp\/v2\/posts\/418223"}],"collection":[{"href":"https:\/\/arantv.az\/index.php?rest_route=\/wp\/v2\/posts"}],"about":[{"href":"https:\/\/arantv.az\/index.php?rest_route=\/wp\/v2\/types\/post"}],"author":[{"embeddable":true,"href":"https:\/\/arantv.az\/index.php?rest_route=\/wp\/v2\/users\/2"}],"replies":[{"embeddable":true,"href":"https:\/\/arantv.az\/index.php?rest_route=%2Fwp%2Fv2%2Fcomments&post=418223"}],"version-history":[{"count":0,"href":"https:\/\/arantv.az\/index.php?rest_route=\/wp\/v2\/posts\/418223\/revisions"}],"wp:featuredmedia":[{"embeddable":true,"href":"https:\/\/arantv.az\/index.php?rest_route=\/wp\/v2\/media\/418224"}],"wp:attachment":[{"href":"https:\/\/arantv.az\/index.php?rest_route=%2Fwp%2Fv2%2Fmedia&parent=418223"}],"wp:term":[{"taxonomy":"category","embeddable":true,"href":"https:\/\/arantv.az\/index.php?rest_route=%2Fwp%2Fv2%2Fcategories&post=418223"},{"taxonomy":"post_tag","embeddable":true,"href":"https:\/\/arantv.az\/index.php?rest_route=%2Fwp%2Fv2%2Ftags&post=418223"}],"curies":[{"name":"wp","href":"https:\/\/api.w.org\/{rel}","templated":true}]}}