{"id":419593,"date":"2021-12-25T19:27:03","date_gmt":"2021-12-25T16:27:03","guid":{"rendered":"http:\/\/arantv.az\/?p=419593"},"modified":"2021-12-25T19:27:03","modified_gmt":"2021-12-25T16:27:03","slug":"az%c9%99rbaycan-icmasi-fransali-siyas%c9%99tcil%c9%99rin-m%c9%99suliyy%c9%99tsiz-addimina-etiraz-edibl%c9%99r","status":"publish","type":"post","link":"https:\/\/arantv.az\/?p=419593","title":{"rendered":"Az\u0259rbaycan icmas\u0131 fransal\u0131 siyas\u0259t\u00e7il\u0259rin m\u0259suliyy\u0259tsiz add\u0131m\u0131na etiraz edibl\u0259r"},"content":{"rendered":"<p>Fransada ya\u015fayan Az\u0259rbaycan icmas\u0131 Fransa prezidentliyin\u0259 namiz\u0259d Valeri Pekrezin fransal\u0131 deputatlar Bruno Riteiro v\u0259 Mi\u015fel Barnye il\u0259 birlikd\u0259 Az\u0259rbaycan\u0131n Qaraba\u011f b\u00f6lg\u0259sin\u0259 qanunsuz s\u0259f\u0259rin\u0259 s\u0259rt etiraz\u0131n\u0131 bildirib.<\/p>\n<p>Diaspora Komit\u0259sind\u0259n veril\u0259n m\u0259lumata g\u00f6r\u0259, Fransa Az\u0259rbaycanl\u0131lar\u0131 Koordinasiya \u015euras\u0131n\u0131n (FAK\u015e) yayd\u0131\u011f\u0131 b\u0259yanatda bildirilib ki, Az\u0259rbaycan icmas\u0131 olaraq prezidentliy\u0259 namiz\u0259d Valeri Pekrezin, senator Bruno Riteiro v\u0259 Avropa Parlamentinin ke\u00e7mi\u015f deputat\u0131 Mi\u015fel Barnyenin Az\u0259rbaycan Respublikas\u0131n\u0131n Qaraba\u011f b\u00f6lg\u0259sin\u0259 qanunsuz s\u0259f\u0259rini v\u0259 beyn\u0259lxalq ictimaiyy\u0259t t\u0259r\u0259find\u0259n tan\u0131nmayan separat\u00e7\u0131 rejimin liderl\u0259ri il\u0259 g\u00f6r\u00fc\u015f\u00fcn\u00fc q\u0259tiyy\u0259tl\u0259 pisl\u0259yirl\u0259r: \u201cBu m\u0259suliyy\u0259tsiz siyasi add\u0131m Qafqaz regionunda m\u00f6hk\u0259m s\u00fclh\u0259 nail olma\u011fa \u00e7al\u0131\u015fan Az\u0259rbaycan v\u0259 Erm\u0259nistan d\u00f6vl\u0259t ba\u015f\u00e7\u0131lar\u0131n\u0131n son yax\u0131nla\u015fmas\u0131 kontekstind\u0259 x\u00fcsusil\u0259 da\u011f\u0131d\u0131c\u0131 v\u0259 t\u0259hl\u00fck\u0259lidir\u201d.<\/p>\n<p>Soyda\u015flar\u0131m\u0131z xan\u0131m Pekrez\u0259 xat\u0131rlad\u0131blar ki, Fransan\u0131n prezidenti se\u00e7il\u0259c\u0259yi t\u0259qdird\u0259, bu s\u0259f\u0259r onu s\u00fclh prosesinin g\u0259l\u0259c\u0259k i\u015ftirak\u00e7\u0131s\u0131 kimi n\u00fcfuzdan salacaq v\u0259 Fransan\u0131 ist\u0259nil\u0259n beyn\u0259lxalq dan\u0131\u015f\u0131qlardan k\u0259narla\u015fd\u0131racaq.<\/p>\n<p>N\u0259z\u0259r\u0259 \u00e7atd\u0131r\u0131l\u0131b ki, Fransa Prezidenti Emmanuel Makron bu yax\u0131nlarda Az\u0259rbaycan Prezidentinin Erm\u0259nistan\u0131n Ba\u015f naziri il\u0259 g\u00f6r\u00fc\u015f\u00fcn\u0259 \u00f6z t\u00f6hf\u0259sini verib. \u201cBeyn\u0259lxalq m\u00fcnaqi\u015f\u0259l\u0259rd\u0259 Fransan\u0131n vasit\u0259\u00e7ilik \u0259n\u0259n\u0259l\u0259rin\u0259 sadiq qalan, se\u00e7ki maraqlar\u0131n\u0131n toqqu\u015fmas\u0131n\u0131n h\u0259r hans\u0131 instrumentalla\u015fd\u0131r\u0131lmas\u0131ndan imtina ed\u0259n frans\u0131zlar onun h\u00f6rm\u0259tli v\u0259 m\u0259suliyy\u0259tli yana\u015fmas\u0131n\u0131 yaln\u0131z alq\u0131\u015flaya bil\u0259r\u201d, &#8211; dey\u0259 FAK\u015e \u00fczvl\u0259ri vur\u011fulay\u0131blar.<\/p>\n","protected":false},"excerpt":{"rendered":"<p>Fransada ya\u015fayan Az\u0259rbaycan icmas\u0131 Fransa prezidentliyin\u0259 namiz\u0259d Valeri Pekrezin fransal\u0131 deputatlar Bruno Riteiro v\u0259 Mi\u015fel Barnye il\u0259 birlikd\u0259 Az\u0259rbaycan\u0131n Qaraba\u011f b\u00f6lg\u0259sin\u0259 qanunsuz s\u0259f\u0259rin\u0259 s\u0259rt etiraz\u0131n\u0131 bildirib. Diaspora Komit\u0259sind\u0259n veril\u0259n m\u0259lumata g\u00f6r\u0259, Fransa Az\u0259rbaycanl\u0131lar\u0131 Koordinasiya \u015euras\u0131n\u0131n (FAK\u015e) yayd\u0131\u011f\u0131 b\u0259yanatda bildirilib ki, Az\u0259rbaycan icmas\u0131 olaraq prezidentliy\u0259 namiz\u0259d Valeri Pekrezin, senator Bruno Riteiro v\u0259 Avropa Parlamentinin ke\u00e7mi\u015f deputat\u0131 Mi\u015fel Barnyenin Az\u0259rbaycan Respublikas\u0131n\u0131n Qaraba\u011f b\u00f6lg\u0259sin\u0259 qanunsuz s\u0259f\u0259rini v\u0259 beyn\u0259lxalq ictimaiyy\u0259t t\u0259r\u0259find\u0259n tan\u0131nmayan separat\u00e7\u0131 rejimin liderl\u0259ri il\u0259 g\u00f6r\u00fc\u015f\u00fcn\u00fc q\u0259tiyy\u0259tl\u0259 pisl\u0259yirl\u0259r: \u201cBu m\u0259suliyy\u0259tsiz siyasi add\u0131m Qafqaz regionunda m\u00f6hk\u0259m s\u00fclh\u0259 nail olma\u011fa \u00e7al\u0131\u015fan Az\u0259rbaycan v\u0259 Erm\u0259nistan d\u00f6vl\u0259t&hellip;<\/p>\n","protected":false},"author":2,"featured_media":419594,"comment_status":"closed","ping_status":"closed","sticky":false,"template":"","format":"standard","meta":{"om_disable_all_campaigns":false,"_monsterinsights_skip_tracking":false,"_monsterinsights_sitenote_active":false,"_monsterinsights_sitenote_note":"","_monsterinsights_sitenote_category":0},"categories":[4],"tags":[],"aioseo_notices":[],"gutentor_comment":0,"rttpg_featured_image_url":{"full":["https:\/\/arantv.az\/wp-content\/uploads\/2021\/12\/FotoJet-38-3.jpg",620,413,false],"landscape":["https:\/\/arantv.az\/wp-content\/uploads\/2021\/12\/FotoJet-38-3.jpg",620,413,false],"portraits":["https:\/\/arantv.az\/wp-content\/uploads\/2021\/12\/FotoJet-38-3.jpg",620,413,false],"thumbnail":["https:\/\/arantv.az\/wp-content\/uploads\/2021\/12\/FotoJet-38-3-500x280.jpg",500,280,true],"medium":["https:\/\/arantv.az\/wp-content\/uploads\/2021\/12\/FotoJet-38-3-548x365.jpg",548,365,true],"large":["https:\/\/arantv.az\/wp-content\/uploads\/2021\/12\/FotoJet-38-3.jpg",620,413,false],"1536x1536":["https:\/\/arantv.az\/wp-content\/uploads\/2021\/12\/FotoJet-38-3.jpg",620,413,false],"2048x2048":["https:\/\/arantv.az\/wp-content\/uploads\/2021\/12\/FotoJet-38-3.jpg",620,413,false],"post-thumbnail":["https:\/\/arantv.az\/wp-content\/uploads\/2021\/12\/FotoJet-38-3-240x172.jpg",240,172,true],"advps-thumb-one":["https:\/\/arantv.az\/wp-content\/uploads\/2021\/12\/FotoJet-38-3.jpg",620,413,false]},"rttpg_author":{"display_name":"V\u00fcsal Rafiqo\u011flu","author_link":"https:\/\/arantv.az\/?author=2"},"rttpg_comment":0,"rttpg_category":"<a href=\"https:\/\/arantv.az\/?cat=4\" rel=\"category\">Siyas\u0259t<\/a>","rttpg_excerpt":"Fransada ya\u015fayan Az\u0259rbaycan icmas\u0131 Fransa prezidentliyin\u0259 namiz\u0259d Valeri Pekrezin fransal\u0131 deputatlar Bruno Riteiro v\u0259 Mi\u015fel Barnye il\u0259 birlikd\u0259 Az\u0259rbaycan\u0131n Qaraba\u011f b\u00f6lg\u0259sin\u0259 qanunsuz s\u0259f\u0259rin\u0259 s\u0259rt etiraz\u0131n\u0131 bildirib. Diaspora Komit\u0259sind\u0259n veril\u0259n m\u0259lumata g\u00f6r\u0259, Fransa Az\u0259rbaycanl\u0131lar\u0131 Koordinasiya \u015euras\u0131n\u0131n (FAK\u015e) yayd\u0131\u011f\u0131 b\u0259yanatda bildirilib ki, Az\u0259rbaycan icmas\u0131 olaraq prezidentliy\u0259 namiz\u0259d Valeri Pekrezin, senator Bruno Riteiro v\u0259 Avropa Parlamentinin ke\u00e7mi\u015f deputat\u0131&hellip;","_links":{"self":[{"href":"https:\/\/arantv.az\/index.php?rest_route=\/wp\/v2\/posts\/419593"}],"collection":[{"href":"https:\/\/arantv.az\/index.php?rest_route=\/wp\/v2\/posts"}],"about":[{"href":"https:\/\/arantv.az\/index.php?rest_route=\/wp\/v2\/types\/post"}],"author":[{"embeddable":true,"href":"https:\/\/arantv.az\/index.php?rest_route=\/wp\/v2\/users\/2"}],"replies":[{"embeddable":true,"href":"https:\/\/arantv.az\/index.php?rest_route=%2Fwp%2Fv2%2Fcomments&post=419593"}],"version-history":[{"count":0,"href":"https:\/\/arantv.az\/index.php?rest_route=\/wp\/v2\/posts\/419593\/revisions"}],"wp:featuredmedia":[{"embeddable":true,"href":"https:\/\/arantv.az\/index.php?rest_route=\/wp\/v2\/media\/419594"}],"wp:attachment":[{"href":"https:\/\/arantv.az\/index.php?rest_route=%2Fwp%2Fv2%2Fmedia&parent=419593"}],"wp:term":[{"taxonomy":"category","embeddable":true,"href":"https:\/\/arantv.az\/index.php?rest_route=%2Fwp%2Fv2%2Fcategories&post=419593"},{"taxonomy":"post_tag","embeddable":true,"href":"https:\/\/arantv.az\/index.php?rest_route=%2Fwp%2Fv2%2Ftags&post=419593"}],"curies":[{"name":"wp","href":"https:\/\/api.w.org\/{rel}","templated":true}]}}