{"id":419603,"date":"2021-12-25T19:30:26","date_gmt":"2021-12-25T16:30:26","guid":{"rendered":"http:\/\/arantv.az\/?p=419603"},"modified":"2021-12-25T19:30:26","modified_gmt":"2021-12-25T16:30:26","slug":"erm%c9%99nistan-yen%c9%99-d%c9%99-oyundank%c9%99nar-v%c9%99ziyy%c9%99td%c9%99-s%c9%99rh","status":"publish","type":"post","link":"https:\/\/arantv.az\/?p=419603","title":{"rendered":"Erm\u0259nistan yen\u0259 d\u0259 oyundank\u0259nar v\u0259ziyy\u0259td\u0259 &#8211; \u015e\u018fRH"},"content":{"rendered":"<p>Fars k\u00f6rf\u0259zi il\u0259 Qara d\u0259niz aras\u0131nda formala\u015fd\u0131r\u0131lan yeni n\u0259qliyyat d\u0259hlizi \u0130ran, Az\u0259rbaycan, G\u00fcrc\u00fcstan \u00fcz\u0259rind\u0259n realla\u015fd\u0131r\u0131lacaq. \u018fvv\u0259ll\u0259r is\u0259 bu layih\u0259nin \u0130ran, Erm\u0259nistan v\u0259 G\u00fcrc\u00fcstan \u00fcz\u0259rind\u0259n h\u0259yata ke\u00e7irilm\u0259si planla\u015fd\u0131r\u0131l\u0131rd\u0131.<\/p>\n<p>Az\u0259rbaycan\u0131n t\u0259\u015f\u0259bb\u00fcs\u00fc il\u0259 C\u0259nubi Qafqaz b\u00f6lg\u0259sind\u0259 h\u0259yata ke\u00e7iril\u0259n layih\u0259l\u0259r h\u0259r zaman diqq\u0259t m\u0259rk\u0259zind\u0259 olub. \u00d6lk\u0259miz \u015f\u0259rql\u0259 q\u0259rbi birl\u0259\u015fdir\u0259n kommunikasiyalar\u0131n k\u0259si\u015fm\u0259sind\u0259ki m\u00f6vqeyind\u0259n u\u011furla istifad\u0259 edir. Uzun m\u00fcdd\u0259tdir m\u00fczakir\u0259 edil\u0259n \u015eimal-C\u0259nub n\u0259qliyyat d\u0259hlizi bel\u0259 layih\u0259l\u0259rd\u0259ndir. Art\u0131q Az\u0259rbaycan\u0131n ad\u0131 bu layih\u0259d\u0259 \u0259ksini tap\u0131b. Bel\u0259 ki, \u0130ran\u0131n Az\u0259rbaycandak\u0131 s\u0259firi Seyid Abbas Mus\u0259vi \u00f6z\u00fcn\u00fcn Tvitter s\u0259hif\u0259sind\u0259 yaz\u0131b ki, \u0130ran, Az\u0259rbaycan, G\u00fcrc\u00fcstan, Qara d\u0259niz v\u0259 Avropa yeni d\u0259hlizi aktivl\u0259\u015f\u0259c\u0259k. Onun s\u00f6zl\u0259rin\u0259 g\u00f6r\u0259, bu d\u0259hliz Pakistan, \u0130ran, T\u00fcrkiy\u0259 aras\u0131nda v\u0259 \u015eimal-C\u0259nub D\u0259hlizinin (Finlandiya, Rusiya, Az\u0259rbaycan, \u0130ran, Fars k\u00f6rf\u0259zi v\u0259 Hindistan) s\u0131naq \u015f\u0259klind\u0259 istifad\u0259y\u0259 verilm\u0259sind\u0259n sonra aktivl\u0259\u015f\u0259c\u0259k.<\/p>\n<p>Xat\u0131rladaq ki, \u0130ran, Az\u0259rbaycan v\u0259 G\u00fcrc\u00fcstan \u0259razisind\u0259n ke\u00e7m\u0259kl\u0259 Fars k\u00f6rf\u0259zi \u2013 Qara d\u0259niz mar\u015frutunun yarad\u0131lmas\u0131 g\u00fcnd\u0259md\u0259dir. Bu mar\u015frut \u00e7\u0259r\u00e7iv\u0259sind\u0259 \u0130ran\u0131n \u015e\u0259rqi Az\u0259rbaycan vilay\u0259tinin T\u0259briz \u015f\u0259h\u0259rind\u0259n \u00fc\u00e7 \u00f6lk\u0259nin 144 y\u00fck ma\u015f\u0131n\u0131 il\u0259 y\u00fckda\u015f\u0131ma ba\u015flanacaq. \u018fvv\u0259ll\u0259r is\u0259 bu layih\u0259nin \u0130ran, Erm\u0259nistan v\u0259 G\u00fcrc\u00fcstan \u00fcz\u0259rind\u0259n realla\u015fd\u0131r\u0131lmas\u0131 planla\u015fd\u0131r\u0131l\u0131rd\u0131. Lakin indi Erm\u0259nistan prosesd\u0259n k\u0259narda saxlan\u0131lmaqla layih\u0259 \u0130ran, Az\u0259rbaycan, G\u00fcrc\u00fcstan \u00fcz\u0259rind\u0259n realla\u015fd\u0131r\u0131l\u0131r. Bel\u0259likl\u0259, Erm\u0259nistan yen\u0259 d\u0259 oyundank\u0259nar v\u0259ziyy\u0259t\u0259 sal\u0131n\u0131r.<\/p>\n<p>Milli M\u0259clisin deputat\u0131 V\u00fcqar Bayraml\u0131 v\u0259 onun h\u0259mkar\u0131 Demokratik \u0130slahatlar Partiyas\u0131n\u0131n s\u0259dri, Asim Mollazad\u0259\u00a0<a href=\"https:\/\/kaspi.az\/az\/ermenistan-yene-de-oyundankenar-veziyyetde-serh?fbclid=IwAR0dVFpxpfLo2a2fwtbdOAwtxozxh-ERrde2gHV64uGeaWmUXaEu21-Bj0U\" target=\"_blank\" rel=\"noopener\"><strong>\u201cKaspi\u201d\u00a0<\/strong><\/a>q\u0259zetin\u0259 a\u00e7\u0131qlamas\u0131nda \u00a0C\u0259nubi Qafqaz b\u00f6lg\u0259sind\u0259 h\u0259yata ke\u00e7iril\u0259n n\u0259h\u0259ng layih\u0259l\u0259r\u0259 dair fikirl\u0259rini bol\u00fc\u015f\u00fcbl\u0259r.<\/p>\n<p><img src=\"https:\/\/cdn.oxu.az\/uploads\/W1siZiIsIjIwMjEvMTIvMjUvMTgvNDUvMjEvMGU4MTg2NDItMDI5ZC00NGQ1LTg3NjctM2ZiYTE5YjcyYzk5LzE2NDAzNTI1NzlfdnVxYXItYmF5cmFtbGktZGVwdXRhdC5qcGciXSxbInAiLCJlbmNvZGUiLCJqcGciLCItcXVhbGl0eSA4MCJdLFsicCIsInRodW1iIiwiNTkweDU5MFx1MDAzZSJdXQ?sha=75f27ad207e1d10a\" alt=\"\" \/><\/p>\n<p><strong>\u201cRegionun potensial\u0131 kifay\u0259t q\u0259d\u0259r b\u00f6y\u00fckd\u00fcr\u201d<\/strong><\/p>\n<p>M\u00f6vzu il\u0259 ba\u011fl\u0131 &#8220;Kaspi\u201d q\u0259zetin\u0259 a\u00e7\u0131qlamas\u0131nda Milli M\u0259clisin deputat\u0131 V\u00fcqar Bayraml\u0131bildirdi ki, regionun beyn\u0259lxalq y\u00fckda\u015f\u0131malar bax\u0131m\u0131ndan potensial\u0131 kifay\u0259t q\u0259d\u0259r b\u00f6y\u00fckd\u00fcr: \u201cX\u00fcsusil\u0259 n\u0259z\u0259r\u0259 alsaq ki, Az\u0259rbaycan v\u0259 \u0130ran \u015eimal-C\u0259nub n\u0259qliyyat d\u0259hlizind\u0259 i\u015ftirak ed\u0259n d\u00f6vl\u0259tl\u0259rdir. Az\u0259rbaycan v\u0259 G\u00fcrc\u00fcstan aras\u0131nda n\u0259qliyyat sah\u0259sind\u0259 f\u0259rqli istiqam\u0259td\u0259 \u0259m\u0259kda\u015fl\u0131qlar var. El\u0259c\u0259 d\u0259 Bak\u0131-Tbilisi-Qars d\u0259miryolu x\u0259ttini d\u0259 qeyd etm\u0259k olar. O c\u00fcml\u0259d\u0259n \u015e\u0259rq-Q\u0259rb beyn\u0259lxalq n\u0259qliyyat d\u0259hlizi istiqam\u0259tind\u0259 d\u0259 \u0259m\u0259kda\u015fl\u0131q m\u00fc\u015fahid\u0259 olunur. \u00dc\u00e7 \u00f6lk\u0259ni birl\u0259\u015fdir\u0259n yeni n\u0259qliyyat d\u0259hlizinin istiqam\u0259tinin formala\u015fmas\u0131 da ondan x\u0259b\u0259r verir ki, region m\u00f6vcud beyn\u0259lxalq y\u00fckda\u015f\u0131malar\u0131 \u00fczr\u0259 potensiallardan daha f\u0259al \u015f\u0259kild\u0259 istifad\u0259 etm\u0259k niyy\u0259tind\u0259dir\u201d.<\/p>\n<p><strong>\u201cG\u00fcrc\u00fcstan, \u0130ran v\u0259 Az\u0259rbaycan\u0131n \u0259m\u0259kda\u015fl\u0131\u011f\u0131\u2026\u201d<\/strong><\/p>\n<p>Deputat\u0131n s\u00f6zl\u0259rin\u0259 g\u00f6r\u0259, Fars k\u00f6rf\u0259zi il\u0259 Qara d\u0259niz aras\u0131nda yeni n\u0259qliyyat \u0259laq\u0259l\u0259rinin formala\u015fmas\u0131 region \u00fcz\u0259rind\u0259n da\u015f\u0131nan beyn\u0259lxalq y\u00fckl\u0259rin h\u0259cmin\u0259 birba\u015fa t\u0259sir g\u00f6st\u0259r\u0259c\u0259k: \u201cOnu vur\u011fulay\u0131m ki, G\u00fcrc\u00fcstan h\u0259l\u0259lik 3+3 s\u00fclh platformas\u0131nda i\u015ftirak\u0131n\u0131 t\u0259sdiq etm\u0259yib. R\u0259smi m\u0259lumatlarda da G\u00fcrc\u00fcstan bel\u0259 \u0259m\u0259kda\u015fl\u0131qda maraql\u0131 olmad\u0131\u011f\u0131n\u0131 bildirir. Amma bununla bel\u0259, G\u00fcrc\u00fcstan regionda dig\u0259r formatda \u0259m\u0259kda\u015fl\u0131\u011fa maraql\u0131 olan \u00f6lk\u0259dir. Az\u0259rbaycanla G\u00fcrc\u00fcstan aras\u0131nda bel\u0259 \u0259m\u0259kda\u015fl\u0131q format\u0131 uzun m\u00fcdd\u0259tdir var. S\u00f6zs\u00fcz ki, G\u00fcrc\u00fcstan, \u0130ran v\u0259 Az\u0259rbaycan\u0131n n\u0259qliyyat sah\u0259sind\u0259 \u0259m\u0259kda\u015fl\u0131\u011f\u0131 alt\u0131l\u0131q platformas\u0131na alternativ kimi qiym\u0259tl\u0259ndirilm\u0259m\u0259lidir. Bu, sad\u0259c\u0259, regionda h\u0259yata ke\u00e7iril\u0259n v\u0259 \u0259vv\u0259lki d\u00f6vrl\u0259rd\u0259 d\u0259 m\u00fc\u015fahid\u0259 edil\u0259n \u0259m\u0259kda\u015fl\u0131q n\u00fcmun\u0259l\u0259rind\u0259n biridir\u201d.<\/p>\n<p>V.Bayraml\u0131 vur\u011fulad\u0131 ki, layih\u0259nin h\u0259l\u0259lik x\u00fcsusi platforma \u00e7\u0259r\u00e7iv\u0259sind\u0259 realla\u015fd\u0131r\u0131l\u0131b-realla\u015fd\u0131r\u0131lmayaca\u011f\u0131 b\u0259lli deyil: \u201c\u00c7\u00fcnki burada \u00fc\u00e7 d\u00f6vl\u0259t \u0259m\u0259kda\u015fl\u0131q edir. \u00dcmumiyy\u0259tl\u0259, G\u00fcrc\u00fcstan\u0131n m\u00f6vqeyi ondan ibar\u0259tdir ki, region \u00f6lk\u0259l\u0259ri il\u0259 \u0259m\u0259kda\u015fl\u0131\u011f\u0131 davam etdir\u0259c\u0259yik, ancaq h\u0259l\u0259lik t\u0259klif edil\u0259n &#8220;alt\u0131l\u0131q\u201d platformas\u0131na m\u00fcsb\u0259t yana\u015fm\u0131r\u0131q. Ona g\u00f6r\u0259 d\u0259 bu istiqam\u0259td\u0259 m\u00fczakir\u0259l\u0259r \u00fc\u00e7t\u0259r\u0259fli \u015f\u0259kild\u0259 apar\u0131l\u0131r. \u00d6nc\u0259d\u0259n m\u0259lumat verilmi\u015fdi v\u0259 bununla ba\u011fl\u0131 m\u00fczakir\u0259l\u0259r gedirdi\u201d.<\/p>\n<p><img src=\"https:\/\/cdn.oxu.az\/uploads\/W1siZiIsIjIwMjEvMTIvMjUvMTgvNDUvMjYvZjJjNjEwODctZjExOC00YTYzLWI3ZWYtMzFhYWMzMTIyYTJiLzE2NDAzNTI1NTRfYXNpbS1tb2xsYXphZGUtZGVwdXRhdC5qcGciXSxbInAiLCJlbmNvZGUiLCJqcGciLCItcXVhbGl0eSA4MCJdLFsicCIsInRodW1iIiwiNTkweDU5MFx1MDAzZSJdXQ?sha=4a9614935b1dc3ee\" alt=\"\" \/><\/p>\n<p><strong>Z\u0259ng\u0259zur d\u0259hlizi a\u00e7\u0131landan sonra&#8230;<\/strong><\/p>\n<p>Demokratik \u0130slahatlar Partiyas\u0131n\u0131n s\u0259dri, mill\u0259t v\u0259kili Asim Mollazad\u0259 bildirdi ki, \u015eimal-C\u0259nub d\u0259hlizind\u0259 he\u00e7 bir d\u0259yi\u015fiklik g\u00f6st\u0259rilmir: \u201cD\u0259hliz \u0130ran-Az\u0259rbaycan-G\u00fcrc\u00fcstan vasit\u0259sil\u0259 istifad\u0259y\u0259 veril\u0259c\u0259k. Erm\u0259nistan Z\u0259ng\u0259zur d\u0259hlizi a\u00e7\u0131lmad\u0131\u011f\u0131na g\u00f6r\u0259 \u015eimal-C\u0259nub n\u0259qliyyat d\u0259hlizind\u0259 i\u015ftirak ed\u0259 bilmir. B\u00fct\u00fcn kommunikasiyalar, o c\u00fcml\u0259d\u0259n Z\u0259ng\u0259zur d\u0259hlizi a\u00e7\u0131landan sonra n\u0259qliyyat d\u0259hlizin\u0259 daxil olan dig\u0259r \u00f6lk\u0259l\u0259r d\u0259 bu layih\u0259d\u0259n yararlanacaq\u201d.<\/p>\n<p><strong>\u0130ran\u0131n Erm\u0259nistana m\u0259h\u0259bb\u0259ti azal\u0131b<\/strong><\/p>\n<p>\u018fvv\u0259ll\u0259r Az\u0259rbaycan \u0259v\u0259zin\u0259 Erm\u0259nistan\u0131n bu layih\u0259d\u0259 yer almas\u0131, lakin sonradan durumun d\u0259yi\u015fm\u0259si m\u0259s\u0259l\u0259sin\u0259 m\u00fcnasib\u0259t bildir\u0259n A.Mollazad\u0259 vur\u011fulad\u0131 ki, \u0259vv\u0259ll\u0259r \u0130ran\u0131n niyy\u0259ti bel\u0259 olub: \u201cLakin ola bilsin, indi \u0130ran\u0131n Erm\u0259nistana m\u0259h\u0259bb\u0259ti azal\u0131b. B\u00fct\u00f6vl\u00fckd\u0259 onu qeyd etm\u0259k laz\u0131md\u0131r ki, Az\u0259rbaycan m\u0259hz 44 g\u00fcnl\u00fck V\u0259t\u0259n m\u00fcharib\u0259sind\u0259n sonra b\u00f6lg\u0259d\u0259 \u0259m\u0259kda\u015fl\u0131q, s\u00fclh v\u0259 sabitlik m\u00fchiti yaratmaq ist\u0259yir. Ona g\u00f6r\u0259 d\u0259 Az\u0259rbaycan \u00fc\u00e7\u00fcn h\u0259r \u015feyd\u0259n \u0259vv\u0259l s\u00fclh\u00fcn, sabitliyin, o c\u00fcml\u0259d\u0259n t\u0259hl\u00fck\u0259sizliyin olmas\u0131 \u0259n vacib m\u0259qamlardand\u0131r. \u00c7\u00fcnki sabitlik v\u0259 t\u0259hl\u00fck\u0259sizlik olmadan b\u00f6lg\u0259d\u0259 yeni layih\u0259l\u0259rin h\u0259yata ke\u00e7irilm\u0259si m\u00fcmk\u00fcn olmayacaq. Az\u0259rbaycan haz\u0131rda da bu istiqam\u0259td\u0259 f\u0259aliyy\u0259tini davam etdirir\u201d.<\/p>\n","protected":false},"excerpt":{"rendered":"<p>Fars k\u00f6rf\u0259zi il\u0259 Qara d\u0259niz aras\u0131nda formala\u015fd\u0131r\u0131lan yeni n\u0259qliyyat d\u0259hlizi \u0130ran, Az\u0259rbaycan, G\u00fcrc\u00fcstan \u00fcz\u0259rind\u0259n realla\u015fd\u0131r\u0131lacaq. \u018fvv\u0259ll\u0259r is\u0259 bu layih\u0259nin \u0130ran, Erm\u0259nistan v\u0259 G\u00fcrc\u00fcstan \u00fcz\u0259rind\u0259n h\u0259yata ke\u00e7irilm\u0259si planla\u015fd\u0131r\u0131l\u0131rd\u0131. Az\u0259rbaycan\u0131n t\u0259\u015f\u0259bb\u00fcs\u00fc il\u0259 C\u0259nubi Qafqaz b\u00f6lg\u0259sind\u0259 h\u0259yata ke\u00e7iril\u0259n layih\u0259l\u0259r h\u0259r zaman diqq\u0259t m\u0259rk\u0259zind\u0259 olub. \u00d6lk\u0259miz \u015f\u0259rql\u0259 q\u0259rbi birl\u0259\u015fdir\u0259n kommunikasiyalar\u0131n k\u0259si\u015fm\u0259sind\u0259ki m\u00f6vqeyind\u0259n u\u011furla istifad\u0259 edir. Uzun m\u00fcdd\u0259tdir m\u00fczakir\u0259 edil\u0259n \u015eimal-C\u0259nub n\u0259qliyyat d\u0259hlizi bel\u0259 layih\u0259l\u0259rd\u0259ndir. Art\u0131q Az\u0259rbaycan\u0131n ad\u0131 bu layih\u0259d\u0259 \u0259ksini tap\u0131b. Bel\u0259 ki, \u0130ran\u0131n Az\u0259rbaycandak\u0131 s\u0259firi Seyid Abbas Mus\u0259vi \u00f6z\u00fcn\u00fcn Tvitter s\u0259hif\u0259sind\u0259 yaz\u0131b ki, \u0130ran, Az\u0259rbaycan, G\u00fcrc\u00fcstan, Qara d\u0259niz v\u0259 Avropa yeni d\u0259hlizi aktivl\u0259\u015f\u0259c\u0259k.&hellip;<\/p>\n","protected":false},"author":2,"featured_media":419604,"comment_status":"closed","ping_status":"closed","sticky":false,"template":"","format":"standard","meta":{"om_disable_all_campaigns":false,"_monsterinsights_skip_tracking":false,"_monsterinsights_sitenote_active":false,"_monsterinsights_sitenote_note":"","_monsterinsights_sitenote_category":0},"categories":[19],"tags":[],"aioseo_notices":[],"gutentor_comment":0,"rttpg_featured_image_url":{"full":["https:\/\/arantv.az\/wp-content\/uploads\/2021\/12\/FotoJet-22-3.jpg",620,413,false],"landscape":["https:\/\/arantv.az\/wp-content\/uploads\/2021\/12\/FotoJet-22-3.jpg",620,413,false],"portraits":["https:\/\/arantv.az\/wp-content\/uploads\/2021\/12\/FotoJet-22-3.jpg",620,413,false],"thumbnail":["https:\/\/arantv.az\/wp-content\/uploads\/2021\/12\/FotoJet-22-3-500x280.jpg",500,280,true],"medium":["https:\/\/arantv.az\/wp-content\/uploads\/2021\/12\/FotoJet-22-3-548x365.jpg",548,365,true],"large":["https:\/\/arantv.az\/wp-content\/uploads\/2021\/12\/FotoJet-22-3.jpg",620,413,false],"1536x1536":["https:\/\/arantv.az\/wp-content\/uploads\/2021\/12\/FotoJet-22-3.jpg",620,413,false],"2048x2048":["https:\/\/arantv.az\/wp-content\/uploads\/2021\/12\/FotoJet-22-3.jpg",620,413,false],"post-thumbnail":["https:\/\/arantv.az\/wp-content\/uploads\/2021\/12\/FotoJet-22-3-240x172.jpg",240,172,true],"advps-thumb-one":["https:\/\/arantv.az\/wp-content\/uploads\/2021\/12\/FotoJet-22-3.jpg",620,413,false]},"rttpg_author":{"display_name":"V\u00fcsal Rafiqo\u011flu","author_link":"https:\/\/arantv.az\/?author=2"},"rttpg_comment":0,"rttpg_category":"<a href=\"https:\/\/arantv.az\/?cat=19\" rel=\"category\">G\u00fcnd\u0259m<\/a>","rttpg_excerpt":"Fars k\u00f6rf\u0259zi il\u0259 Qara d\u0259niz aras\u0131nda formala\u015fd\u0131r\u0131lan yeni n\u0259qliyyat d\u0259hlizi \u0130ran, Az\u0259rbaycan, G\u00fcrc\u00fcstan \u00fcz\u0259rind\u0259n realla\u015fd\u0131r\u0131lacaq. \u018fvv\u0259ll\u0259r is\u0259 bu layih\u0259nin \u0130ran, Erm\u0259nistan v\u0259 G\u00fcrc\u00fcstan \u00fcz\u0259rind\u0259n h\u0259yata ke\u00e7irilm\u0259si planla\u015fd\u0131r\u0131l\u0131rd\u0131. Az\u0259rbaycan\u0131n t\u0259\u015f\u0259bb\u00fcs\u00fc il\u0259 C\u0259nubi Qafqaz b\u00f6lg\u0259sind\u0259 h\u0259yata ke\u00e7iril\u0259n layih\u0259l\u0259r h\u0259r zaman diqq\u0259t m\u0259rk\u0259zind\u0259 olub. \u00d6lk\u0259miz \u015f\u0259rql\u0259 q\u0259rbi birl\u0259\u015fdir\u0259n kommunikasiyalar\u0131n k\u0259si\u015fm\u0259sind\u0259ki m\u00f6vqeyind\u0259n u\u011furla istifad\u0259 edir. Uzun m\u00fcdd\u0259tdir m\u00fczakir\u0259 edil\u0259n&hellip;","_links":{"self":[{"href":"https:\/\/arantv.az\/index.php?rest_route=\/wp\/v2\/posts\/419603"}],"collection":[{"href":"https:\/\/arantv.az\/index.php?rest_route=\/wp\/v2\/posts"}],"about":[{"href":"https:\/\/arantv.az\/index.php?rest_route=\/wp\/v2\/types\/post"}],"author":[{"embeddable":true,"href":"https:\/\/arantv.az\/index.php?rest_route=\/wp\/v2\/users\/2"}],"replies":[{"embeddable":true,"href":"https:\/\/arantv.az\/index.php?rest_route=%2Fwp%2Fv2%2Fcomments&post=419603"}],"version-history":[{"count":0,"href":"https:\/\/arantv.az\/index.php?rest_route=\/wp\/v2\/posts\/419603\/revisions"}],"wp:featuredmedia":[{"embeddable":true,"href":"https:\/\/arantv.az\/index.php?rest_route=\/wp\/v2\/media\/419604"}],"wp:attachment":[{"href":"https:\/\/arantv.az\/index.php?rest_route=%2Fwp%2Fv2%2Fmedia&parent=419603"}],"wp:term":[{"taxonomy":"category","embeddable":true,"href":"https:\/\/arantv.az\/index.php?rest_route=%2Fwp%2Fv2%2Fcategories&post=419603"},{"taxonomy":"post_tag","embeddable":true,"href":"https:\/\/arantv.az\/index.php?rest_route=%2Fwp%2Fv2%2Ftags&post=419603"}],"curies":[{"name":"wp","href":"https:\/\/api.w.org\/{rel}","templated":true}]}}