{"id":419719,"date":"2021-12-26T12:47:39","date_gmt":"2021-12-26T09:47:39","guid":{"rendered":"http:\/\/arantv.az\/?p=419719"},"modified":"2021-12-26T12:47:39","modified_gmt":"2021-12-26T09:47:39","slug":"az%c9%99rbaycanda-kecmis-deputatliga-namiz%c9%99d-intihar-edib-foto","status":"publish","type":"post","link":"https:\/\/arantv.az\/?p=419719","title":{"rendered":"Az\u0259rbaycanda ke\u00e7mi\u015f deputatl\u0131\u011fa namiz\u0259d intihar edib &#8211; FOTO"},"content":{"rendered":"<p>Ke\u00e7mi\u015f deputatl\u0131\u011fa namiz\u0259d, AM\u0130P f\u0259al\u0131 Nigar \u018flicanl\u0131 \u00f6z\u00fcn\u00fc \u00f6ld\u00fcr\u00fcb.<\/p>\n<p>Bu bar\u0259d\u0259 Lent.az-a N.\u018flicanl\u0131n\u0131n yax\u0131nlar\u0131 x\u0259b\u0259r verib.<\/p>\n<div class=\"AdviadNativeVideo\"><\/div>\n<p>Onun \u00f6z\u00fcn\u0259 q\u0259sd etm\u0259sinin s\u0259b\u0259bl\u0259ri h\u0259l\u0259lik m\u0259lum deyil.<\/p>\n<p>Qeyd ed\u0259k ki, N.\u018flicanl\u0131 AM\u0130P-in f\u0259al \u00fczvl\u0259rind\u0259n olub.<\/p>\n<p>O, bir ne\u00e7\u0259 d\u0259f\u0259 Qax rayonundan deputatl\u0131\u011fa namiz\u0259d olmu\u015fdu.<\/p>\n<p>&nbsp;<\/p>\n<div class=\"gallery\">\n<div class=\"gallery-i\"><img src=\"https:\/\/cdn.oxu.az\/uploads\/W1siZiIsIjIwMjEvMTIvMjYvMTEvMTgvNTIvNjc5MDY0MWItNjMzZC00MDc5LWI1YTEtMzI4ZDY1ZDIwYzA4LzlmMDQ4MzZkLTc2NWMtNDkxYy1iNDY5LTMxYmFhYTY4YzE0Zl8xNjQwNDk2OTA0LmpwZyJdLFsicCIsImVuY29kZSIsImpwZyIsIi1xdWFsaXR5IDgwIl0sWyJwIiwidGh1bWIiLCI1OTB4NTkwXHUwMDNlIl1d?sha=670d074bc40a2daf\" alt=\"\" \/><\/div>\n<\/div>\n","protected":false},"excerpt":{"rendered":"<p>Ke\u00e7mi\u015f deputatl\u0131\u011fa namiz\u0259d, AM\u0130P f\u0259al\u0131 Nigar \u018flicanl\u0131 \u00f6z\u00fcn\u00fc \u00f6ld\u00fcr\u00fcb. Bu bar\u0259d\u0259 Lent.az-a N.\u018flicanl\u0131n\u0131n yax\u0131nlar\u0131 x\u0259b\u0259r verib. Onun \u00f6z\u00fcn\u0259 q\u0259sd etm\u0259sinin s\u0259b\u0259bl\u0259ri h\u0259l\u0259lik m\u0259lum deyil. Qeyd ed\u0259k ki, N.\u018flicanl\u0131 AM\u0130P-in f\u0259al \u00fczvl\u0259rind\u0259n olub. O, bir ne\u00e7\u0259 d\u0259f\u0259 Qax rayonundan deputatl\u0131\u011fa namiz\u0259d olmu\u015fdu. &nbsp;<\/p>\n","protected":false},"author":2,"featured_media":419720,"comment_status":"closed","ping_status":"closed","sticky":false,"template":"","format":"standard","meta":{"om_disable_all_campaigns":false,"_monsterinsights_skip_tracking":false,"_monsterinsights_sitenote_active":false,"_monsterinsights_sitenote_note":"","_monsterinsights_sitenote_category":0},"categories":[5],"tags":[],"aioseo_notices":[],"gutentor_comment":0,"rttpg_featured_image_url":{"full":["https:\/\/arantv.az\/wp-content\/uploads\/2021\/12\/61c7fe6e15f5c61c7fe6e15f5d164049675061c7fe6e15f5a61c7fe6e15f5b.jpg",620,413,false],"landscape":["https:\/\/arantv.az\/wp-content\/uploads\/2021\/12\/61c7fe6e15f5c61c7fe6e15f5d164049675061c7fe6e15f5a61c7fe6e15f5b.jpg",620,413,false],"portraits":["https:\/\/arantv.az\/wp-content\/uploads\/2021\/12\/61c7fe6e15f5c61c7fe6e15f5d164049675061c7fe6e15f5a61c7fe6e15f5b.jpg",620,413,false],"thumbnail":["https:\/\/arantv.az\/wp-content\/uploads\/2021\/12\/61c7fe6e15f5c61c7fe6e15f5d164049675061c7fe6e15f5a61c7fe6e15f5b-500x280.jpg",500,280,true],"medium":["https:\/\/arantv.az\/wp-content\/uploads\/2021\/12\/61c7fe6e15f5c61c7fe6e15f5d164049675061c7fe6e15f5a61c7fe6e15f5b-548x365.jpg",548,365,true],"large":["https:\/\/arantv.az\/wp-content\/uploads\/2021\/12\/61c7fe6e15f5c61c7fe6e15f5d164049675061c7fe6e15f5a61c7fe6e15f5b.jpg",620,413,false],"1536x1536":["https:\/\/arantv.az\/wp-content\/uploads\/2021\/12\/61c7fe6e15f5c61c7fe6e15f5d164049675061c7fe6e15f5a61c7fe6e15f5b.jpg",620,413,false],"2048x2048":["https:\/\/arantv.az\/wp-content\/uploads\/2021\/12\/61c7fe6e15f5c61c7fe6e15f5d164049675061c7fe6e15f5a61c7fe6e15f5b.jpg",620,413,false],"post-thumbnail":["https:\/\/arantv.az\/wp-content\/uploads\/2021\/12\/61c7fe6e15f5c61c7fe6e15f5d164049675061c7fe6e15f5a61c7fe6e15f5b-240x172.jpg",240,172,true],"advps-thumb-one":["https:\/\/arantv.az\/wp-content\/uploads\/2021\/12\/61c7fe6e15f5c61c7fe6e15f5d164049675061c7fe6e15f5a61c7fe6e15f5b.jpg",620,413,false]},"rttpg_author":{"display_name":"V\u00fcsal Rafiqo\u011flu","author_link":"https:\/\/arantv.az\/?author=2"},"rttpg_comment":0,"rttpg_category":"<a href=\"https:\/\/arantv.az\/?cat=5\" rel=\"category\">Hadis\u0259<\/a>","rttpg_excerpt":"Ke\u00e7mi\u015f deputatl\u0131\u011fa namiz\u0259d, AM\u0130P f\u0259al\u0131 Nigar \u018flicanl\u0131 \u00f6z\u00fcn\u00fc \u00f6ld\u00fcr\u00fcb. Bu bar\u0259d\u0259 Lent.az-a N.\u018flicanl\u0131n\u0131n yax\u0131nlar\u0131 x\u0259b\u0259r verib. Onun \u00f6z\u00fcn\u0259 q\u0259sd etm\u0259sinin s\u0259b\u0259bl\u0259ri h\u0259l\u0259lik m\u0259lum deyil. Qeyd ed\u0259k ki, N.\u018flicanl\u0131 AM\u0130P-in f\u0259al \u00fczvl\u0259rind\u0259n olub. O, bir ne\u00e7\u0259 d\u0259f\u0259 Qax rayonundan deputatl\u0131\u011fa namiz\u0259d olmu\u015fdu. &nbsp;","_links":{"self":[{"href":"https:\/\/arantv.az\/index.php?rest_route=\/wp\/v2\/posts\/419719"}],"collection":[{"href":"https:\/\/arantv.az\/index.php?rest_route=\/wp\/v2\/posts"}],"about":[{"href":"https:\/\/arantv.az\/index.php?rest_route=\/wp\/v2\/types\/post"}],"author":[{"embeddable":true,"href":"https:\/\/arantv.az\/index.php?rest_route=\/wp\/v2\/users\/2"}],"replies":[{"embeddable":true,"href":"https:\/\/arantv.az\/index.php?rest_route=%2Fwp%2Fv2%2Fcomments&post=419719"}],"version-history":[{"count":0,"href":"https:\/\/arantv.az\/index.php?rest_route=\/wp\/v2\/posts\/419719\/revisions"}],"wp:featuredmedia":[{"embeddable":true,"href":"https:\/\/arantv.az\/index.php?rest_route=\/wp\/v2\/media\/419720"}],"wp:attachment":[{"href":"https:\/\/arantv.az\/index.php?rest_route=%2Fwp%2Fv2%2Fmedia&parent=419719"}],"wp:term":[{"taxonomy":"category","embeddable":true,"href":"https:\/\/arantv.az\/index.php?rest_route=%2Fwp%2Fv2%2Fcategories&post=419719"},{"taxonomy":"post_tag","embeddable":true,"href":"https:\/\/arantv.az\/index.php?rest_route=%2Fwp%2Fv2%2Ftags&post=419719"}],"curies":[{"name":"wp","href":"https:\/\/api.w.org\/{rel}","templated":true}]}}