{"id":419839,"date":"2021-12-26T21:32:25","date_gmt":"2021-12-26T18:32:25","guid":{"rendered":"http:\/\/arantv.az\/?p=419839"},"modified":"2021-12-26T21:32:25","modified_gmt":"2021-12-26T18:32:25","slug":"bakida-t%c9%99l%c9%99b%c9%99-d%c9%99m-qazindan-bogulub-oldu-%c9%99n-yuks%c9%99k-bal-toplayanlardan-biri-imis","status":"publish","type":"post","link":"https:\/\/arantv.az\/?p=419839","title":{"rendered":"Bak\u0131da t\u0259l\u0259b\u0259 d\u0259m qaz\u0131ndan bo\u011fulub \u00f6ld\u00fc &#8211; \u018fn y\u00fcks\u0259k bal toplayanlardan biri imi\u015f&#8230;"},"content":{"rendered":"<p>Bak\u0131da d\u0259m qaz\u0131 daha bir can al\u0131b.<\/p>\n<p><strong>ARANTV.AZ\u00a0<\/strong> &#8220;qafqazinfo&#8221;-ya istinad\u0259n <a title=\"xeberler son xeberler 2021\" href=\"https:\/\/big.az\/\" target=\"_blank\" rel=\"noopener\">x\u0259b\u0259r<\/a>\u00a0verir ki, Az\u0259rbaycan Universitetinin t\u0259l\u0259b\u0259si Elimxan \u018fliyev d\u0259m qaz\u0131ndan z\u0259h\u0259rl\u0259n\u0259r\u0259k v\u0259fat edib.<\/p>\n<p>22 ya\u015fl\u0131 g\u0259nc bu universitetd\u0259 MBA \u00fczr\u0259 magistratura t\u0259hsili al\u0131rm\u0131\u015f.<\/p>\n<p>E.\u018fliyev magistraturaya q\u0259bul imtahan\u0131nda 93 bal toplayaraq, respublika \u00fczr\u0259 \u0259n y\u00fcks\u0259k n\u0259tic\u0259 g\u00f6st\u0259r\u0259nl\u0259rd\u0259n biri olub.<\/p>\n<p>O, 2016-c\u0131 ild\u0259 ali m\u0259kt\u0259bl\u0259r\u0259 q\u0259bul imtahan\u0131nda da y\u00fcks\u0259k n\u0259tic\u0259 \u0259ld\u0259 ed\u0259r\u0259k, 636 balla Az\u0259rbaycan Universitetinin t\u0259drisi ingilis dilind\u0259 apar\u0131lan maliyy\u0259 ixtisas\u0131na q\u0259bul olub.<\/p>\n<p>H\u0259m\u00e7inin, 2017\/2018-ci t\u0259dris ilinin yaz semestrini &#8220;Erasmus+&#8221; m\u00fcbadil\u0259 proqram\u0131 \u00e7\u0259r\u00e7iv\u0259sind\u0259 Almaniyan\u0131n t\u0259r\u0259fda\u015f Koblenz Universitetind\u0259 oxuyub.<\/p>\n","protected":false},"excerpt":{"rendered":"<p>Bak\u0131da d\u0259m qaz\u0131 daha bir can al\u0131b. ARANTV.AZ\u00a0 &#8220;qafqazinfo&#8221;-ya istinad\u0259n x\u0259b\u0259r\u00a0verir ki, Az\u0259rbaycan Universitetinin t\u0259l\u0259b\u0259si Elimxan \u018fliyev d\u0259m qaz\u0131ndan z\u0259h\u0259rl\u0259n\u0259r\u0259k v\u0259fat edib. 22 ya\u015fl\u0131 g\u0259nc bu universitetd\u0259 MBA \u00fczr\u0259 magistratura t\u0259hsili al\u0131rm\u0131\u015f. E.\u018fliyev magistraturaya q\u0259bul imtahan\u0131nda 93 bal toplayaraq, respublika \u00fczr\u0259 \u0259n y\u00fcks\u0259k n\u0259tic\u0259 g\u00f6st\u0259r\u0259nl\u0259rd\u0259n biri olub. O, 2016-c\u0131 ild\u0259 ali m\u0259kt\u0259bl\u0259r\u0259 q\u0259bul imtahan\u0131nda da y\u00fcks\u0259k n\u0259tic\u0259 \u0259ld\u0259 ed\u0259r\u0259k, 636 balla Az\u0259rbaycan Universitetinin t\u0259drisi ingilis dilind\u0259 apar\u0131lan maliyy\u0259 ixtisas\u0131na q\u0259bul olub. H\u0259m\u00e7inin, 2017\/2018-ci t\u0259dris ilinin yaz semestrini &#8220;Erasmus+&#8221; m\u00fcbadil\u0259 proqram\u0131 \u00e7\u0259r\u00e7iv\u0259sind\u0259 Almaniyan\u0131n t\u0259r\u0259fda\u015f Koblenz Universitetind\u0259 oxuyub.<\/p>\n","protected":false},"author":2,"featured_media":419840,"comment_status":"closed","ping_status":"closed","sticky":false,"template":"","format":"standard","meta":{"om_disable_all_campaigns":false,"_monsterinsights_skip_tracking":false,"_monsterinsights_sitenote_active":false,"_monsterinsights_sitenote_note":"","_monsterinsights_sitenote_category":0},"categories":[5],"tags":[],"aioseo_notices":[],"gutentor_comment":0,"rttpg_featured_image_url":{"full":["https:\/\/arantv.az\/wp-content\/uploads\/2021\/12\/1007235.png",637,400,false],"landscape":["https:\/\/arantv.az\/wp-content\/uploads\/2021\/12\/1007235.png",637,400,false],"portraits":["https:\/\/arantv.az\/wp-content\/uploads\/2021\/12\/1007235.png",637,400,false],"thumbnail":["https:\/\/arantv.az\/wp-content\/uploads\/2021\/12\/1007235-500x280.png",500,280,true],"medium":["https:\/\/arantv.az\/wp-content\/uploads\/2021\/12\/1007235-581x365.png",581,365,true],"large":["https:\/\/arantv.az\/wp-content\/uploads\/2021\/12\/1007235.png",637,400,false],"1536x1536":["https:\/\/arantv.az\/wp-content\/uploads\/2021\/12\/1007235.png",637,400,false],"2048x2048":["https:\/\/arantv.az\/wp-content\/uploads\/2021\/12\/1007235.png",637,400,false],"post-thumbnail":["https:\/\/arantv.az\/wp-content\/uploads\/2021\/12\/1007235-240x172.png",240,172,true],"advps-thumb-one":["https:\/\/arantv.az\/wp-content\/uploads\/2021\/12\/1007235.png",637,400,false]},"rttpg_author":{"display_name":"V\u00fcsal Rafiqo\u011flu","author_link":"https:\/\/arantv.az\/?author=2"},"rttpg_comment":0,"rttpg_category":"<a href=\"https:\/\/arantv.az\/?cat=5\" rel=\"category\">Hadis\u0259<\/a>","rttpg_excerpt":"Bak\u0131da d\u0259m qaz\u0131 daha bir can al\u0131b. ARANTV.AZ\u00a0 &#8220;qafqazinfo&#8221;-ya istinad\u0259n x\u0259b\u0259r\u00a0verir ki, Az\u0259rbaycan Universitetinin t\u0259l\u0259b\u0259si Elimxan \u018fliyev d\u0259m qaz\u0131ndan z\u0259h\u0259rl\u0259n\u0259r\u0259k v\u0259fat edib. 22 ya\u015fl\u0131 g\u0259nc bu universitetd\u0259 MBA \u00fczr\u0259 magistratura t\u0259hsili al\u0131rm\u0131\u015f. E.\u018fliyev magistraturaya q\u0259bul imtahan\u0131nda 93 bal toplayaraq, respublika \u00fczr\u0259 \u0259n y\u00fcks\u0259k n\u0259tic\u0259 g\u00f6st\u0259r\u0259nl\u0259rd\u0259n biri olub. O, 2016-c\u0131 ild\u0259 ali m\u0259kt\u0259bl\u0259r\u0259 q\u0259bul imtahan\u0131nda da&hellip;","_links":{"self":[{"href":"https:\/\/arantv.az\/index.php?rest_route=\/wp\/v2\/posts\/419839"}],"collection":[{"href":"https:\/\/arantv.az\/index.php?rest_route=\/wp\/v2\/posts"}],"about":[{"href":"https:\/\/arantv.az\/index.php?rest_route=\/wp\/v2\/types\/post"}],"author":[{"embeddable":true,"href":"https:\/\/arantv.az\/index.php?rest_route=\/wp\/v2\/users\/2"}],"replies":[{"embeddable":true,"href":"https:\/\/arantv.az\/index.php?rest_route=%2Fwp%2Fv2%2Fcomments&post=419839"}],"version-history":[{"count":0,"href":"https:\/\/arantv.az\/index.php?rest_route=\/wp\/v2\/posts\/419839\/revisions"}],"wp:featuredmedia":[{"embeddable":true,"href":"https:\/\/arantv.az\/index.php?rest_route=\/wp\/v2\/media\/419840"}],"wp:attachment":[{"href":"https:\/\/arantv.az\/index.php?rest_route=%2Fwp%2Fv2%2Fmedia&parent=419839"}],"wp:term":[{"taxonomy":"category","embeddable":true,"href":"https:\/\/arantv.az\/index.php?rest_route=%2Fwp%2Fv2%2Fcategories&post=419839"},{"taxonomy":"post_tag","embeddable":true,"href":"https:\/\/arantv.az\/index.php?rest_route=%2Fwp%2Fv2%2Ftags&post=419839"}],"curies":[{"name":"wp","href":"https:\/\/api.w.org\/{rel}","templated":true}]}}