{"id":419875,"date":"2021-12-27T08:11:06","date_gmt":"2021-12-27T05:11:06","guid":{"rendered":"http:\/\/arantv.az\/?p=419875"},"modified":"2021-12-27T08:11:06","modified_gmt":"2021-12-27T05:11:06","slug":"turkiy%c9%99-%c9%99dal%c9%99tli-dunya-nizaminin-t%c9%99r%c9%99fdaridir-%c9%99rdogan","status":"publish","type":"post","link":"https:\/\/arantv.az\/?p=419875","title":{"rendered":"T\u00fcrkiy\u0259 \u0259dal\u0259tli d\u00fcnya nizam\u0131n\u0131n t\u0259r\u0259fdar\u0131d\u0131r &#8211; \u018frdo\u011fan"},"content":{"rendered":"<p>T\u00fcrkiy\u0259 beyn\u0259lxalq m\u00fcnasib\u0259tl\u0259rd\u0259 v\u0259 iqtisadiyyatda h\u0259r hans\u0131 diqt\u0259 v\u0259 ayr\u0131-se\u00e7kilikd\u0259n uzaq, \u0259dal\u0259tli d\u00fcnya nizam\u0131n\u0131n t\u0259r\u0259fdar\u0131d\u0131r.<\/p>\n<p><strong>ARANTV.AZ\u00a0<\/strong> <a href=\"https:\/\/az.trend.az\/\" target=\"_blank\" rel=\"noopener\">Trend<\/a>-\u0259 istinad\u0259n bildirir ki, bu bar\u0259d\u0259 \u00f6lk\u0259 prezidenti R\u0259c\u0259b Tayyib \u018frdo\u011fan \u0130stanbulda Nacip Fazil ad\u0131na m\u00fckafatland\u0131rma m\u0259rasimind\u0259 \u00e7\u0131x\u0131\u015f\u0131 zaman\u0131 deyib.<\/p>\n<p>T\u00fcrkiy\u0259 lideri bildirib: &#8220;T\u00fcrkiy\u0259nin &#8220;D\u00fcnya be\u015fd\u0259n \u00e7oxdur&#8221; \u015f\u00fcar\u0131 il\u0259 apard\u0131\u011f\u0131 m\u00fcbariz\u0259 ist\u0259r beyn\u0259lxalq m\u00fcnasib\u0259tl\u0259rd\u0259, ist\u0259rs\u0259 d\u0259 iqtisadiyyatda istismar v\u0259 z\u00fclm\u0259 \u0259saslanan d\u00fcnya nizam\u0131n\u0131 d\u0259yi\u015fm\u0259y\u0259 y\u00f6n\u0259lib&#8221;.<\/p>\n<p>Onun s\u00f6zl\u0259rin\u0259 g\u00f6r\u0259, son iki \u0259srd\u0259 b\u0259\u015f\u0259riyy\u0259t b\u00f6y\u00fck transformasiya ya\u015fay\u0131b v\u0259 bu, t\u0259r\u0259qqi il\u0259 yana\u015f\u0131, \u0259n\u0259n\u0259vi d\u0259y\u0259rl\u0259rin itirilm\u0259si il\u0259 m\u00fc\u015fayi\u0259t olunub: &#8220;M\u00fcasirl\u0259\u015fm\u0259 il\u0259 yana\u015f\u0131 insanlar\u0131n \u00f6z m\u0259n\u015f\u0259yin\u0259, \u0259traf m\u00fchit\u0259 v\u0259 yer \u00fcz\u00fcnd\u0259 birg\u0259 ya\u015fad\u0131qlar\u0131 dig\u0259r canl\u0131lara m\u00fcnasib\u0259ti d\u0259 d\u0259yi\u015fib. Sa\u011flam olmayan &#8220;insan insan\u0131n canavar\u0131d\u0131r&#8221; prinsipi \u0259sas\u0131nda yana\u015fmas\u0131 el\u0259 bir sistem yarad\u0131b ki, orada yaln\u0131z g\u00fccl\u00fcl\u0259r sa\u011f qal\u0131r&#8221;.<\/p>\n<p>D\u00f6vl\u0259t ba\u015f\u00e7\u0131s\u0131 bildirib ki, &#8220;m\u00fcasir Q\u0259rbd\u0259n k\u0259narda olanlar&#8221;, ilk n\u00f6vb\u0259d\u0259 Afrika sakinl\u0259ri v\u0259 bu qit\u0259d\u0259n olan g\u0259lm\u0259l\u0259r &#8220;bu zehniyy\u0259tin n\u00fcmay\u0259nd\u0259l\u0259ri&#8221; t\u0259r\u0259find\u0259n z\u00fclm\u0259, t\u0259k\u0259bb\u00fcrl\u00fc m\u00fcnasib\u0259t\u0259 v\u0259 m\u00fcst\u0259ml\u0259k\u0259\u00e7iliy\u0259 m\u0259ruz qal\u0131blar.<\/p>\n<p>T\u00fcrkiy\u0259 prezidenti vur\u011fulay\u0131b ki, b\u0259\u015f\u0259riyy\u0259tin son iki \u0259srd\u0259 \u00fczl\u0259\u015fdiyi bir \u00e7ox b\u0259lalar\u0131n arxas\u0131nda &#8220;insanlar\u0131 \u0259mt\u0259\u0259y\u0259 \u00e7evir\u0259n, t\u0259bi\u0259tini tapdalayan t\u0259k\u0259bb\u00fcrl\u00fc d\u00fc\u015f\u00fcnc\u0259&#8221; dayan\u0131r.<\/p>\n<p>D\u00f6vl\u0259t ba\u015f\u00e7\u0131s\u0131 t\u0259\u0259ss\u00fcfl\u0259 qeyd edib ki, yaln\u0131z g\u00fccl\u00fcl\u0259rin ya\u015famaq h\u00fcququnu tan\u0131yan bu c\u00fcr yana\u015fma bu g\u00fcn d\u0259 davam edir.<\/p>\n","protected":false},"excerpt":{"rendered":"<p>T\u00fcrkiy\u0259 beyn\u0259lxalq m\u00fcnasib\u0259tl\u0259rd\u0259 v\u0259 iqtisadiyyatda h\u0259r hans\u0131 diqt\u0259 v\u0259 ayr\u0131-se\u00e7kilikd\u0259n uzaq, \u0259dal\u0259tli d\u00fcnya nizam\u0131n\u0131n t\u0259r\u0259fdar\u0131d\u0131r. ARANTV.AZ\u00a0 Trend-\u0259 istinad\u0259n bildirir ki, bu bar\u0259d\u0259 \u00f6lk\u0259 prezidenti R\u0259c\u0259b Tayyib \u018frdo\u011fan \u0130stanbulda Nacip Fazil ad\u0131na m\u00fckafatland\u0131rma m\u0259rasimind\u0259 \u00e7\u0131x\u0131\u015f\u0131 zaman\u0131 deyib. T\u00fcrkiy\u0259 lideri bildirib: &#8220;T\u00fcrkiy\u0259nin &#8220;D\u00fcnya be\u015fd\u0259n \u00e7oxdur&#8221; \u015f\u00fcar\u0131 il\u0259 apard\u0131\u011f\u0131 m\u00fcbariz\u0259 ist\u0259r beyn\u0259lxalq m\u00fcnasib\u0259tl\u0259rd\u0259, ist\u0259rs\u0259 d\u0259 iqtisadiyyatda istismar v\u0259 z\u00fclm\u0259 \u0259saslanan d\u00fcnya nizam\u0131n\u0131 d\u0259yi\u015fm\u0259y\u0259 y\u00f6n\u0259lib&#8221;. Onun s\u00f6zl\u0259rin\u0259 g\u00f6r\u0259, son iki \u0259srd\u0259 b\u0259\u015f\u0259riyy\u0259t b\u00f6y\u00fck transformasiya ya\u015fay\u0131b v\u0259 bu, t\u0259r\u0259qqi il\u0259 yana\u015f\u0131, \u0259n\u0259n\u0259vi d\u0259y\u0259rl\u0259rin itirilm\u0259si il\u0259 m\u00fc\u015fayi\u0259t olunub: &#8220;M\u00fcasirl\u0259\u015fm\u0259 il\u0259 yana\u015f\u0131 insanlar\u0131n \u00f6z m\u0259n\u015f\u0259yin\u0259, \u0259traf m\u00fchit\u0259&hellip;<\/p>\n","protected":false},"author":2,"featured_media":419876,"comment_status":"closed","ping_status":"closed","sticky":false,"template":"","format":"standard","meta":{"om_disable_all_campaigns":false,"_monsterinsights_skip_tracking":false,"_monsterinsights_sitenote_active":false,"_monsterinsights_sitenote_note":"","_monsterinsights_sitenote_category":0},"categories":[7],"tags":[],"aioseo_notices":[],"gutentor_comment":0,"rttpg_featured_image_url":{"full":["https:\/\/arantv.az\/wp-content\/uploads\/2021\/12\/1007271.jpg",840,471,false],"landscape":["https:\/\/arantv.az\/wp-content\/uploads\/2021\/12\/1007271.jpg",840,471,false],"portraits":["https:\/\/arantv.az\/wp-content\/uploads\/2021\/12\/1007271.jpg",840,471,false],"thumbnail":["https:\/\/arantv.az\/wp-content\/uploads\/2021\/12\/1007271-500x280.jpg",500,280,true],"medium":["https:\/\/arantv.az\/wp-content\/uploads\/2021\/12\/1007271-651x365.jpg",651,365,true],"large":["https:\/\/arantv.az\/wp-content\/uploads\/2021\/12\/1007271.jpg",640,359,false],"1536x1536":["https:\/\/arantv.az\/wp-content\/uploads\/2021\/12\/1007271.jpg",840,471,false],"2048x2048":["https:\/\/arantv.az\/wp-content\/uploads\/2021\/12\/1007271.jpg",840,471,false],"post-thumbnail":["https:\/\/arantv.az\/wp-content\/uploads\/2021\/12\/1007271-240x172.jpg",240,172,true],"advps-thumb-one":["https:\/\/arantv.az\/wp-content\/uploads\/2021\/12\/1007271.jpg",840,471,false]},"rttpg_author":{"display_name":"V\u00fcsal Rafiqo\u011flu","author_link":"https:\/\/arantv.az\/?author=2"},"rttpg_comment":0,"rttpg_category":"<a href=\"https:\/\/arantv.az\/?cat=7\" rel=\"category\">D\u00fcnya<\/a>","rttpg_excerpt":"T\u00fcrkiy\u0259 beyn\u0259lxalq m\u00fcnasib\u0259tl\u0259rd\u0259 v\u0259 iqtisadiyyatda h\u0259r hans\u0131 diqt\u0259 v\u0259 ayr\u0131-se\u00e7kilikd\u0259n uzaq, \u0259dal\u0259tli d\u00fcnya nizam\u0131n\u0131n t\u0259r\u0259fdar\u0131d\u0131r. ARANTV.AZ\u00a0 Trend-\u0259 istinad\u0259n bildirir ki, bu bar\u0259d\u0259 \u00f6lk\u0259 prezidenti R\u0259c\u0259b Tayyib \u018frdo\u011fan \u0130stanbulda Nacip Fazil ad\u0131na m\u00fckafatland\u0131rma m\u0259rasimind\u0259 \u00e7\u0131x\u0131\u015f\u0131 zaman\u0131 deyib. T\u00fcrkiy\u0259 lideri bildirib: &#8220;T\u00fcrkiy\u0259nin &#8220;D\u00fcnya be\u015fd\u0259n \u00e7oxdur&#8221; \u015f\u00fcar\u0131 il\u0259 apard\u0131\u011f\u0131 m\u00fcbariz\u0259 ist\u0259r beyn\u0259lxalq m\u00fcnasib\u0259tl\u0259rd\u0259, ist\u0259rs\u0259 d\u0259 iqtisadiyyatda istismar v\u0259&hellip;","_links":{"self":[{"href":"https:\/\/arantv.az\/index.php?rest_route=\/wp\/v2\/posts\/419875"}],"collection":[{"href":"https:\/\/arantv.az\/index.php?rest_route=\/wp\/v2\/posts"}],"about":[{"href":"https:\/\/arantv.az\/index.php?rest_route=\/wp\/v2\/types\/post"}],"author":[{"embeddable":true,"href":"https:\/\/arantv.az\/index.php?rest_route=\/wp\/v2\/users\/2"}],"replies":[{"embeddable":true,"href":"https:\/\/arantv.az\/index.php?rest_route=%2Fwp%2Fv2%2Fcomments&post=419875"}],"version-history":[{"count":0,"href":"https:\/\/arantv.az\/index.php?rest_route=\/wp\/v2\/posts\/419875\/revisions"}],"wp:featuredmedia":[{"embeddable":true,"href":"https:\/\/arantv.az\/index.php?rest_route=\/wp\/v2\/media\/419876"}],"wp:attachment":[{"href":"https:\/\/arantv.az\/index.php?rest_route=%2Fwp%2Fv2%2Fmedia&parent=419875"}],"wp:term":[{"taxonomy":"category","embeddable":true,"href":"https:\/\/arantv.az\/index.php?rest_route=%2Fwp%2Fv2%2Fcategories&post=419875"},{"taxonomy":"post_tag","embeddable":true,"href":"https:\/\/arantv.az\/index.php?rest_route=%2Fwp%2Fv2%2Ftags&post=419875"}],"curies":[{"name":"wp","href":"https:\/\/api.w.org\/{rel}","templated":true}]}}