{"id":419881,"date":"2021-12-27T08:32:48","date_gmt":"2021-12-27T05:32:48","guid":{"rendered":"http:\/\/arantv.az\/?p=419881"},"modified":"2021-12-27T08:32:48","modified_gmt":"2021-12-27T05:32:48","slug":"rusiya-federasiyasi-ali-m%c9%99hk%c9%99m%c9%99sinin-s%c9%99dri-il%c9%99-m%c9%99hsuldar-ikit%c9%99r%c9%99fli-gorus-kecirildi-foto","status":"publish","type":"post","link":"https:\/\/arantv.az\/?p=419881","title":{"rendered":"Rusiya Federasiyas\u0131 Ali M\u0259hk\u0259m\u0259sinin s\u0259dri il\u0259 m\u0259hsuldar ikit\u0259r\u0259fli g\u00f6r\u00fc\u015f ke\u00e7irildi &#8211; FOTO"},"content":{"rendered":"<p>Avropa \u015euras\u0131 il\u0259 \u0259m\u0259kda\u015fl\u0131q \u00e7\u0259r\u00e7iv\u0259sind\u0259 \u018fdal\u0259t M\u00fchakim\u0259sinin S\u0259m\u0259r\u0259liliyi \u00fczr\u0259 Avropa Komissiyas\u0131n\u0131n (CEPEJ) prezidenti, hakim Ramin Qaraqurbanl\u0131 (Ramin Qurbanov) il\u0259 Rusiya Federasiyas\u0131 Ali M\u0259hk\u0259m\u0259sinin s\u0259dri Vya\u00e7eslav Mixaylovi\u00e7 Lebedev aras\u0131nda ikit\u0259r\u0259fli g\u00f6r\u00fc\u015f ba\u015f tutub.<\/p>\n<p>G\u00f6r\u00fc\u015fd\u0259 t\u0259r\u0259fl\u0259r \u0259dliyy\u0259nin s\u0259m\u0259r\u0259liliyini, pandemiya d\u00f6vr\u00fcnd\u0259 \u0259dal\u0259t m\u00fchakim\u0259sinin h\u0259yata ke\u00e7irilm\u0259si x\u00fcsusiyy\u0259tl\u0259rini v\u0259 Rusiya\u00a0Federasiyas\u0131 Ali M\u0259hk\u0259m\u0259si il\u0259 Avropa \u015euras\u0131n\u0131n \u018fdal\u0259t M\u00fchakim\u0259sinin S\u0259m\u0259r\u0259liliyi \u00fczr\u0259 Avropa Komissiyas\u0131 aras\u0131nda g\u0259l\u0259c\u0259k \u0259m\u0259kda\u015fl\u0131q m\u0259s\u0259l\u0259l\u0259rini m\u00fczakir\u0259 edibl\u0259r.<\/p>\n<p>&nbsp;<\/p>\n<div class=\"gallery\">\n<div class=\"gallery-i\"><img src=\"https:\/\/cdn.oxu.az\/uploads\/W1siZiIsIjIwMjEvMTIvMjcvMDkvMDkvNTMvOThlOTliYzctM2I5Ny00OGE1LTlhYWMtM2EyM2M5OWQxNTRhL2I0MTA0YzliLWY4NmEtNDVhZC05MmY5LWI1Yjg0ZTEyYWZmNS5qcGciXSxbInAiLCJlbmNvZGUiLCJqcGciLCItcXVhbGl0eSA4MCJdLFsicCIsInRodW1iIiwiNTkweDU5MFx1MDAzZSJdXQ?sha=5f9537ea72743702\" alt=\"\" \/><\/p>\n<div class=\"gallery-i-caption\"><\/div>\n<\/div>\n<div class=\"gallery-i\"><img src=\"https:\/\/cdn.oxu.az\/uploads\/W1siZiIsIjIwMjEvMTIvMjcvMDkvMDkvNTQvOTMyYThhYmItOTdhMC00Yjk1LWE2MDMtNTg3YWUwZWFmNWVlL2Y0Y2Y2MjIxLTk5OTgtNGY3ZC1hZDUyLWY2YTU3Yjg5OWQwOC5qcGciXSxbInAiLCJlbmNvZGUiLCJqcGciLCItcXVhbGl0eSA4MCJdLFsicCIsInRodW1iIiwiNTkweDU5MFx1MDAzZSJdXQ?sha=5e2589322d44c70e\" alt=\"\" \/><\/p>\n<div class=\"gallery-i-caption\"><\/div>\n<\/div>\n<div class=\"gallery-i\"><img src=\"https:\/\/cdn.oxu.az\/uploads\/W1siZiIsIjIwMjEvMTIvMjcvMDkvMDkvNTQvMGNmMWZlNzYtM2ZiYi00NGI3LWI2ZjgtYTU5NGU2MjNhOTU3LzAwNGJhZDBiLTY1ZGMtNDIwYi05NTUzLTIxZTk4NzM4ZGM0YS5qcGciXSxbInAiLCJlbmNvZGUiLCJqcGciLCItcXVhbGl0eSA4MCJdLFsicCIsInRodW1iIiwiNTkweDU5MFx1MDAzZSJdXQ?sha=97fde5b807c514d4\" alt=\"\" \/><\/div>\n<\/div>\n","protected":false},"excerpt":{"rendered":"<p>Avropa \u015euras\u0131 il\u0259 \u0259m\u0259kda\u015fl\u0131q \u00e7\u0259r\u00e7iv\u0259sind\u0259 \u018fdal\u0259t M\u00fchakim\u0259sinin S\u0259m\u0259r\u0259liliyi \u00fczr\u0259 Avropa Komissiyas\u0131n\u0131n (CEPEJ) prezidenti, hakim Ramin Qaraqurbanl\u0131 (Ramin Qurbanov) il\u0259 Rusiya Federasiyas\u0131 Ali M\u0259hk\u0259m\u0259sinin s\u0259dri Vya\u00e7eslav Mixaylovi\u00e7 Lebedev aras\u0131nda ikit\u0259r\u0259fli g\u00f6r\u00fc\u015f ba\u015f tutub. G\u00f6r\u00fc\u015fd\u0259 t\u0259r\u0259fl\u0259r \u0259dliyy\u0259nin s\u0259m\u0259r\u0259liliyini, pandemiya d\u00f6vr\u00fcnd\u0259 \u0259dal\u0259t m\u00fchakim\u0259sinin h\u0259yata ke\u00e7irilm\u0259si x\u00fcsusiyy\u0259tl\u0259rini v\u0259 Rusiya\u00a0Federasiyas\u0131 Ali M\u0259hk\u0259m\u0259si il\u0259 Avropa \u015euras\u0131n\u0131n \u018fdal\u0259t M\u00fchakim\u0259sinin S\u0259m\u0259r\u0259liliyi \u00fczr\u0259 Avropa Komissiyas\u0131 aras\u0131nda g\u0259l\u0259c\u0259k \u0259m\u0259kda\u015fl\u0131q m\u0259s\u0259l\u0259l\u0259rini m\u00fczakir\u0259 edibl\u0259r. &nbsp;<\/p>\n","protected":false},"author":2,"featured_media":419882,"comment_status":"closed","ping_status":"closed","sticky":false,"template":"","format":"standard","meta":{"om_disable_all_campaigns":false,"_monsterinsights_skip_tracking":false,"_monsterinsights_sitenote_active":false,"_monsterinsights_sitenote_note":"","_monsterinsights_sitenote_category":0},"categories":[19],"tags":[],"aioseo_notices":[],"gutentor_comment":0,"rttpg_featured_image_url":{"full":["https:\/\/arantv.az\/wp-content\/uploads\/2021\/12\/6bf16e3a-e1d3-4dba-8025-94a0d60d1ef6.jpg",620,408,false],"landscape":["https:\/\/arantv.az\/wp-content\/uploads\/2021\/12\/6bf16e3a-e1d3-4dba-8025-94a0d60d1ef6.jpg",620,408,false],"portraits":["https:\/\/arantv.az\/wp-content\/uploads\/2021\/12\/6bf16e3a-e1d3-4dba-8025-94a0d60d1ef6.jpg",620,408,false],"thumbnail":["https:\/\/arantv.az\/wp-content\/uploads\/2021\/12\/6bf16e3a-e1d3-4dba-8025-94a0d60d1ef6-500x280.jpg",500,280,true],"medium":["https:\/\/arantv.az\/wp-content\/uploads\/2021\/12\/6bf16e3a-e1d3-4dba-8025-94a0d60d1ef6-555x365.jpg",555,365,true],"large":["https:\/\/arantv.az\/wp-content\/uploads\/2021\/12\/6bf16e3a-e1d3-4dba-8025-94a0d60d1ef6.jpg",620,408,false],"1536x1536":["https:\/\/arantv.az\/wp-content\/uploads\/2021\/12\/6bf16e3a-e1d3-4dba-8025-94a0d60d1ef6.jpg",620,408,false],"2048x2048":["https:\/\/arantv.az\/wp-content\/uploads\/2021\/12\/6bf16e3a-e1d3-4dba-8025-94a0d60d1ef6.jpg",620,408,false],"post-thumbnail":["https:\/\/arantv.az\/wp-content\/uploads\/2021\/12\/6bf16e3a-e1d3-4dba-8025-94a0d60d1ef6-240x172.jpg",240,172,true],"advps-thumb-one":["https:\/\/arantv.az\/wp-content\/uploads\/2021\/12\/6bf16e3a-e1d3-4dba-8025-94a0d60d1ef6.jpg",620,408,false]},"rttpg_author":{"display_name":"V\u00fcsal Rafiqo\u011flu","author_link":"https:\/\/arantv.az\/?author=2"},"rttpg_comment":0,"rttpg_category":"<a href=\"https:\/\/arantv.az\/?cat=19\" rel=\"category\">G\u00fcnd\u0259m<\/a>","rttpg_excerpt":"Avropa \u015euras\u0131 il\u0259 \u0259m\u0259kda\u015fl\u0131q \u00e7\u0259r\u00e7iv\u0259sind\u0259 \u018fdal\u0259t M\u00fchakim\u0259sinin S\u0259m\u0259r\u0259liliyi \u00fczr\u0259 Avropa Komissiyas\u0131n\u0131n (CEPEJ) prezidenti, hakim Ramin Qaraqurbanl\u0131 (Ramin Qurbanov) il\u0259 Rusiya Federasiyas\u0131 Ali M\u0259hk\u0259m\u0259sinin s\u0259dri Vya\u00e7eslav Mixaylovi\u00e7 Lebedev aras\u0131nda ikit\u0259r\u0259fli g\u00f6r\u00fc\u015f ba\u015f tutub. G\u00f6r\u00fc\u015fd\u0259 t\u0259r\u0259fl\u0259r \u0259dliyy\u0259nin s\u0259m\u0259r\u0259liliyini, pandemiya d\u00f6vr\u00fcnd\u0259 \u0259dal\u0259t m\u00fchakim\u0259sinin h\u0259yata ke\u00e7irilm\u0259si x\u00fcsusiyy\u0259tl\u0259rini v\u0259 Rusiya\u00a0Federasiyas\u0131 Ali M\u0259hk\u0259m\u0259si il\u0259 Avropa \u015euras\u0131n\u0131n \u018fdal\u0259t M\u00fchakim\u0259sinin S\u0259m\u0259r\u0259liliyi \u00fczr\u0259 Avropa&hellip;","_links":{"self":[{"href":"https:\/\/arantv.az\/index.php?rest_route=\/wp\/v2\/posts\/419881"}],"collection":[{"href":"https:\/\/arantv.az\/index.php?rest_route=\/wp\/v2\/posts"}],"about":[{"href":"https:\/\/arantv.az\/index.php?rest_route=\/wp\/v2\/types\/post"}],"author":[{"embeddable":true,"href":"https:\/\/arantv.az\/index.php?rest_route=\/wp\/v2\/users\/2"}],"replies":[{"embeddable":true,"href":"https:\/\/arantv.az\/index.php?rest_route=%2Fwp%2Fv2%2Fcomments&post=419881"}],"version-history":[{"count":0,"href":"https:\/\/arantv.az\/index.php?rest_route=\/wp\/v2\/posts\/419881\/revisions"}],"wp:featuredmedia":[{"embeddable":true,"href":"https:\/\/arantv.az\/index.php?rest_route=\/wp\/v2\/media\/419882"}],"wp:attachment":[{"href":"https:\/\/arantv.az\/index.php?rest_route=%2Fwp%2Fv2%2Fmedia&parent=419881"}],"wp:term":[{"taxonomy":"category","embeddable":true,"href":"https:\/\/arantv.az\/index.php?rest_route=%2Fwp%2Fv2%2Fcategories&post=419881"},{"taxonomy":"post_tag","embeddable":true,"href":"https:\/\/arantv.az\/index.php?rest_route=%2Fwp%2Fv2%2Ftags&post=419881"}],"curies":[{"name":"wp","href":"https:\/\/api.w.org\/{rel}","templated":true}]}}