{"id":419885,"date":"2021-12-27T09:23:55","date_gmt":"2021-12-27T06:23:55","guid":{"rendered":"http:\/\/arantv.az\/?p=419885"},"modified":"2021-12-27T09:23:55","modified_gmt":"2021-12-27T06:23:55","slug":"az%c9%99rbaycanli-polkovnikin-qizi-isid-i-nec%c9%99-ifsa-etdi-arasdirma","status":"publish","type":"post","link":"https:\/\/arantv.az\/?p=419885","title":{"rendered":"Az\u0259rbaycanl\u0131 polkovnikin q\u0131z\u0131 \u0130\u015e\u0130D-i nec\u0259 if\u015fa etdi? &#8211; ARA\u015eDIRMA"},"content":{"rendered":"<p><em><strong>Qan Tural\u0131 yaz\u0131r&#8230;<\/strong><\/em><\/p>\n<p>\u0130\u015e\u0130D terror t\u0259\u015fkilat\u0131n\u0131n T\u00fcrkiy\u0259d\u0259 f\u0259aliyy\u0259t g\u00f6st\u0259r\u0259n \u00e7oxsayl\u0131 qrupla\u015fmalar\u0131ndan biri d\u0259 m\u0259rk\u0259zi Ad\u0131yamanda yerl\u0259\u015f\u0259n \u201cDokumac\u0131lar qrupu\u201d idi. Qrupu r\u0259hb\u0259ri Mustafa Dokumac\u0131n\u0131n soyad\u0131na g\u00f6r\u0259 bel\u0259 adland\u0131r\u0131rd\u0131lar. Onlar T\u00fcrkiy\u0259d\u0259 m\u00fcxt\u0259lif terror aktlar\u0131 h\u0259yata ke\u00e7irmi\u015fdil\u0259r. Bel\u0259 ki, T\u00fcrkiy\u0259 tarixind\u0259 ba\u015f vermi\u015f \u0259n b\u00f6y\u00fck kamikadze akt\u0131n\u0131n &#8211; Ankara D\u0259miryol Va\u011fzal\u0131ndak\u0131 qanl\u0131 terrorun icra\u00e7\u0131lar\u0131 m\u0259hz bu qrupun \u00fczvl\u0259ri idi. \u015eanl\u0131urfan\u0131n S\u00fcru\u00e7 q\u0259s\u0259b\u0259sind\u0259ki terror akt\u0131 da onlar\u0131n \u0259m\u0259li idi. Bundan \u0259lav\u0259 qrup Ad\u0131yamanda aktiv ideoloji i\u015f apar\u0131r, Suriyaya m\u00fccahidl\u0259r g\u00f6nd\u0259rirdi. \u201c\u018fl Monitor\u201d n\u0259\u015fri qrupu \u0130\u015e\u0130D-in \u201ckamikadze anbar\u0131\u201d adland\u0131r\u0131rd\u0131.\u00a0Bu ifad\u0259d\u0259n sonra T\u00fcrk polisinin \u0130\u015e\u0130D \u0259leyhin\u0259 \u0259m\u0259liyyatlar\u0131 intensivl\u0259\u015fm\u0259y\u0259 ba\u015flad\u0131.<\/p>\n<p>\u201cDokumac\u0131lar qrupu\u201dun r\u0259hb\u0259ri Mustafa Dokumac\u0131n\u0131n h\u0259yat yolda\u015f\u0131 \u00dclk\u0259r M\u0259mm\u0259dova is\u0259 Az\u0259rbaycan v\u0259t\u0259nda\u015f\u0131d\u0131r. Bu ilin oktyabr ay\u0131nda Suriyadan qeyri-qanuni yollarla T\u00fcrkiy\u0259y\u0259 ke\u00e7m\u0259y\u0259 \u00e7al\u0131\u015fan \u00dclk\u0259r M\u0259mm\u0259dova saxlan\u0131l\u0131b.<\/p>\n<p>\u0130stintaqla \u0259m\u0259kda\u015fl\u0131\u011fa ged\u0259n \u00dclk\u0259r M\u0259mm\u0259dova ifad\u0259sind\u0259 114 \u0130\u015e\u0130D \u00fczv\u00fc il\u0259 ba\u011fl\u0131 m\u0259lumat verdi v\u0259 34-\u00fc qad\u0131n olan 60 terror\u00e7unun\u00a0\u015f\u0259xsiyy\u0259ti\u00a0m\u00fc\u0259yy\u0259nl\u0259\u015fdirildi. \u018fri Mustafa Dokumac\u0131n\u0131n 2020-ci ild\u0259 dron h\u00fccumunda h\u0259lak oldu\u011funu bildir\u0259n \u00dclk\u0259r M\u0259mm\u0259dovan\u0131n istintaqa verdiyi ifad\u0259ni \u201cDW T\u00fcrk\u00e7e\u201d \u0259ld\u0259 ed\u0259r\u0259k yay\u0131mlad\u0131.<\/p>\n<p>\u00dclk\u0259r M\u0259mm\u0259dovan\u0131n \u015f\u0259xsiyy\u0259ti T\u00fcrk polisin\u0259 \u0259vv\u0259ld\u0259n b\u0259lli idi. O, T\u00fcrkiy\u0259 polisi v\u0259 \u0130nterpol t\u0259r\u0259find\u0259n potensial kamikadze kimi q\u0131rm\u0131z\u0131 b\u00fclletenl\u0259 axtar\u0131l\u0131rd\u0131. \u018fri Mustafa Dokumac\u0131 da d\u0259miryol va\u011fzal\u0131ndak\u0131 terror akt\u0131n\u0131n t\u0259\u015fkilat\u00e7\u0131s\u0131 kimi axtar\u0131\u015fda idi.<\/p>\n<p>\u0130stintaqa verdiyi ifad\u0259d\u0259 \u00dclk\u0259r M\u0259mm\u0259dova atas\u0131n\u0131n istefada olan polkovnik oldu\u011funu bildirs\u0259 d\u0259, atas\u0131n\u0131n ad\u0131 mediada yer almam\u0131\u015fd\u0131. Ancaq 24 dekabrda T\u00fcrkiy\u0259 Daxili \u0130\u015fl\u0259r v\u0259 X\u0259zin\u0259-Maliyy\u0259 nazirl\u0259rinin imzas\u0131 il\u0259 \u201cR\u0259smi q\u0259zet\u201dd\u0259 \u00e7ap edil\u0259n q\u0259rarla \u0259mlak\u0131na h\u0259bs qoyulan 770 \u015f\u0259xsin siyah\u0131s\u0131 \u00e7ap edildi. H\u0259min siyah\u0131da \u00dclk\u0259r M\u0259mm\u0259dovan\u0131n da ad\u0131 var. Bu r\u0259smi s\u0259n\u0259d\u0259 g\u00f6r\u0259 1987-ci ild\u0259 Qubadl\u0131da anadan olan \u00dclk\u0259r M\u0259mm\u0259dovan\u0131n atas\u0131n\u0131n ad\u0131 \u015eahmurad, anas\u0131n\u0131n ad\u0131 is\u0259 Sevdad\u0131r. Ki\u00e7ik bir ara\u015fd\u0131rma n\u0259tic\u0259sind\u0259 h\u0259min \u015f\u0259xsin Terrorizml\u0259 \u0130ctimai M\u00fcbariz\u0259 M\u0259rk\u0259zinin r\u0259hb\u0259ri, ehtiyatda olan polkovnik-leytenant \u015eahmurad M\u0259mm\u0259dov oldu\u011fu m\u00fc\u0259yy\u0259nl\u0259\u015fdirm\u0259k m\u00fcmk\u00fcnd\u00fcr.<\/p>\n<p>\u00dclk\u0259r M\u0259mm\u0259dovan\u0131n Az\u0259rbaycanla ba\u011fl\u0131 ifad\u0259l\u0259ri dola\u015f\u0131q v\u0259 \u0259sass\u0131zd\u0131r. Bel\u0259 ki, o Az\u0259rbaycanda politologiya fak\u00fclt\u0259sin\u0259 daxil oldu\u011funu, ancaq hicab taxd\u0131\u011f\u0131na g\u00f6r\u0259 universitet\u0259 burax\u0131lmad\u0131\u011f\u0131n\u0131 bildirir. Az\u0259rbaycan\u0131n ali t\u0259hsil sistemind\u0259 bel\u0259 qada\u011fan\u0131n olmad\u0131\u011f\u0131 h\u0259r k\u0259s\u0259 ayd\u0131nd\u0131r. Daha sonra \u201c\u015e\u0259bn\u0259m Q\u0131zlar M\u0259dr\u0259s\u0259si\u201dnd\u0259 t\u0259hsil ald\u0131\u011f\u0131n\u0131 bildir\u0259n \u00dclk\u0259r M\u0259mm\u0259dova 2010-cu ild\u0259 Konyal S\u0259lcuq Universitetin\u0259 daxil oldu\u011funu qeyd edir.<\/p>\n<p>Mustafa Dokumac\u0131 il\u0259 \u201cFacebook\u201dda tan\u0131\u015f olan \u00dclk\u0259r M\u0259mm\u0259dova T\u00fcrkiy\u0259y\u0259 g\u0259l\u0259r\u0259k onunla evl\u0259nir. \u018frinin t\u0259lqinl\u0259ri il\u0259 cihad\u00e7\u0131 ideologiyan\u0131n t\u0259siri alt\u0131na d\u00fc\u015f\u0259n \u00dclk\u0259r M\u0259mm\u0259dova 2014-c\u00fc ild\u0259 \u0259ri il\u0259 birg\u0259 qanunsuz yollarla Suriyaya getdiyini, h\u0259min d\u00f6vrd\u0259 Suriyada \u0130\u015e\u0130D v\u0259 Nusra aras\u0131nda qar\u015f\u0131durmalar yarand\u0131\u011f\u0131n\u0131, Nusran\u0131n \u0130\u015e\u0130D-in himay\u0259sind\u0259 olan \u0259lli qad\u0131n\u0131 qa\u00e7\u0131raraq onlar\u0131 zorlad\u0131\u011f\u0131 bar\u0259d\u0259 \u015fayi\u0259l\u0259r yay\u0131ld\u0131\u011f\u0131n\u0131 v\u0259 bu s\u0259b\u0259bd\u0259n T\u00fcrkiy\u0259y\u0259 geri qay\u0131td\u0131qlar\u0131n\u0131 da etiraf edir. \u018fri \u00dclk\u0259ri Az\u0259rbaycana g\u00f6nd\u0259rir, \u00f6z\u00fc is\u0259 Suriyaya qay\u0131d\u0131r. \u00c7\u00fcnki T\u00fcrkiy\u0259d\u0259 onu polis axtar\u0131rd\u0131.<\/p>\n<p>Bir ay sonra yenid\u0259n Suriyaya qay\u0131dan \u00dclk\u0259r M\u0259mm\u0259dova burda d\u0259h\u015f\u0259tli m\u00fcharib\u0259 s\u0259hn\u0259l\u0259rin\u0259 \u015fahidlik edir: \u201cPKK\/PYD t\u0259\u015fkilat\u0131n\u0131n \u00fczvl\u0259ri d\u00fc\u015f\u0259rg\u0259y\u0259 suriyal\u0131 qad\u0131nlar\u0131 g\u0259tir\u0259r\u0259k onlar\u0131 fahi\u015f\u0259liy\u0259 m\u0259cbur edirdi. Ordak\u0131 alver\u00e7il\u0259r v\u0259 \u0259sg\u0259rl\u0259r bu qad\u0131nlarla m\u00fcnasib\u0259td\u0259 olurdu\u201d.<\/p>\n<p>\u0130\u015e\u0130D-in d\u00f6y\u00fc\u015fl\u0259rd\u0259 a\u011f\u0131r m\u0259\u011flubiyy\u0259tl\u0259r alaraq tutdu\u011fu \u0259razil\u0259ri \u0259ld\u0259n verm\u0259si il\u0259 prosesl\u0259r d\u0259yi\u015fm\u0259y\u0259 ba\u015flay\u0131r. \u00dclk\u0259r M\u0259mm\u0259dova \u0259rind\u0259n Suriyadan \u00e7\u0131x\u0131b getm\u0259l\u0259rini xahi\u015f ets\u0259 d\u0259, \u0259ri ona m\u00fcqavim\u0259t g\u00f6st\u0259rdiyini, \u201cU\u015faqlar\u0131 burda qoy, \u00f6z kafir \u00f6lk\u0259n\u0259 qay\u0131t\u201d dediyini bildirir. \u018frinin v\u0259fat\u0131ndan sonra \u00dclk\u0259r M\u0259mm\u0259dova T\u00fcrkiy\u0259d\u0259 ya\u015fayan qayn\u0131 il\u0259 \u0259laq\u0259 yaradaraq ora qay\u0131d\u0131r. Onun saxlan\u0131lmas\u0131 il\u0259 ba\u011fl\u0131 da f\u0259rqli variantlar m\u00f6vcuddur. Bel\u0259 ki, ifad\u0259sind\u0259 k\u00f6n\u00fcll\u00fc \u015f\u0259kild\u0259 t\u0259slim oldu\u011funu bildir\u0259n \u00dclk\u0259r M\u0259mm\u0259dova il\u0259 ba\u011fl\u0131 x\u0259b\u0259rl\u0259rd\u0259\u00a0onun qayn\u0131n\u0131n verdiyi m\u0259lumat \u0259sas\u0131nda saxlan\u0131ld\u0131\u011f\u0131 bildirilir.<\/p>\n<p>Haz\u0131rda h\u0259bsd\u0259 olan \u00dclk\u0259r M\u0259mm\u0259dovan\u0131n uzunm\u00fcdd\u0259tli h\u0259bs c\u0259zas\u0131 alaca\u011f\u0131 g\u00f6zl\u0259nilir. \u00dclk\u0259r M\u0259mm\u0259dovan\u0131n Mustafa Dokumac\u0131 il\u0259 nikah\u0131ndan iki u\u015fa\u011f\u0131n\u0131n oldu\u011fu da bildirilir.<\/p>\n<p>&nbsp;<\/p>\n<div class=\"gallery\">\n<div class=\"gallery-i\"><img src=\"https:\/\/cdn.oxu.az\/uploads\/W1siZiIsIjIwMjEvMTIvMjcvMDkvMTkvNDMvOWI0ZGMyODktNWNmMy00ZmVkLTg0MzUtODdiNDU5OGM3YTRmL1NjcmVlbnNob3QgKDg2KS5wbmciXSxbInAiLCJlbmNvZGUiLCJqcGciLCItcXVhbGl0eSA4MCJdLFsicCIsInRodW1iIiwiNTkweDU5MFx1MDAzZSJdXQ?sha=86cd155e9810f477\" alt=\"\" \/><\/p>\n<div class=\"gallery-i-caption\"><\/div>\n<\/div>\n<div class=\"gallery-i\"><img src=\"https:\/\/cdn.oxu.az\/uploads\/W1siZiIsIjIwMjEvMTIvMjcvMDkvMTkvNDQvYTE2ZWIxMzQtNzM3YS00NTY2LTlkMDItZjRkMzQzZjI3ODkxL1NhaG11cmFkIE1lbW1lZG92LnBuZyJdLFsicCIsImVuY29kZSIsImpwZyIsIi1xdWFsaXR5IDgwIl0sWyJwIiwidGh1bWIiLCI1OTB4NTkwXHUwMDNlIl1d?sha=331172ca8ccf8a9a\" alt=\"\" \/><\/p>\n<div class=\"gallery-i-caption\"><\/div>\n<\/div>\n<div class=\"gallery-i\"><img src=\"https:\/\/cdn.oxu.az\/uploads\/W1siZiIsIjIwMjEvMTIvMjcvMDkvMTkvNDQvZmU1MDQ0NGUtMDk0Yi00N2IyLWE1ODgtYTRjNTJjZmU5YjA2L1NjcmVlbnNob3QgKDg5KS5wbmciXSxbInAiLCJlbmNvZGUiLCJqcGciLCItcXVhbGl0eSA4MCJdLFsicCIsInRodW1iIiwiNTkweDU5MFx1MDAzZSJdXQ?sha=b35722374fa22835\" alt=\"\" \/><\/p>\n<div class=\"gallery-i-caption\"><\/div>\n<\/div>\n<div class=\"gallery-i\"><img src=\"https:\/\/cdn.oxu.az\/uploads\/W1siZiIsIjIwMjEvMTIvMjcvMDkvMTkvNDQvZTYxNjBmMmItNDY2NS00ZTlkLWI4YjAtOWM0ZTNkMDU5Mzg2L1NjcmVlbnNob3QgKDg1KS5wbmciXSxbInAiLCJlbmNvZGUiLCJqcGciLCItcXVhbGl0eSA4MCJdLFsicCIsInRodW1iIiwiNTkweDU5MFx1MDAzZSJdXQ?sha=0f8231897c347f92\" alt=\"\" \/><\/p>\n<div class=\"gallery-i-caption\"><\/div>\n<\/div>\n<div class=\"gallery-i\"><img src=\"https:\/\/cdn.oxu.az\/uploads\/W1siZiIsIjIwMjEvMTIvMjcvMDkvMTkvNDQvYWQzNTNhZjQtNjQwMC00OGJmLTkxMTUtM2M4NTY0ODYxZWJiL2V0aGEtMjAyMTExMjYtaXNpZGxpLXVsa2FyLW1hbW1hZG92YS1tdXN0YWZhLWRva3VtYWNpLmpwZyJdLFsicCIsImVuY29kZSIsImpwZyIsIi1xdWFsaXR5IDgwIl0sWyJwIiwidGh1bWIiLCI1OTB4NTkwXHUwMDNlIl1d?sha=a6f8386c51bb1bca\" alt=\"\" \/><\/p>\n<div class=\"gallery-i-caption\"><\/div>\n<\/div>\n<div class=\"gallery-i\"><img src=\"https:\/\/cdn.oxu.az\/uploads\/W1siZiIsIjIwMjEvMTIvMjcvMDkvMTkvNDQvNTM3YjI0OWItNWFiYy00N2IzLTg3ZTQtZWNhYjI5ZTg1MTAyLzE2NDAyOTc4MDc5OTktc2NyZWVuc2hvdC0yLnBuZyJdLFsicCIsImVuY29kZSIsImpwZyIsIi1xdWFsaXR5IDgwIl0sWyJwIiwidGh1bWIiLCI1OTB4NTkwXHUwMDNlIl1d?sha=b842f73b454dd115\" alt=\"\" \/><\/p>\n<div class=\"gallery-i-caption\"><\/div>\n<\/div>\n<div class=\"gallery-i\"><img src=\"https:\/\/cdn.oxu.az\/uploads\/W1siZiIsIjIwMjEvMTIvMjcvMDkvMTkvNDQvMDU0YTU0YWItOWYzYy00YWE5LWJlM2UtM2RmOWIyYmExMzM4LzU5OTI5MTM2XzQwMy5qcGciXSxbInAiLCJlbmNvZGUiLCJqcGciLCItcXVhbGl0eSA4MCJdLFsicCIsInRodW1iIiwiNTkweDU5MFx1MDAzZSJdXQ?sha=a8cbf18acd22a14d\" alt=\"\" \/><\/p>\n<div class=\"gallery-i-caption\"><\/div>\n<\/div>\n<div class=\"gallery-i\"><img src=\"https:\/\/cdn.oxu.az\/uploads\/W1siZiIsIjIwMjEvMTIvMjcvMDkvMTkvNDUvMTMxNDA3MDQtMDA2Yi00M2Y1LWJiN2QtMDRhY2ExMzEyY2ExL2FyYW5hbi10ZXJvcmlzdC1saXN0ZXNpLWd1bmNlbGxlbmRpLWI5NzczYi5qcGciXSxbInAiLCJlbmNvZGUiLCJqcGciLCItcXVhbGl0eSA4MCJdLFsicCIsInRodW1iIiwiNTkweDU5MFx1MDAzZSJdXQ?sha=963c4a1c4c428a93\" alt=\"\" \/><\/p>\n<div class=\"gallery-i-caption\"><\/div>\n<\/div>\n<div class=\"gallery-i\"><img src=\"https:\/\/cdn.oxu.az\/uploads\/W1siZiIsIjIwMjEvMTIvMjcvMDkvMTkvNDUvMjliMzk3NTUtMDkxZi00NzgwLTg2ZTEtMDUwMTUzZmE3MDU2LzYwYzc0OThiOTMyMTUxM2MxODVmMWVmMC5qcGciXSxbInAiLCJlbmNvZGUiLCJqcGciLCItcXVhbGl0eSA4MCJdLFsicCIsInRodW1iIiwiNTkweDU5MFx1MDAzZSJdXQ?sha=504e6721e33a9371\" alt=\"\" \/><\/p>\n<div class=\"gallery-i-caption\"><\/div>\n<\/div>\n<div class=\"gallery-i\"><img src=\"https:\/\/cdn.oxu.az\/uploads\/W1siZiIsIjIwMjEvMTIvMjcvMDkvMTkvNDUvZWNkOWJmOWMtNjgzNy00MjVmLTg1ZjEtYTYzOGE1MWJkNzNhLzJGRl9saXN0ZS5qcGciXSxbInAiLCJlbmNvZGUiLCJqcGciLCItcXVhbGl0eSA4MCJdLFsicCIsInRodW1iIiwiNTkweDU5MFx1MDAzZSJdXQ?sha=ad04a56a5ea119e2\" alt=\"\" \/><\/div>\n<\/div>\n","protected":false},"excerpt":{"rendered":"<p>Qan Tural\u0131 yaz\u0131r&#8230; \u0130\u015e\u0130D terror t\u0259\u015fkilat\u0131n\u0131n T\u00fcrkiy\u0259d\u0259 f\u0259aliyy\u0259t g\u00f6st\u0259r\u0259n \u00e7oxsayl\u0131 qrupla\u015fmalar\u0131ndan biri d\u0259 m\u0259rk\u0259zi Ad\u0131yamanda yerl\u0259\u015f\u0259n \u201cDokumac\u0131lar qrupu\u201d idi. Qrupu r\u0259hb\u0259ri Mustafa Dokumac\u0131n\u0131n soyad\u0131na g\u00f6r\u0259 bel\u0259 adland\u0131r\u0131rd\u0131lar. Onlar T\u00fcrkiy\u0259d\u0259 m\u00fcxt\u0259lif terror aktlar\u0131 h\u0259yata ke\u00e7irmi\u015fdil\u0259r. Bel\u0259 ki, T\u00fcrkiy\u0259 tarixind\u0259 ba\u015f vermi\u015f \u0259n b\u00f6y\u00fck kamikadze akt\u0131n\u0131n &#8211; Ankara D\u0259miryol Va\u011fzal\u0131ndak\u0131 qanl\u0131 terrorun icra\u00e7\u0131lar\u0131 m\u0259hz bu qrupun \u00fczvl\u0259ri idi. \u015eanl\u0131urfan\u0131n S\u00fcru\u00e7 q\u0259s\u0259b\u0259sind\u0259ki terror akt\u0131 da onlar\u0131n \u0259m\u0259li idi. Bundan \u0259lav\u0259 qrup Ad\u0131yamanda aktiv ideoloji i\u015f apar\u0131r, Suriyaya m\u00fccahidl\u0259r g\u00f6nd\u0259rirdi. \u201c\u018fl Monitor\u201d n\u0259\u015fri qrupu \u0130\u015e\u0130D-in \u201ckamikadze anbar\u0131\u201d adland\u0131r\u0131rd\u0131.\u00a0Bu ifad\u0259d\u0259n sonra T\u00fcrk polisinin \u0130\u015e\u0130D \u0259leyhin\u0259&hellip;<\/p>\n","protected":false},"author":2,"featured_media":419886,"comment_status":"closed","ping_status":"closed","sticky":false,"template":"","format":"standard","meta":{"om_disable_all_campaigns":false,"_monsterinsights_skip_tracking":false,"_monsterinsights_sitenote_active":false,"_monsterinsights_sitenote_note":"","_monsterinsights_sitenote_category":0},"categories":[26],"tags":[],"aioseo_notices":[],"gutentor_comment":0,"rttpg_featured_image_url":{"full":["https:\/\/arantv.az\/wp-content\/uploads\/2021\/12\/FotoJet-2021-12-27T101652.470.jpg",620,413,false],"landscape":["https:\/\/arantv.az\/wp-content\/uploads\/2021\/12\/FotoJet-2021-12-27T101652.470.jpg",620,413,false],"portraits":["https:\/\/arantv.az\/wp-content\/uploads\/2021\/12\/FotoJet-2021-12-27T101652.470.jpg",620,413,false],"thumbnail":["https:\/\/arantv.az\/wp-content\/uploads\/2021\/12\/FotoJet-2021-12-27T101652.470-500x280.jpg",500,280,true],"medium":["https:\/\/arantv.az\/wp-content\/uploads\/2021\/12\/FotoJet-2021-12-27T101652.470-548x365.jpg",548,365,true],"large":["https:\/\/arantv.az\/wp-content\/uploads\/2021\/12\/FotoJet-2021-12-27T101652.470.jpg",620,413,false],"1536x1536":["https:\/\/arantv.az\/wp-content\/uploads\/2021\/12\/FotoJet-2021-12-27T101652.470.jpg",620,413,false],"2048x2048":["https:\/\/arantv.az\/wp-content\/uploads\/2021\/12\/FotoJet-2021-12-27T101652.470.jpg",620,413,false],"post-thumbnail":["https:\/\/arantv.az\/wp-content\/uploads\/2021\/12\/FotoJet-2021-12-27T101652.470-240x172.jpg",240,172,true],"advps-thumb-one":["https:\/\/arantv.az\/wp-content\/uploads\/2021\/12\/FotoJet-2021-12-27T101652.470.jpg",620,413,false]},"rttpg_author":{"display_name":"V\u00fcsal Rafiqo\u011flu","author_link":"https:\/\/arantv.az\/?author=2"},"rttpg_comment":0,"rttpg_category":"<a href=\"https:\/\/arantv.az\/?cat=26\" rel=\"category\">Sosial<\/a>","rttpg_excerpt":"Qan Tural\u0131 yaz\u0131r&#8230; \u0130\u015e\u0130D terror t\u0259\u015fkilat\u0131n\u0131n T\u00fcrkiy\u0259d\u0259 f\u0259aliyy\u0259t g\u00f6st\u0259r\u0259n \u00e7oxsayl\u0131 qrupla\u015fmalar\u0131ndan biri d\u0259 m\u0259rk\u0259zi Ad\u0131yamanda yerl\u0259\u015f\u0259n \u201cDokumac\u0131lar qrupu\u201d idi. Qrupu r\u0259hb\u0259ri Mustafa Dokumac\u0131n\u0131n soyad\u0131na g\u00f6r\u0259 bel\u0259 adland\u0131r\u0131rd\u0131lar. Onlar T\u00fcrkiy\u0259d\u0259 m\u00fcxt\u0259lif terror aktlar\u0131 h\u0259yata ke\u00e7irmi\u015fdil\u0259r. Bel\u0259 ki, T\u00fcrkiy\u0259 tarixind\u0259 ba\u015f vermi\u015f \u0259n b\u00f6y\u00fck kamikadze akt\u0131n\u0131n &#8211; Ankara D\u0259miryol Va\u011fzal\u0131ndak\u0131 qanl\u0131 terrorun icra\u00e7\u0131lar\u0131 m\u0259hz bu qrupun \u00fczvl\u0259ri&hellip;","_links":{"self":[{"href":"https:\/\/arantv.az\/index.php?rest_route=\/wp\/v2\/posts\/419885"}],"collection":[{"href":"https:\/\/arantv.az\/index.php?rest_route=\/wp\/v2\/posts"}],"about":[{"href":"https:\/\/arantv.az\/index.php?rest_route=\/wp\/v2\/types\/post"}],"author":[{"embeddable":true,"href":"https:\/\/arantv.az\/index.php?rest_route=\/wp\/v2\/users\/2"}],"replies":[{"embeddable":true,"href":"https:\/\/arantv.az\/index.php?rest_route=%2Fwp%2Fv2%2Fcomments&post=419885"}],"version-history":[{"count":0,"href":"https:\/\/arantv.az\/index.php?rest_route=\/wp\/v2\/posts\/419885\/revisions"}],"wp:featuredmedia":[{"embeddable":true,"href":"https:\/\/arantv.az\/index.php?rest_route=\/wp\/v2\/media\/419886"}],"wp:attachment":[{"href":"https:\/\/arantv.az\/index.php?rest_route=%2Fwp%2Fv2%2Fmedia&parent=419885"}],"wp:term":[{"taxonomy":"category","embeddable":true,"href":"https:\/\/arantv.az\/index.php?rest_route=%2Fwp%2Fv2%2Fcategories&post=419885"},{"taxonomy":"post_tag","embeddable":true,"href":"https:\/\/arantv.az\/index.php?rest_route=%2Fwp%2Fv2%2Ftags&post=419885"}],"curies":[{"name":"wp","href":"https:\/\/api.w.org\/{rel}","templated":true}]}}