{"id":419888,"date":"2021-12-27T09:25:22","date_gmt":"2021-12-27T06:25:22","guid":{"rendered":"http:\/\/arantv.az\/?p=419888"},"modified":"2021-12-27T09:25:22","modified_gmt":"2021-12-27T06:25:22","slug":"%c9%99m%c9%99kdar-jurnalist-v%c9%99fat-etdi-2","status":"publish","type":"post","link":"https:\/\/arantv.az\/?p=419888","title":{"rendered":"\u018fm\u0259kdar jurnalist v\u0259fat etdi"},"content":{"rendered":"<p>Yaz\u0131\u00e7\u0131-publisist, \u018fm\u0259kdar jurnalist \u018fhm\u0259d \u0130sayev v\u0259fat edib.<\/p>\n<p><strong>ARANTV.AZ<\/strong>-\u0131n m\u0259lumat\u0131na g\u00f6r\u0259, o, \u00fcr\u0259k \u00e7at\u0131\u015fmazl\u0131\u011f\u0131ndan d\u00fcnyas\u0131n\u0131 d\u0259yi\u015fib.<\/p>\n<p>Qeyd ed\u0259k ki, o, 30 avqust 1940-c\u0131 ild\u0259 Zaqatala rayonunun Suvagil k\u0259ndind\u0259 anadan olub. Orta m\u0259kt\u0259bi bitir\u0259n kimi t\u0259s\u0259rr\u00fcfatda \u0259m\u0259k f\u0259aliyy\u0259tin\u0259 ba\u015flay\u0131b.<\/p>\n<p>\u018f.\u0130sayev 1964-c\u00fc ild\u0259n Az\u0259rbaycan Jurnalistl\u0259r \u0130ttifaq\u0131n\u0131n, 1992-ci ild\u0259n Az\u0259rbaycan Yaz\u0131\u00e7\u0131lar Birliyinin \u00fczv\u00fc, Az\u0259rbaycan\u0131n \u018fm\u0259kdar jurnalisti (1987), \u201cQ\u0131z\u0131l q\u0259l\u0259m\u201d (1974), \u201cUstad\u201d ali jurnalistika (1995), \u201cH\u0259s\u0259n b\u0259y Z\u0259rdabi\u201d (1996) v\u0259 \u201cAraz\u201d (1999) ali \u0259d\u0259bi m\u00fckafatlar\u0131 laureat\u0131, 2003-c\u00fc ild\u0259n AKTA-n\u0131n f\u0259xri doktoru, 1992-ci ild\u0259n \u201cG\u0259nc\u0259 v\u0259 g\u0259nc\u0259lil\u0259r\u201d Xeyriyy\u0259 C\u0259miyy\u0259tinin s\u0259dri olub.<\/p>\n","protected":false},"excerpt":{"rendered":"<p>Yaz\u0131\u00e7\u0131-publisist, \u018fm\u0259kdar jurnalist \u018fhm\u0259d \u0130sayev v\u0259fat edib. ARANTV.AZ-\u0131n m\u0259lumat\u0131na g\u00f6r\u0259, o, \u00fcr\u0259k \u00e7at\u0131\u015fmazl\u0131\u011f\u0131ndan d\u00fcnyas\u0131n\u0131 d\u0259yi\u015fib. Qeyd ed\u0259k ki, o, 30 avqust 1940-c\u0131 ild\u0259 Zaqatala rayonunun Suvagil k\u0259ndind\u0259 anadan olub. Orta m\u0259kt\u0259bi bitir\u0259n kimi t\u0259s\u0259rr\u00fcfatda \u0259m\u0259k f\u0259aliyy\u0259tin\u0259 ba\u015flay\u0131b. \u018f.\u0130sayev 1964-c\u00fc ild\u0259n Az\u0259rbaycan Jurnalistl\u0259r \u0130ttifaq\u0131n\u0131n, 1992-ci ild\u0259n Az\u0259rbaycan Yaz\u0131\u00e7\u0131lar Birliyinin \u00fczv\u00fc, Az\u0259rbaycan\u0131n \u018fm\u0259kdar jurnalisti (1987), \u201cQ\u0131z\u0131l q\u0259l\u0259m\u201d (1974), \u201cUstad\u201d ali jurnalistika (1995), \u201cH\u0259s\u0259n b\u0259y Z\u0259rdabi\u201d (1996) v\u0259 \u201cAraz\u201d (1999) ali \u0259d\u0259bi m\u00fckafatlar\u0131 laureat\u0131, 2003-c\u00fc ild\u0259n AKTA-n\u0131n f\u0259xri doktoru, 1992-ci ild\u0259n \u201cG\u0259nc\u0259 v\u0259 g\u0259nc\u0259lil\u0259r\u201d Xeyriyy\u0259 C\u0259miyy\u0259tinin s\u0259dri olub.<\/p>\n","protected":false},"author":2,"featured_media":419889,"comment_status":"closed","ping_status":"closed","sticky":false,"template":"","format":"standard","meta":{"om_disable_all_campaigns":false,"_monsterinsights_skip_tracking":false,"_monsterinsights_sitenote_active":false,"_monsterinsights_sitenote_note":"","_monsterinsights_sitenote_category":0},"categories":[5],"tags":[],"aioseo_notices":[],"gutentor_comment":0,"rttpg_featured_image_url":{"full":["https:\/\/arantv.az\/wp-content\/uploads\/2021\/12\/FotoJet-44-1.jpg",620,413,false],"landscape":["https:\/\/arantv.az\/wp-content\/uploads\/2021\/12\/FotoJet-44-1.jpg",620,413,false],"portraits":["https:\/\/arantv.az\/wp-content\/uploads\/2021\/12\/FotoJet-44-1.jpg",620,413,false],"thumbnail":["https:\/\/arantv.az\/wp-content\/uploads\/2021\/12\/FotoJet-44-1-500x280.jpg",500,280,true],"medium":["https:\/\/arantv.az\/wp-content\/uploads\/2021\/12\/FotoJet-44-1-548x365.jpg",548,365,true],"large":["https:\/\/arantv.az\/wp-content\/uploads\/2021\/12\/FotoJet-44-1.jpg",620,413,false],"1536x1536":["https:\/\/arantv.az\/wp-content\/uploads\/2021\/12\/FotoJet-44-1.jpg",620,413,false],"2048x2048":["https:\/\/arantv.az\/wp-content\/uploads\/2021\/12\/FotoJet-44-1.jpg",620,413,false],"post-thumbnail":["https:\/\/arantv.az\/wp-content\/uploads\/2021\/12\/FotoJet-44-1-240x172.jpg",240,172,true],"advps-thumb-one":["https:\/\/arantv.az\/wp-content\/uploads\/2021\/12\/FotoJet-44-1.jpg",620,413,false]},"rttpg_author":{"display_name":"V\u00fcsal Rafiqo\u011flu","author_link":"https:\/\/arantv.az\/?author=2"},"rttpg_comment":0,"rttpg_category":"<a href=\"https:\/\/arantv.az\/?cat=5\" rel=\"category\">Hadis\u0259<\/a>","rttpg_excerpt":"Yaz\u0131\u00e7\u0131-publisist, \u018fm\u0259kdar jurnalist \u018fhm\u0259d \u0130sayev v\u0259fat edib. ARANTV.AZ-\u0131n m\u0259lumat\u0131na g\u00f6r\u0259, o, \u00fcr\u0259k \u00e7at\u0131\u015fmazl\u0131\u011f\u0131ndan d\u00fcnyas\u0131n\u0131 d\u0259yi\u015fib. Qeyd ed\u0259k ki, o, 30 avqust 1940-c\u0131 ild\u0259 Zaqatala rayonunun Suvagil k\u0259ndind\u0259 anadan olub. Orta m\u0259kt\u0259bi bitir\u0259n kimi t\u0259s\u0259rr\u00fcfatda \u0259m\u0259k f\u0259aliyy\u0259tin\u0259 ba\u015flay\u0131b. \u018f.\u0130sayev 1964-c\u00fc ild\u0259n Az\u0259rbaycan Jurnalistl\u0259r \u0130ttifaq\u0131n\u0131n, 1992-ci ild\u0259n Az\u0259rbaycan Yaz\u0131\u00e7\u0131lar Birliyinin \u00fczv\u00fc, Az\u0259rbaycan\u0131n \u018fm\u0259kdar jurnalisti (1987), \u201cQ\u0131z\u0131l q\u0259l\u0259m\u201d&hellip;","_links":{"self":[{"href":"https:\/\/arantv.az\/index.php?rest_route=\/wp\/v2\/posts\/419888"}],"collection":[{"href":"https:\/\/arantv.az\/index.php?rest_route=\/wp\/v2\/posts"}],"about":[{"href":"https:\/\/arantv.az\/index.php?rest_route=\/wp\/v2\/types\/post"}],"author":[{"embeddable":true,"href":"https:\/\/arantv.az\/index.php?rest_route=\/wp\/v2\/users\/2"}],"replies":[{"embeddable":true,"href":"https:\/\/arantv.az\/index.php?rest_route=%2Fwp%2Fv2%2Fcomments&post=419888"}],"version-history":[{"count":0,"href":"https:\/\/arantv.az\/index.php?rest_route=\/wp\/v2\/posts\/419888\/revisions"}],"wp:featuredmedia":[{"embeddable":true,"href":"https:\/\/arantv.az\/index.php?rest_route=\/wp\/v2\/media\/419889"}],"wp:attachment":[{"href":"https:\/\/arantv.az\/index.php?rest_route=%2Fwp%2Fv2%2Fmedia&parent=419888"}],"wp:term":[{"taxonomy":"category","embeddable":true,"href":"https:\/\/arantv.az\/index.php?rest_route=%2Fwp%2Fv2%2Fcategories&post=419888"},{"taxonomy":"post_tag","embeddable":true,"href":"https:\/\/arantv.az\/index.php?rest_route=%2Fwp%2Fv2%2Ftags&post=419888"}],"curies":[{"name":"wp","href":"https:\/\/api.w.org\/{rel}","templated":true}]}}