{"id":419891,"date":"2021-12-27T09:26:21","date_gmt":"2021-12-27T06:26:21","guid":{"rendered":"http:\/\/arantv.az\/?p=419891"},"modified":"2021-12-27T09:26:21","modified_gmt":"2021-12-27T06:26:21","slug":"ilham-%c9%99liyev-az%c9%99rtac-in-yeni-binasi-il%c9%99-tanis-oldu-foto","status":"publish","type":"post","link":"https:\/\/arantv.az\/?p=419891","title":{"rendered":"\u0130lham \u018fliyev AZ\u018fRTAC-\u0131n yeni binas\u0131 il\u0259 tan\u0131\u015f oldu &#8211; FOTO"},"content":{"rendered":"<p>Az\u0259rbaycan Respublikas\u0131n\u0131n Prezidenti \u0130lham \u018fliyev dekabr\u0131n 27-d\u0259 Az\u0259rbaycan D\u00f6vl\u0259t \u0130nformasiya Agentliyinin &#8211; AZ\u018fRTAC-\u0131n yeni binas\u0131 il\u0259 tan\u0131\u015f olub.<\/p>\n<p><a href=\"https:\/\/azertag.az\/xeber\/Prezident_Ilham_Aliyev_AZARTAC_in_yeni_binasi_ile_tanis_olub_YENILANACAK-1962092\" target=\"_blank\" rel=\"noopener\">AZ\u018fRTAC<\/a>\u00a0x\u0259b\u0259r verir ki, Agentliyin \u0130dar\u0259 Hey\u0259tinin s\u0259dri Aslan Aslanov d\u00f6vl\u0259timizin ba\u015f\u00e7\u0131s\u0131na binada yarad\u0131lan \u015f\u0259raitl\u0259 ba\u011fl\u0131 m\u0259lumat verib.<\/p>\n<p>&nbsp;<\/p>\n<div class=\"gallery\">\n<div class=\"gallery-i\"><img src=\"https:\/\/cdn.oxu.az\/uploads\/W1siZiIsIjIwMjEvMTIvMjcvMDkvNDYvMjcvNjRkZGFhZTEtZDI1NS00Yzk4LTk4N2QtNDlhMTRhZGZjZGU5LzE2NDA1ODM3NDQ1MzY3MTQwNTc0LmpwZyJdLFsicCIsImVuY29kZSIsImpwZyIsIi1xdWFsaXR5IDgwIl0sWyJwIiwidGh1bWIiLCI1OTB4NTkwXHUwMDNlIl1d?sha=761c6e3b24a6d720\" \/><\/div>\n<\/div>\n","protected":false},"excerpt":{"rendered":"<p>Az\u0259rbaycan Respublikas\u0131n\u0131n Prezidenti \u0130lham \u018fliyev dekabr\u0131n 27-d\u0259 Az\u0259rbaycan D\u00f6vl\u0259t \u0130nformasiya Agentliyinin &#8211; AZ\u018fRTAC-\u0131n yeni binas\u0131 il\u0259 tan\u0131\u015f olub. AZ\u018fRTAC\u00a0x\u0259b\u0259r verir ki, Agentliyin \u0130dar\u0259 Hey\u0259tinin s\u0259dri Aslan Aslanov d\u00f6vl\u0259timizin ba\u015f\u00e7\u0131s\u0131na binada yarad\u0131lan \u015f\u0259raitl\u0259 ba\u011fl\u0131 m\u0259lumat verib. &nbsp;<\/p>\n","protected":false},"author":2,"featured_media":419892,"comment_status":"closed","ping_status":"closed","sticky":false,"template":"","format":"standard","meta":{"om_disable_all_campaigns":false,"_monsterinsights_skip_tracking":false,"_monsterinsights_sitenote_active":false,"_monsterinsights_sitenote_note":"","_monsterinsights_sitenote_category":0},"categories":[4],"tags":[],"aioseo_notices":[],"gutentor_comment":0,"rttpg_featured_image_url":{"full":["https:\/\/arantv.az\/wp-content\/uploads\/2021\/12\/1594814467-15.jpg",620,413,false],"landscape":["https:\/\/arantv.az\/wp-content\/uploads\/2021\/12\/1594814467-15.jpg",620,413,false],"portraits":["https:\/\/arantv.az\/wp-content\/uploads\/2021\/12\/1594814467-15.jpg",620,413,false],"thumbnail":["https:\/\/arantv.az\/wp-content\/uploads\/2021\/12\/1594814467-15-500x280.jpg",500,280,true],"medium":["https:\/\/arantv.az\/wp-content\/uploads\/2021\/12\/1594814467-15-548x365.jpg",548,365,true],"large":["https:\/\/arantv.az\/wp-content\/uploads\/2021\/12\/1594814467-15.jpg",620,413,false],"1536x1536":["https:\/\/arantv.az\/wp-content\/uploads\/2021\/12\/1594814467-15.jpg",620,413,false],"2048x2048":["https:\/\/arantv.az\/wp-content\/uploads\/2021\/12\/1594814467-15.jpg",620,413,false],"post-thumbnail":["https:\/\/arantv.az\/wp-content\/uploads\/2021\/12\/1594814467-15-240x172.jpg",240,172,true],"advps-thumb-one":["https:\/\/arantv.az\/wp-content\/uploads\/2021\/12\/1594814467-15.jpg",620,413,false]},"rttpg_author":{"display_name":"V\u00fcsal Rafiqo\u011flu","author_link":"https:\/\/arantv.az\/?author=2"},"rttpg_comment":0,"rttpg_category":"<a href=\"https:\/\/arantv.az\/?cat=4\" rel=\"category\">Siyas\u0259t<\/a>","rttpg_excerpt":"Az\u0259rbaycan Respublikas\u0131n\u0131n Prezidenti \u0130lham \u018fliyev dekabr\u0131n 27-d\u0259 Az\u0259rbaycan D\u00f6vl\u0259t \u0130nformasiya Agentliyinin &#8211; AZ\u018fRTAC-\u0131n yeni binas\u0131 il\u0259 tan\u0131\u015f olub. AZ\u018fRTAC\u00a0x\u0259b\u0259r verir ki, Agentliyin \u0130dar\u0259 Hey\u0259tinin s\u0259dri Aslan Aslanov d\u00f6vl\u0259timizin ba\u015f\u00e7\u0131s\u0131na binada yarad\u0131lan \u015f\u0259raitl\u0259 ba\u011fl\u0131 m\u0259lumat verib. &nbsp;","_links":{"self":[{"href":"https:\/\/arantv.az\/index.php?rest_route=\/wp\/v2\/posts\/419891"}],"collection":[{"href":"https:\/\/arantv.az\/index.php?rest_route=\/wp\/v2\/posts"}],"about":[{"href":"https:\/\/arantv.az\/index.php?rest_route=\/wp\/v2\/types\/post"}],"author":[{"embeddable":true,"href":"https:\/\/arantv.az\/index.php?rest_route=\/wp\/v2\/users\/2"}],"replies":[{"embeddable":true,"href":"https:\/\/arantv.az\/index.php?rest_route=%2Fwp%2Fv2%2Fcomments&post=419891"}],"version-history":[{"count":0,"href":"https:\/\/arantv.az\/index.php?rest_route=\/wp\/v2\/posts\/419891\/revisions"}],"wp:featuredmedia":[{"embeddable":true,"href":"https:\/\/arantv.az\/index.php?rest_route=\/wp\/v2\/media\/419892"}],"wp:attachment":[{"href":"https:\/\/arantv.az\/index.php?rest_route=%2Fwp%2Fv2%2Fmedia&parent=419891"}],"wp:term":[{"taxonomy":"category","embeddable":true,"href":"https:\/\/arantv.az\/index.php?rest_route=%2Fwp%2Fv2%2Fcategories&post=419891"},{"taxonomy":"post_tag","embeddable":true,"href":"https:\/\/arantv.az\/index.php?rest_route=%2Fwp%2Fv2%2Ftags&post=419891"}],"curies":[{"name":"wp","href":"https:\/\/api.w.org\/{rel}","templated":true}]}}