{"id":419912,"date":"2021-12-27T09:40:45","date_gmt":"2021-12-27T06:40:45","guid":{"rendered":"http:\/\/arantv.az\/?p=419912"},"modified":"2021-12-27T09:40:45","modified_gmt":"2021-12-27T06:40:45","slug":"iran-az%c9%99rbaycanla-s%c9%99rh%c9%99dd%c9%99-yeni-m%c9%99nt%c9%99q%c9%99-acir","status":"publish","type":"post","link":"https:\/\/arantv.az\/?p=419912","title":{"rendered":"\u0130ran Az\u0259rbaycanla s\u0259rh\u0259dd\u0259 yeni m\u0259nt\u0259q\u0259 a\u00e7\u0131r"},"content":{"rendered":"<p><strong>\u0130ran \u0130slam Respublikas\u0131n\u0131n \u018frd\u0259bil vilay\u0259ti Az\u0259rbaycanla s\u0259rh\u0259d-ke\u00e7id m\u0259nt\u0259q\u0259sini a\u00e7\u0131r.\u00a0<\/strong><\/p>\n<p><strong>ARANTV.AZ<\/strong> IRNA-ya istinad\u0259n x\u0259b\u0259r verir ki, \u018frd\u0259bil valisi Hadi Ameli \u0130ran \u0130slam Respublikas\u0131 il\u0259 Az\u0259rbaycan Respublikas\u0131 aras\u0131nda \u0259laq\u0259l\u0259rin geni\u015fl\u0259ndirilm\u0259si, x\u00fcsusil\u0259 mallar\u0131n tranziti sah\u0259sind\u0259 \u0259laq\u0259l\u0259rin geni\u015fl\u0259ndirilm\u0259sin\u0259 \u015f\u0259rait yaratmaq m\u0259qs\u0259dil\u0259 vilay\u0259tin \u015fimal\u0131nda s\u0259rh\u0259d ke\u00e7id m\u0259nt\u0259q\u0259sinin a\u00e7\u0131ld\u0131\u011f\u0131n\u0131 elan edib.<\/p>\n<p>&#8220;\u0130ranla Az\u0259rbaycan aras\u0131nda \u0259laq\u0259l\u0259rin inki\u015faf\u0131 \u00f6lk\u0259mizin v\u0259 \u015fimal qon\u015fumuzun sakinl\u0259rini narahat ed\u0259n m\u0259s\u0259l\u0259l\u0259rd\u0259n biridir v\u0259 bu m\u0259s\u0259l\u0259 iki \u00f6lk\u0259 prezidentl\u0259rinin g\u00f6r\u00fc\u015f\u00fcnd\u0259 d\u0259 m\u00fczakir\u0259 olunub&#8221;, &#8211; vali deyib.<\/p>\n<p>&#8220;Ticar\u0259t \u0259laq\u0259l\u0259rini v\u0259 mallar\u0131n tranzitini asanla\u015fd\u0131rmaq \u00fc\u00e7\u00fcn \u0259yal\u0259t yollar\u0131n\u0131 geni\u015fl\u0259ndirm\u0259k niyy\u0259tind\u0259yik, eyni zamanda Parsabad-\u018frd\u0259bil \u015f\u0259h\u0259r yolunun inki\u015faf\u0131 h\u0259r iki \u00f6lk\u0259y\u0259 b\u00f6y\u00fck \u015f\u0259h\u0259rl\u0259r\u0259 \u00e7\u0131x\u0131\u015f yolu il\u0259 ticar\u0259tini inki\u015faf etdirm\u0259y\u0259 imkan ver\u0259c\u0259k&#8221;, &#8211; Ameli bildirib.<\/p>\n<p>Onun s\u00f6zl\u0259rin\u0259 g\u00f6r\u0259, Aslanduz s\u0259rh\u0259d-ke\u00e7id m\u0259nt\u0259q\u0259sinin a\u00e7\u0131lmas\u0131 iqtisadiyyat v\u0259 s\u0259rh\u0259d \u0259laq\u0259l\u0259rinin \u00e7i\u00e7\u0259kl\u0259nm\u0259si bax\u0131m\u0131ndan b\u00f6y\u00fck \u0259h\u0259miyy\u0259t k\u0259sb ed\u0259c\u0259k.<\/p>\n","protected":false},"excerpt":{"rendered":"<p>\u0130ran \u0130slam Respublikas\u0131n\u0131n \u018frd\u0259bil vilay\u0259ti Az\u0259rbaycanla s\u0259rh\u0259d-ke\u00e7id m\u0259nt\u0259q\u0259sini a\u00e7\u0131r.\u00a0 ARANTV.AZ IRNA-ya istinad\u0259n x\u0259b\u0259r verir ki, \u018frd\u0259bil valisi Hadi Ameli \u0130ran \u0130slam Respublikas\u0131 il\u0259 Az\u0259rbaycan Respublikas\u0131 aras\u0131nda \u0259laq\u0259l\u0259rin geni\u015fl\u0259ndirilm\u0259si, x\u00fcsusil\u0259 mallar\u0131n tranziti sah\u0259sind\u0259 \u0259laq\u0259l\u0259rin geni\u015fl\u0259ndirilm\u0259sin\u0259 \u015f\u0259rait yaratmaq m\u0259qs\u0259dil\u0259 vilay\u0259tin \u015fimal\u0131nda s\u0259rh\u0259d ke\u00e7id m\u0259nt\u0259q\u0259sinin a\u00e7\u0131ld\u0131\u011f\u0131n\u0131 elan edib. &#8220;\u0130ranla Az\u0259rbaycan aras\u0131nda \u0259laq\u0259l\u0259rin inki\u015faf\u0131 \u00f6lk\u0259mizin v\u0259 \u015fimal qon\u015fumuzun sakinl\u0259rini narahat ed\u0259n m\u0259s\u0259l\u0259l\u0259rd\u0259n biridir v\u0259 bu m\u0259s\u0259l\u0259 iki \u00f6lk\u0259 prezidentl\u0259rinin g\u00f6r\u00fc\u015f\u00fcnd\u0259 d\u0259 m\u00fczakir\u0259 olunub&#8221;, &#8211; vali deyib. &#8220;Ticar\u0259t \u0259laq\u0259l\u0259rini v\u0259 mallar\u0131n tranzitini asanla\u015fd\u0131rmaq \u00fc\u00e7\u00fcn \u0259yal\u0259t yollar\u0131n\u0131 geni\u015fl\u0259ndirm\u0259k niyy\u0259tind\u0259yik, eyni zamanda Parsabad-\u018frd\u0259bil \u015f\u0259h\u0259r yolunun inki\u015faf\u0131 h\u0259r&hellip;<\/p>\n","protected":false},"author":2,"featured_media":419913,"comment_status":"closed","ping_status":"closed","sticky":false,"template":"","format":"standard","meta":{"om_disable_all_campaigns":false,"_monsterinsights_skip_tracking":false,"_monsterinsights_sitenote_active":false,"_monsterinsights_sitenote_note":"","_monsterinsights_sitenote_category":0},"categories":[4],"tags":[],"aioseo_notices":[],"gutentor_comment":0,"rttpg_featured_image_url":{"full":["https:\/\/arantv.az\/wp-content\/uploads\/2021\/12\/serhed_2834867.jpg",800,600,false],"landscape":["https:\/\/arantv.az\/wp-content\/uploads\/2021\/12\/serhed_2834867.jpg",800,600,false],"portraits":["https:\/\/arantv.az\/wp-content\/uploads\/2021\/12\/serhed_2834867.jpg",800,600,false],"thumbnail":["https:\/\/arantv.az\/wp-content\/uploads\/2021\/12\/serhed_2834867-500x280.jpg",500,280,true],"medium":["https:\/\/arantv.az\/wp-content\/uploads\/2021\/12\/serhed_2834867-487x365.jpg",487,365,true],"large":["https:\/\/arantv.az\/wp-content\/uploads\/2021\/12\/serhed_2834867.jpg",640,480,false],"1536x1536":["https:\/\/arantv.az\/wp-content\/uploads\/2021\/12\/serhed_2834867.jpg",800,600,false],"2048x2048":["https:\/\/arantv.az\/wp-content\/uploads\/2021\/12\/serhed_2834867.jpg",800,600,false],"post-thumbnail":["https:\/\/arantv.az\/wp-content\/uploads\/2021\/12\/serhed_2834867-240x172.jpg",240,172,true],"advps-thumb-one":["https:\/\/arantv.az\/wp-content\/uploads\/2021\/12\/serhed_2834867.jpg",800,600,false]},"rttpg_author":{"display_name":"V\u00fcsal Rafiqo\u011flu","author_link":"https:\/\/arantv.az\/?author=2"},"rttpg_comment":0,"rttpg_category":"<a href=\"https:\/\/arantv.az\/?cat=4\" rel=\"category\">Siyas\u0259t<\/a>","rttpg_excerpt":"\u0130ran \u0130slam Respublikas\u0131n\u0131n \u018frd\u0259bil vilay\u0259ti Az\u0259rbaycanla s\u0259rh\u0259d-ke\u00e7id m\u0259nt\u0259q\u0259sini a\u00e7\u0131r.\u00a0 ARANTV.AZ IRNA-ya istinad\u0259n x\u0259b\u0259r verir ki, \u018frd\u0259bil valisi Hadi Ameli \u0130ran \u0130slam Respublikas\u0131 il\u0259 Az\u0259rbaycan Respublikas\u0131 aras\u0131nda \u0259laq\u0259l\u0259rin geni\u015fl\u0259ndirilm\u0259si, x\u00fcsusil\u0259 mallar\u0131n tranziti sah\u0259sind\u0259 \u0259laq\u0259l\u0259rin geni\u015fl\u0259ndirilm\u0259sin\u0259 \u015f\u0259rait yaratmaq m\u0259qs\u0259dil\u0259 vilay\u0259tin \u015fimal\u0131nda s\u0259rh\u0259d ke\u00e7id m\u0259nt\u0259q\u0259sinin a\u00e7\u0131ld\u0131\u011f\u0131n\u0131 elan edib. &#8220;\u0130ranla Az\u0259rbaycan aras\u0131nda \u0259laq\u0259l\u0259rin inki\u015faf\u0131 \u00f6lk\u0259mizin v\u0259 \u015fimal qon\u015fumuzun sakinl\u0259rini&hellip;","_links":{"self":[{"href":"https:\/\/arantv.az\/index.php?rest_route=\/wp\/v2\/posts\/419912"}],"collection":[{"href":"https:\/\/arantv.az\/index.php?rest_route=\/wp\/v2\/posts"}],"about":[{"href":"https:\/\/arantv.az\/index.php?rest_route=\/wp\/v2\/types\/post"}],"author":[{"embeddable":true,"href":"https:\/\/arantv.az\/index.php?rest_route=\/wp\/v2\/users\/2"}],"replies":[{"embeddable":true,"href":"https:\/\/arantv.az\/index.php?rest_route=%2Fwp%2Fv2%2Fcomments&post=419912"}],"version-history":[{"count":0,"href":"https:\/\/arantv.az\/index.php?rest_route=\/wp\/v2\/posts\/419912\/revisions"}],"wp:featuredmedia":[{"embeddable":true,"href":"https:\/\/arantv.az\/index.php?rest_route=\/wp\/v2\/media\/419913"}],"wp:attachment":[{"href":"https:\/\/arantv.az\/index.php?rest_route=%2Fwp%2Fv2%2Fmedia&parent=419912"}],"wp:term":[{"taxonomy":"category","embeddable":true,"href":"https:\/\/arantv.az\/index.php?rest_route=%2Fwp%2Fv2%2Fcategories&post=419912"},{"taxonomy":"post_tag","embeddable":true,"href":"https:\/\/arantv.az\/index.php?rest_route=%2Fwp%2Fv2%2Ftags&post=419912"}],"curies":[{"name":"wp","href":"https:\/\/api.w.org\/{rel}","templated":true}]}}