{"id":419929,"date":"2021-12-27T15:29:11","date_gmt":"2021-12-27T12:29:11","guid":{"rendered":"http:\/\/arantv.az\/?p=419929"},"modified":"2021-12-27T15:29:11","modified_gmt":"2021-12-27T12:29:11","slug":"az%c9%99rbaycanli-doyuscu-rafael-fiziyev-milliyy%c9%99ti-il%c9%99-bagli-suali-cavablandirdi-video","status":"publish","type":"post","link":"https:\/\/arantv.az\/?p=419929","title":{"rendered":"Az\u0259rbaycanl\u0131 d\u00f6y\u00fc\u015f\u00e7\u00fc Rafael Fiziyev milliyy\u0259ti il\u0259 ba\u011fl\u0131 sual\u0131 cavabland\u0131rd\u0131 &#8211; V\u0130DEO"},"content":{"rendered":"<p>Az\u0259rbaycanl\u0131 tan\u0131nm\u0131\u015f MMA d\u00f6y\u00fc\u015f\u00e7\u00fcs\u00fc Rafael Fiziyev UFC jurnalisti Ariel Helvaniy\u0259 m\u00fcsahib\u0259 verib.<\/p>\n<p>\u201cAtaman\u201d l\u0259q\u0259bli idman\u00e7\u0131 milliyy\u0259ti haqq\u0131nda sual\u0131 bel\u0259 cavabland\u0131r\u0131b:<\/p>\n<article class=\"news\">\n<div class=\"news-inner\">\n<p>\u201cM\u0259n Qazax\u0131standa anadan olmu\u015fam v\u0259 12 il Q\u0131r\u011f\u0131z\u0131standa ya\u015fam\u0131\u015fam. Lakin m\u0259n \u0259sl\u0259n az\u0259rbaycanl\u0131yam\u201d.<\/p>\n<p>Rafael d\u00f6y\u00fc\u015fl\u0259r\u0259 \u00e7\u0131xark\u0259n ba\u015f\u0131na taxd\u0131\u011f\u0131 milli papaqla ba\u011fl\u0131 suala da cavab verib:<\/p>\n<p>\u201cBu papaq Az\u0259rbaycandand\u0131r. Bu, bizim tariximizdir, Az\u0259rbaycan\u0131n milli ba\u015f geyimidir\u201d.<\/p>\n<p>Qeyd ed\u0259k ki, Q\u0131r\u011f\u0131z\u0131stan v\u0259t\u0259nda\u015f\u0131 olan Rafael Fiziyev bir m\u00fcdd\u0259t \u0259vv\u0259l bu \u00f6lk\u0259nin bayra\u011f\u0131 alt\u0131nda yar\u0131\u015flara qat\u0131lmaqdan imtina edib. O, bunu \u00f6z\u00fcn\u0259 qar\u015f\u0131 hiss etdiyi t\u0259zyiql\u0259r s\u0259b\u0259bind\u0259n etdiyini bildirib.<\/p>\n<p>Xat\u0131rladaq ki, Rafael bir m\u00fcdd\u0259t \u0259vv\u0259l UFC Vegas 44 yar\u0131\u015f\u0131nda yeni zelandiyal\u0131 Bred Riddell\u0259 qar\u015f\u0131la\u015f\u0131b v\u0259 qalib g\u0259lib. Texniki nokautla r\u0259qibini m\u0259\u011flub ed\u0259n Rafael ard\u0131c\u0131l be\u015finci q\u0259l\u0259b\u0259sini qazan\u0131b. S\u00f6z\u00fcged\u0259n turnird\u0259 d\u0259 Fiziyev he\u00e7 bir \u00f6lk\u0259nin bayra\u011f\u0131 alt\u0131nda vuru\u015fmay\u0131b.<\/p>\n<p>Daha \u0259trafl\u0131 Baku TV-nin s\u00fcjetind\u0259:<\/p>\n<div><iframe loading=\"lazy\" title=\"YouTube video player\" src=\"https:\/\/www.youtube.com\/embed\/HY3xXi4QIoI\" width=\"560\" height=\"315\" frameborder=\"0\" allowfullscreen=\"allowfullscreen\" data-mce-fragment=\"1\"><\/iframe><\/div>\n<\/div>\n<\/article>\n","protected":false},"excerpt":{"rendered":"<p>Az\u0259rbaycanl\u0131 tan\u0131nm\u0131\u015f MMA d\u00f6y\u00fc\u015f\u00e7\u00fcs\u00fc Rafael Fiziyev UFC jurnalisti Ariel Helvaniy\u0259 m\u00fcsahib\u0259 verib. \u201cAtaman\u201d l\u0259q\u0259bli idman\u00e7\u0131 milliyy\u0259ti haqq\u0131nda sual\u0131 bel\u0259 cavabland\u0131r\u0131b: \u201cM\u0259n Qazax\u0131standa anadan olmu\u015fam v\u0259 12 il Q\u0131r\u011f\u0131z\u0131standa ya\u015fam\u0131\u015fam. Lakin m\u0259n \u0259sl\u0259n az\u0259rbaycanl\u0131yam\u201d. Rafael d\u00f6y\u00fc\u015fl\u0259r\u0259 \u00e7\u0131xark\u0259n ba\u015f\u0131na taxd\u0131\u011f\u0131 milli papaqla ba\u011fl\u0131 suala da cavab verib: \u201cBu papaq Az\u0259rbaycandand\u0131r. Bu, bizim tariximizdir, Az\u0259rbaycan\u0131n milli ba\u015f geyimidir\u201d. Qeyd ed\u0259k ki, Q\u0131r\u011f\u0131z\u0131stan v\u0259t\u0259nda\u015f\u0131 olan Rafael Fiziyev bir m\u00fcdd\u0259t \u0259vv\u0259l bu \u00f6lk\u0259nin bayra\u011f\u0131 alt\u0131nda yar\u0131\u015flara qat\u0131lmaqdan imtina edib. O, bunu \u00f6z\u00fcn\u0259 qar\u015f\u0131 hiss etdiyi t\u0259zyiql\u0259r s\u0259b\u0259bind\u0259n etdiyini bildirib. Xat\u0131rladaq ki, Rafael bir m\u00fcdd\u0259t \u0259vv\u0259l&hellip;<\/p>\n","protected":false},"author":2,"featured_media":419930,"comment_status":"closed","ping_status":"closed","sticky":false,"template":"","format":"standard","meta":{"om_disable_all_campaigns":false,"_monsterinsights_skip_tracking":false,"_monsterinsights_sitenote_active":false,"_monsterinsights_sitenote_note":"","_monsterinsights_sitenote_category":0},"categories":[6],"tags":[],"aioseo_notices":[],"gutentor_comment":0,"rttpg_featured_image_url":{"full":["https:\/\/arantv.az\/wp-content\/uploads\/2021\/12\/FotoJet-2021-12-27T141915.017.jpg",620,413,false],"landscape":["https:\/\/arantv.az\/wp-content\/uploads\/2021\/12\/FotoJet-2021-12-27T141915.017.jpg",620,413,false],"portraits":["https:\/\/arantv.az\/wp-content\/uploads\/2021\/12\/FotoJet-2021-12-27T141915.017.jpg",620,413,false],"thumbnail":["https:\/\/arantv.az\/wp-content\/uploads\/2021\/12\/FotoJet-2021-12-27T141915.017-500x280.jpg",500,280,true],"medium":["https:\/\/arantv.az\/wp-content\/uploads\/2021\/12\/FotoJet-2021-12-27T141915.017-548x365.jpg",548,365,true],"large":["https:\/\/arantv.az\/wp-content\/uploads\/2021\/12\/FotoJet-2021-12-27T141915.017.jpg",620,413,false],"1536x1536":["https:\/\/arantv.az\/wp-content\/uploads\/2021\/12\/FotoJet-2021-12-27T141915.017.jpg",620,413,false],"2048x2048":["https:\/\/arantv.az\/wp-content\/uploads\/2021\/12\/FotoJet-2021-12-27T141915.017.jpg",620,413,false],"post-thumbnail":["https:\/\/arantv.az\/wp-content\/uploads\/2021\/12\/FotoJet-2021-12-27T141915.017-240x172.jpg",240,172,true],"advps-thumb-one":["https:\/\/arantv.az\/wp-content\/uploads\/2021\/12\/FotoJet-2021-12-27T141915.017.jpg",620,413,false]},"rttpg_author":{"display_name":"V\u00fcsal Rafiqo\u011flu","author_link":"https:\/\/arantv.az\/?author=2"},"rttpg_comment":0,"rttpg_category":"<a href=\"https:\/\/arantv.az\/?cat=6\" rel=\"category\">\u0130dman<\/a>","rttpg_excerpt":"Az\u0259rbaycanl\u0131 tan\u0131nm\u0131\u015f MMA d\u00f6y\u00fc\u015f\u00e7\u00fcs\u00fc Rafael Fiziyev UFC jurnalisti Ariel Helvaniy\u0259 m\u00fcsahib\u0259 verib. \u201cAtaman\u201d l\u0259q\u0259bli idman\u00e7\u0131 milliyy\u0259ti haqq\u0131nda sual\u0131 bel\u0259 cavabland\u0131r\u0131b: \u201cM\u0259n Qazax\u0131standa anadan olmu\u015fam v\u0259 12 il Q\u0131r\u011f\u0131z\u0131standa ya\u015fam\u0131\u015fam. Lakin m\u0259n \u0259sl\u0259n az\u0259rbaycanl\u0131yam\u201d. Rafael d\u00f6y\u00fc\u015fl\u0259r\u0259 \u00e7\u0131xark\u0259n ba\u015f\u0131na taxd\u0131\u011f\u0131 milli papaqla ba\u011fl\u0131 suala da cavab verib: \u201cBu papaq Az\u0259rbaycandand\u0131r. Bu, bizim tariximizdir, Az\u0259rbaycan\u0131n milli ba\u015f geyimidir\u201d.&hellip;","_links":{"self":[{"href":"https:\/\/arantv.az\/index.php?rest_route=\/wp\/v2\/posts\/419929"}],"collection":[{"href":"https:\/\/arantv.az\/index.php?rest_route=\/wp\/v2\/posts"}],"about":[{"href":"https:\/\/arantv.az\/index.php?rest_route=\/wp\/v2\/types\/post"}],"author":[{"embeddable":true,"href":"https:\/\/arantv.az\/index.php?rest_route=\/wp\/v2\/users\/2"}],"replies":[{"embeddable":true,"href":"https:\/\/arantv.az\/index.php?rest_route=%2Fwp%2Fv2%2Fcomments&post=419929"}],"version-history":[{"count":0,"href":"https:\/\/arantv.az\/index.php?rest_route=\/wp\/v2\/posts\/419929\/revisions"}],"wp:featuredmedia":[{"embeddable":true,"href":"https:\/\/arantv.az\/index.php?rest_route=\/wp\/v2\/media\/419930"}],"wp:attachment":[{"href":"https:\/\/arantv.az\/index.php?rest_route=%2Fwp%2Fv2%2Fmedia&parent=419929"}],"wp:term":[{"taxonomy":"category","embeddable":true,"href":"https:\/\/arantv.az\/index.php?rest_route=%2Fwp%2Fv2%2Fcategories&post=419929"},{"taxonomy":"post_tag","embeddable":true,"href":"https:\/\/arantv.az\/index.php?rest_route=%2Fwp%2Fv2%2Ftags&post=419929"}],"curies":[{"name":"wp","href":"https:\/\/api.w.org\/{rel}","templated":true}]}}