{"id":419943,"date":"2021-12-27T15:39:39","date_gmt":"2021-12-27T12:39:39","guid":{"rendered":"http:\/\/arantv.az\/?p=419943"},"modified":"2021-12-27T15:39:39","modified_gmt":"2021-12-27T12:39:39","slug":"ilham-%c9%99liyev-yunanistanli-h%c9%99mkarina-bassagligi-verdi","status":"publish","type":"post","link":"https:\/\/arantv.az\/?p=419943","title":{"rendered":"\u0130lham \u018fliyev yunan\u0131stanl\u0131 h\u0259mkar\u0131na ba\u015fsa\u011fl\u0131\u011f\u0131 verdi"},"content":{"rendered":"<p>Prezident \u0130lham \u018fliyev Yunan\u0131stan Prezidenti xan\u0131m Katerina Sakellaropuluya ba\u015fsa\u011fl\u0131\u011f\u0131 m\u0259ktubu g\u00f6nd\u0259rib.<\/p>\n<p><a href=\"https:\/\/president.az\/articles\/54993\" target=\"_blank\" rel=\"noopener\">Prezident.az<\/a>\u00a0x\u0259b\u0259r verir ki, m\u0259ktubda deyilir:<\/p>\n<p>\u201cH\u00f6rm\u0259tli xan\u0131m Prezident,<\/p>\n<p>Yunan\u0131stan Respublikas\u0131n\u0131n ke\u00e7mi\u015f Prezidenti, g\u00f6rk\u0259mli d\u00f6vl\u0259t xadimi v\u0259 ictimai-siyasi xadim Karolos Papulyas\u0131n v\u0259fat\u0131 x\u0259b\u0259ri m\u0259ni olduqca k\u0259d\u0259rl\u0259ndirdi.<\/p>\n<p>Karolos Papulyas\u0131n Az\u0259rbaycan-Yunan\u0131stan \u0259laq\u0259l\u0259rinin inki\u015faf\u0131na verdiyi t\u00f6hf\u0259ni y\u00fcks\u0259k qiym\u0259tl\u0259ndirir, onunla g\u00f6r\u00fc\u015fl\u0259rimi h\u0259mi\u015f\u0259 \u0259n xo\u015f t\u0259\u0259ss\u00fcratlarla xat\u0131rlay\u0131ram.<\/p>\n<p>Bu a\u011f\u0131r itki il\u0259 \u0259laq\u0259dar d\u0259rdinizi b\u00f6l\u00fc\u015f\u00fcr, Siz\u0259, m\u0259rhumun ail\u0259sin\u0259 v\u0259 b\u00fct\u00fcn Yunan\u0131stan xalq\u0131na d\u0259rin h\u00fcznl\u0259 ba\u015fsa\u011fl\u0131\u011f\u0131 verir\u0259m\u201d.<\/p>\n","protected":false},"excerpt":{"rendered":"<p>Prezident \u0130lham \u018fliyev Yunan\u0131stan Prezidenti xan\u0131m Katerina Sakellaropuluya ba\u015fsa\u011fl\u0131\u011f\u0131 m\u0259ktubu g\u00f6nd\u0259rib. Prezident.az\u00a0x\u0259b\u0259r verir ki, m\u0259ktubda deyilir: \u201cH\u00f6rm\u0259tli xan\u0131m Prezident, Yunan\u0131stan Respublikas\u0131n\u0131n ke\u00e7mi\u015f Prezidenti, g\u00f6rk\u0259mli d\u00f6vl\u0259t xadimi v\u0259 ictimai-siyasi xadim Karolos Papulyas\u0131n v\u0259fat\u0131 x\u0259b\u0259ri m\u0259ni olduqca k\u0259d\u0259rl\u0259ndirdi. Karolos Papulyas\u0131n Az\u0259rbaycan-Yunan\u0131stan \u0259laq\u0259l\u0259rinin inki\u015faf\u0131na verdiyi t\u00f6hf\u0259ni y\u00fcks\u0259k qiym\u0259tl\u0259ndirir, onunla g\u00f6r\u00fc\u015fl\u0259rimi h\u0259mi\u015f\u0259 \u0259n xo\u015f t\u0259\u0259ss\u00fcratlarla xat\u0131rlay\u0131ram. Bu a\u011f\u0131r itki il\u0259 \u0259laq\u0259dar d\u0259rdinizi b\u00f6l\u00fc\u015f\u00fcr, Siz\u0259, m\u0259rhumun ail\u0259sin\u0259 v\u0259 b\u00fct\u00fcn Yunan\u0131stan xalq\u0131na d\u0259rin h\u00fcznl\u0259 ba\u015fsa\u011fl\u0131\u011f\u0131 verir\u0259m\u201d.<\/p>\n","protected":false},"author":2,"featured_media":419945,"comment_status":"closed","ping_status":"closed","sticky":false,"template":"","format":"standard","meta":{"om_disable_all_campaigns":false,"_monsterinsights_skip_tracking":false,"_monsterinsights_sitenote_active":false,"_monsterinsights_sitenote_note":"","_monsterinsights_sitenote_category":0},"categories":[4],"tags":[],"aioseo_notices":[],"gutentor_comment":0,"rttpg_featured_image_url":{"full":["https:\/\/arantv.az\/wp-content\/uploads\/2021\/12\/16017394531712422946_1000x669-2.jpg",605,465,false],"landscape":["https:\/\/arantv.az\/wp-content\/uploads\/2021\/12\/16017394531712422946_1000x669-2.jpg",605,465,false],"portraits":["https:\/\/arantv.az\/wp-content\/uploads\/2021\/12\/16017394531712422946_1000x669-2.jpg",605,465,false],"thumbnail":["https:\/\/arantv.az\/wp-content\/uploads\/2021\/12\/16017394531712422946_1000x669-2-500x280.jpg",500,280,true],"medium":["https:\/\/arantv.az\/wp-content\/uploads\/2021\/12\/16017394531712422946_1000x669-2-475x365.jpg",475,365,true],"large":["https:\/\/arantv.az\/wp-content\/uploads\/2021\/12\/16017394531712422946_1000x669-2.jpg",605,465,false],"1536x1536":["https:\/\/arantv.az\/wp-content\/uploads\/2021\/12\/16017394531712422946_1000x669-2.jpg",605,465,false],"2048x2048":["https:\/\/arantv.az\/wp-content\/uploads\/2021\/12\/16017394531712422946_1000x669-2.jpg",605,465,false],"post-thumbnail":["https:\/\/arantv.az\/wp-content\/uploads\/2021\/12\/16017394531712422946_1000x669-2-240x172.jpg",240,172,true],"advps-thumb-one":["https:\/\/arantv.az\/wp-content\/uploads\/2021\/12\/16017394531712422946_1000x669-2.jpg",605,465,false]},"rttpg_author":{"display_name":"V\u00fcsal Rafiqo\u011flu","author_link":"https:\/\/arantv.az\/?author=2"},"rttpg_comment":0,"rttpg_category":"<a href=\"https:\/\/arantv.az\/?cat=4\" rel=\"category\">Siyas\u0259t<\/a>","rttpg_excerpt":"Prezident \u0130lham \u018fliyev Yunan\u0131stan Prezidenti xan\u0131m Katerina Sakellaropuluya ba\u015fsa\u011fl\u0131\u011f\u0131 m\u0259ktubu g\u00f6nd\u0259rib. Prezident.az\u00a0x\u0259b\u0259r verir ki, m\u0259ktubda deyilir: \u201cH\u00f6rm\u0259tli xan\u0131m Prezident, Yunan\u0131stan Respublikas\u0131n\u0131n ke\u00e7mi\u015f Prezidenti, g\u00f6rk\u0259mli d\u00f6vl\u0259t xadimi v\u0259 ictimai-siyasi xadim Karolos Papulyas\u0131n v\u0259fat\u0131 x\u0259b\u0259ri m\u0259ni olduqca k\u0259d\u0259rl\u0259ndirdi. Karolos Papulyas\u0131n Az\u0259rbaycan-Yunan\u0131stan \u0259laq\u0259l\u0259rinin inki\u015faf\u0131na verdiyi t\u00f6hf\u0259ni y\u00fcks\u0259k qiym\u0259tl\u0259ndirir, onunla g\u00f6r\u00fc\u015fl\u0259rimi h\u0259mi\u015f\u0259 \u0259n xo\u015f t\u0259\u0259ss\u00fcratlarla xat\u0131rlay\u0131ram. Bu a\u011f\u0131r itki&hellip;","_links":{"self":[{"href":"https:\/\/arantv.az\/index.php?rest_route=\/wp\/v2\/posts\/419943"}],"collection":[{"href":"https:\/\/arantv.az\/index.php?rest_route=\/wp\/v2\/posts"}],"about":[{"href":"https:\/\/arantv.az\/index.php?rest_route=\/wp\/v2\/types\/post"}],"author":[{"embeddable":true,"href":"https:\/\/arantv.az\/index.php?rest_route=\/wp\/v2\/users\/2"}],"replies":[{"embeddable":true,"href":"https:\/\/arantv.az\/index.php?rest_route=%2Fwp%2Fv2%2Fcomments&post=419943"}],"version-history":[{"count":0,"href":"https:\/\/arantv.az\/index.php?rest_route=\/wp\/v2\/posts\/419943\/revisions"}],"wp:featuredmedia":[{"embeddable":true,"href":"https:\/\/arantv.az\/index.php?rest_route=\/wp\/v2\/media\/419945"}],"wp:attachment":[{"href":"https:\/\/arantv.az\/index.php?rest_route=%2Fwp%2Fv2%2Fmedia&parent=419943"}],"wp:term":[{"taxonomy":"category","embeddable":true,"href":"https:\/\/arantv.az\/index.php?rest_route=%2Fwp%2Fv2%2Fcategories&post=419943"},{"taxonomy":"post_tag","embeddable":true,"href":"https:\/\/arantv.az\/index.php?rest_route=%2Fwp%2Fv2%2Ftags&post=419943"}],"curies":[{"name":"wp","href":"https:\/\/api.w.org\/{rel}","templated":true}]}}