{"id":419947,"date":"2021-12-27T15:41:33","date_gmt":"2021-12-27T12:41:33","guid":{"rendered":"http:\/\/arantv.az\/?p=419947"},"modified":"2021-12-27T15:41:33","modified_gmt":"2021-12-27T12:41:33","slug":"fuzuli-musayev-qizil-buta-milli-mukafatina-layiq-gorulub-foto","status":"publish","type":"post","link":"https:\/\/arantv.az\/?p=419947","title":{"rendered":"F\u00fczuli Musayev \u201cQ\u0131z\u0131l Buta\u201d milli m\u00fckafat\u0131na layiq g\u00f6r\u00fcl\u00fcb &#8211; FOTO"},"content":{"rendered":"<p>D\u00fcnya Az\u0259rbaycanl\u0131lar\u0131 \u0130ctimai Maarif M\u0259rk\u0259zinin t\u0259\u015fkilat\u00e7\u0131l\u0131\u011f\u0131 il\u0259 2021-ci ilin yekunlar\u0131na dair \u201cQ\u0131z\u0131l Buta\u201d Milli m\u00fckafat\u0131n\u0131n t\u0259qdimetm\u0259 m\u0259rasimi ba\u015f tutub.<\/p>\n<p>M\u0259rk\u0259z t\u0259r\u0259find\u0259n 2-15 dekabr tarixl\u0259rind\u0259 respondentl\u0259r aras\u0131nda m\u00fckafat qalibl\u0259rinin m\u00fc\u0259yy\u0259n edilm\u0259si \u00fc\u00e7\u00fcn sor\u011fu ke\u00e7irilib. \u018fn\u0259n\u0259vi olaraq sor\u011fular anket \u015f\u0259klind\u0259, sosial \u015f\u0259b\u0259k\u0259l\u0259rd\u0259 h\u0259m\u00e7inin m\u0259rk\u0259zin koordinatorlar\u0131 t\u0259r\u0259find\u0259n apar\u0131l\u0131b. D\u00fcnya Az\u0259rbaycanl\u0131lar\u0131 \u0130ctimai Maarif M\u0259rk\u0259zinin s\u0259dri Zaur Mirz\u0259zad\u0259 sor\u011fularda 11 min respondentin i\u015ftirak etdiyini a\u00e7\u0131qlay\u0131b.<\/p>\n<p>\u201cQ\u0131z\u0131l Buta\u201d Milli m\u00fckafat\u0131 Mill\u0259t v\u0259kill\u0259rin\u0259, r\u0259smi \u015f\u0259xsl\u0259r\u0259 K\u00fctl\u0259vi \u0130nformasiya Vasit\u0259l\u0259ri habel\u0259, idman, m\u0259d\u0259niyy\u0259t v\u0259 inc\u0259s\u0259n\u0259t n\u00fcmay\u0259nd\u0259l\u0259rin\u0259 t\u0259qdim edilib. \u0130dman sah\u0259sind\u0259 sa\u011flam g\u0259ncliyin yaranmas\u0131nda v\u0259 formala\u015fmas\u0131nda xidm\u0259tl\u0259rin\u0259 g\u00f6r\u0259\u00a0F\u00f6vq\u0259lad\u0259 Hallar Nazirliyinin \u0130dman sa\u011flaml\u0131q klubunun r\u0259isi polkovnik F\u00fczuli Musayev \u201cQ\u0131z\u0131l Buta\u201d Milli m\u00fckafat\u0131 il\u0259 t\u0259ltif olunub. Polkovnik F.Musayev \u00f6z \u00e7\u0131x\u0131\u015f\u0131nda\u00a0ona s\u0259s ver\u0259n\u00a0b\u00fct\u00fcn respondentl\u0259r\u0259, m\u00fckafat\u0131 t\u0259sis v\u0259 t\u0259qdim ed\u0259n DA\u0130M M\u0259rk\u0259zin\u0259 v\u0259 s\u0259drin\u0259 d\u0259rin t\u0259\u015f\u0259kk\u00fcr\u00fcn\u00fc bildirib.<\/p>\n<p>F\u00fczuli Musayev Az\u0259rbaycan idman\u0131nda g\u00f6st\u0259rdiyi pe\u015f\u0259karl\u0131q f\u0259aliyy\u0259tin\u0259, idman\u00e7\u0131lar\u0131n karate idman\u0131 \u00fczr\u0259 beyn\u0259lxalq yar\u0131\u015flar\u0131nda layiqinc\u0259 t\u0259msil edilm\u0259sin\u0259, z\u0259hm\u0259tin\u0259, g\u00f6st\u0259rdiyi s\u0259y v\u0259 n\u0259tic\u0259l\u0259rin nailiyy\u0259tl\u0259rin\u0259 g\u00f6r\u0259 \u00f6lk\u0259 r\u0259hb\u0259rliyi t\u0259r\u0259find\u0259n d\u0259f\u0259l\u0259rl\u0259 layiqinc\u0259 qiym\u0259tl\u0259ndirilib. O, Prezident \u0130lham \u018fliyev t\u0259r\u0259find\u0259n\u00a02015-ci ild\u0259 \u201cF\u0259xri diplom\u201d v\u0259 2021-ci ild\u0259 \u201cT\u0259r\u0259qqi medal\u0131\u201d il\u0259 t\u0259ltif edilib.<\/p>\n<p>F\u00fczuli Musayev hal-haz\u0131rda F\u00f6vq\u0259lad\u0259 Hallar Nazirliyinin \u0130dman Sa\u011flaml\u0131q klubunun r\u0259isi kimi \u0259m\u0259kda\u015flar\u0131n fiziki haz\u0131rl\u0131\u011f\u0131 v\u0259 pe\u015f\u0259karl\u0131\u011f\u0131n\u0131n art\u0131r\u0131lmas\u0131, idman\u00e7\u0131lar\u0131n yeti\u015fdirilm\u0259si sah\u0259sind\u0259 f\u0259aliyy\u0259tini davam etdirir.<\/p>\n<p>&nbsp;<\/p>\n<div class=\"gallery\">\n<div class=\"gallery-i\"><img src=\"https:\/\/cdn.oxu.az\/uploads\/W1siZiIsIjIwMjEvMTIvMjcvMTQvMTgvMjQvODBjNTQxOTktZDE5Zi00ODZjLTliMzctMDI3YjgxMTM0OTBlLzIwMjExMjI3XzEyNDAzNy5qcGciXSxbInAiLCJlbmNvZGUiLCJqcGciLCItcXVhbGl0eSA4MCJdLFsicCIsInRodW1iIiwiNTkweDU5MFx1MDAzZSJdXQ?sha=7e4afa2c02554c36\" alt=\"\" \/><\/p>\n<div class=\"gallery-i-caption\"><\/div>\n<\/div>\n<div class=\"gallery-i\"><img src=\"https:\/\/cdn.oxu.az\/uploads\/W1siZiIsIjIwMjEvMTIvMjcvMTQvMTgvMjUvNmQ4MjBjMDEtYWNkNS00MTRmLTk3ZmUtNjk2ZDI3ZTdiNGY5LzU5ZDc1NjM2LTJiZTgtNDU3Yi1hNGIzLTgzZDZhZThjNGJhOS5qcGciXSxbInAiLCJlbmNvZGUiLCJqcGciLCItcXVhbGl0eSA4MCJdLFsicCIsInRodW1iIiwiNTkweDU5MFx1MDAzZSJdXQ?sha=c6aeb8d1fec94056\" alt=\"\" \/><\/div>\n<\/div>\n","protected":false},"excerpt":{"rendered":"<p>D\u00fcnya Az\u0259rbaycanl\u0131lar\u0131 \u0130ctimai Maarif M\u0259rk\u0259zinin t\u0259\u015fkilat\u00e7\u0131l\u0131\u011f\u0131 il\u0259 2021-ci ilin yekunlar\u0131na dair \u201cQ\u0131z\u0131l Buta\u201d Milli m\u00fckafat\u0131n\u0131n t\u0259qdimetm\u0259 m\u0259rasimi ba\u015f tutub. M\u0259rk\u0259z t\u0259r\u0259find\u0259n 2-15 dekabr tarixl\u0259rind\u0259 respondentl\u0259r aras\u0131nda m\u00fckafat qalibl\u0259rinin m\u00fc\u0259yy\u0259n edilm\u0259si \u00fc\u00e7\u00fcn sor\u011fu ke\u00e7irilib. \u018fn\u0259n\u0259vi olaraq sor\u011fular anket \u015f\u0259klind\u0259, sosial \u015f\u0259b\u0259k\u0259l\u0259rd\u0259 h\u0259m\u00e7inin m\u0259rk\u0259zin koordinatorlar\u0131 t\u0259r\u0259find\u0259n apar\u0131l\u0131b. D\u00fcnya Az\u0259rbaycanl\u0131lar\u0131 \u0130ctimai Maarif M\u0259rk\u0259zinin s\u0259dri Zaur Mirz\u0259zad\u0259 sor\u011fularda 11 min respondentin i\u015ftirak etdiyini a\u00e7\u0131qlay\u0131b. \u201cQ\u0131z\u0131l Buta\u201d Milli m\u00fckafat\u0131 Mill\u0259t v\u0259kill\u0259rin\u0259, r\u0259smi \u015f\u0259xsl\u0259r\u0259 K\u00fctl\u0259vi \u0130nformasiya Vasit\u0259l\u0259ri habel\u0259, idman, m\u0259d\u0259niyy\u0259t v\u0259 inc\u0259s\u0259n\u0259t n\u00fcmay\u0259nd\u0259l\u0259rin\u0259 t\u0259qdim edilib. \u0130dman sah\u0259sind\u0259 sa\u011flam g\u0259ncliyin yaranmas\u0131nda v\u0259 formala\u015fmas\u0131nda xidm\u0259tl\u0259rin\u0259 g\u00f6r\u0259\u00a0F\u00f6vq\u0259lad\u0259 Hallar Nazirliyinin&hellip;<\/p>\n","protected":false},"author":2,"featured_media":419948,"comment_status":"closed","ping_status":"closed","sticky":false,"template":"","format":"standard","meta":{"om_disable_all_campaigns":false,"_monsterinsights_skip_tracking":false,"_monsterinsights_sitenote_active":false,"_monsterinsights_sitenote_note":"","_monsterinsights_sitenote_category":0},"categories":[6],"tags":[],"aioseo_notices":[],"gutentor_comment":0,"rttpg_featured_image_url":{"full":["https:\/\/arantv.az\/wp-content\/uploads\/2021\/12\/1a29f903-9c77-4088-bba9-4494c7957557.jpg",620,410,false],"landscape":["https:\/\/arantv.az\/wp-content\/uploads\/2021\/12\/1a29f903-9c77-4088-bba9-4494c7957557.jpg",620,410,false],"portraits":["https:\/\/arantv.az\/wp-content\/uploads\/2021\/12\/1a29f903-9c77-4088-bba9-4494c7957557.jpg",620,410,false],"thumbnail":["https:\/\/arantv.az\/wp-content\/uploads\/2021\/12\/1a29f903-9c77-4088-bba9-4494c7957557-500x280.jpg",500,280,true],"medium":["https:\/\/arantv.az\/wp-content\/uploads\/2021\/12\/1a29f903-9c77-4088-bba9-4494c7957557-552x365.jpg",552,365,true],"large":["https:\/\/arantv.az\/wp-content\/uploads\/2021\/12\/1a29f903-9c77-4088-bba9-4494c7957557.jpg",620,410,false],"1536x1536":["https:\/\/arantv.az\/wp-content\/uploads\/2021\/12\/1a29f903-9c77-4088-bba9-4494c7957557.jpg",620,410,false],"2048x2048":["https:\/\/arantv.az\/wp-content\/uploads\/2021\/12\/1a29f903-9c77-4088-bba9-4494c7957557.jpg",620,410,false],"post-thumbnail":["https:\/\/arantv.az\/wp-content\/uploads\/2021\/12\/1a29f903-9c77-4088-bba9-4494c7957557-240x172.jpg",240,172,true],"advps-thumb-one":["https:\/\/arantv.az\/wp-content\/uploads\/2021\/12\/1a29f903-9c77-4088-bba9-4494c7957557.jpg",620,410,false]},"rttpg_author":{"display_name":"V\u00fcsal Rafiqo\u011flu","author_link":"https:\/\/arantv.az\/?author=2"},"rttpg_comment":0,"rttpg_category":"<a href=\"https:\/\/arantv.az\/?cat=6\" rel=\"category\">\u0130dman<\/a>","rttpg_excerpt":"D\u00fcnya Az\u0259rbaycanl\u0131lar\u0131 \u0130ctimai Maarif M\u0259rk\u0259zinin t\u0259\u015fkilat\u00e7\u0131l\u0131\u011f\u0131 il\u0259 2021-ci ilin yekunlar\u0131na dair \u201cQ\u0131z\u0131l Buta\u201d Milli m\u00fckafat\u0131n\u0131n t\u0259qdimetm\u0259 m\u0259rasimi ba\u015f tutub. M\u0259rk\u0259z t\u0259r\u0259find\u0259n 2-15 dekabr tarixl\u0259rind\u0259 respondentl\u0259r aras\u0131nda m\u00fckafat qalibl\u0259rinin m\u00fc\u0259yy\u0259n edilm\u0259si \u00fc\u00e7\u00fcn sor\u011fu ke\u00e7irilib. \u018fn\u0259n\u0259vi olaraq sor\u011fular anket \u015f\u0259klind\u0259, sosial \u015f\u0259b\u0259k\u0259l\u0259rd\u0259 h\u0259m\u00e7inin m\u0259rk\u0259zin koordinatorlar\u0131 t\u0259r\u0259find\u0259n apar\u0131l\u0131b. D\u00fcnya Az\u0259rbaycanl\u0131lar\u0131 \u0130ctimai Maarif M\u0259rk\u0259zinin s\u0259dri Zaur Mirz\u0259zad\u0259 sor\u011fularda 11&hellip;","_links":{"self":[{"href":"https:\/\/arantv.az\/index.php?rest_route=\/wp\/v2\/posts\/419947"}],"collection":[{"href":"https:\/\/arantv.az\/index.php?rest_route=\/wp\/v2\/posts"}],"about":[{"href":"https:\/\/arantv.az\/index.php?rest_route=\/wp\/v2\/types\/post"}],"author":[{"embeddable":true,"href":"https:\/\/arantv.az\/index.php?rest_route=\/wp\/v2\/users\/2"}],"replies":[{"embeddable":true,"href":"https:\/\/arantv.az\/index.php?rest_route=%2Fwp%2Fv2%2Fcomments&post=419947"}],"version-history":[{"count":0,"href":"https:\/\/arantv.az\/index.php?rest_route=\/wp\/v2\/posts\/419947\/revisions"}],"wp:featuredmedia":[{"embeddable":true,"href":"https:\/\/arantv.az\/index.php?rest_route=\/wp\/v2\/media\/419948"}],"wp:attachment":[{"href":"https:\/\/arantv.az\/index.php?rest_route=%2Fwp%2Fv2%2Fmedia&parent=419947"}],"wp:term":[{"taxonomy":"category","embeddable":true,"href":"https:\/\/arantv.az\/index.php?rest_route=%2Fwp%2Fv2%2Fcategories&post=419947"},{"taxonomy":"post_tag","embeddable":true,"href":"https:\/\/arantv.az\/index.php?rest_route=%2Fwp%2Fv2%2Ftags&post=419947"}],"curies":[{"name":"wp","href":"https:\/\/api.w.org\/{rel}","templated":true}]}}