{"id":419955,"date":"2021-12-27T15:43:19","date_gmt":"2021-12-27T12:43:19","guid":{"rendered":"http:\/\/arantv.az\/?p=419955"},"modified":"2021-12-27T15:43:19","modified_gmt":"2021-12-27T12:43:19","slug":"uc-qazimiz-turkiy%c9%99y%c9%99-mualic%c9%99y%c9%99-gond%c9%99rildi-foto","status":"publish","type":"post","link":"https:\/\/arantv.az\/?p=419955","title":{"rendered":"\u00dc\u00e7 qazimiz T\u00fcrkiy\u0259y\u0259 m\u00fcalic\u0259y\u0259 g\u00f6nd\u0259rildi &#8211; FOTO"},"content":{"rendered":"<p>Ag\u0306\u0131r yaralanan daha \u00fc\u00e7\u00a0qazimiz \u201cYAS\u0327AT\u201d Fondu t\u0259r\u0259find\u0259n Tu\u0308rkiy\u0259y\u0259 go\u0308nd\u0259rilib.<\/p>\n<p>Fonddan veril\u0259n m\u0259lumata g\u00f6r\u0259, m\u00fcalic\u0259 \u00fc\u00e7\u00fcn T\u00fcrkiy\u0259y\u0259 g\u00f6nd\u0259ril\u0259n qazil\u0259rimiz\u00a0X\u0259lilov Saleh Ayd\u0131n\u0259li o\u011flu,\u00a0\u018fliyev Q\u00fcdr\u0259t M\u0259h\u0259mm\u0259d o\u011flu v\u0259\u00a0Babayev Orxan S\u0259f\u0259r o\u011fludur.<\/p>\n<p>\u201cYAS\u0327AT\u201d\u00a0Fondu t\u0259r\u0259find\u0259n Tu\u0308rkiy\u0259d\u0259n o\u0308lk\u0259miz\u0259 g\u0259tiril\u0259n, h\u0259mc\u0327inin yerli h\u0259kiml\u0259rin r\u0259yi n\u0259z\u0259r\u0259 al\u0131naraq qazil\u0259rimizin mu\u0308vafiq mu\u0308ayin\u0259, mu\u0308alic\u0259 v\u0259 reabilitasiya prosesi Tu\u0308rkiy\u0259d\u0259 davam etdiril\u0259c\u0259k.<\/p>\n<p>\u201cYAS\u0327AT\u201d Fondu qazil\u0259rimizin mu\u0308alic\u0259sini tam yekunlas\u0327ana q\u0259d\u0259r n\u0259zar\u0259td\u0259 saxlayacaq. Fond t\u0259r\u0259find\u0259n h\u0259kim r\u0259yi \u0259sas\u0131nda ag\u0306\u0131r yaral\u0131 olan qazil\u0259rimizin mu\u0308alic\u0259 u\u0308c\u0327u\u0308n xaric\u0259 davaml\u0131 s\u0327\u0259kild\u0259 go\u0308nd\u0259rilm\u0259si t\u0259min edilir.<\/p>\n<p>Xat\u0131rladaq ki, Fond t\u0259r\u0259find\u0259n bu gu\u0308n\u0259 q\u0259d\u0259r 157 qazimiz mu\u0308alic\u0259 u\u0308c\u0327u\u0308n Tu\u0308rkiy\u0259y\u0259 go\u0308nd\u0259rilib. Onlardan 116-s\u0131n\u0131n mu\u0308alic\u0259 proseduru art\u0131q ug\u0306urla yekunlas\u0327\u0131b v\u0259 V\u0259t\u0259n\u0259 qay\u0131d\u0131blar.<\/p>\n<p>Qazil\u0259rimizin qars\u0327\u0131dak\u0131 aylarda mu\u0308alic\u0259si u\u0308c\u0327u\u0308n n\u0259z\u0259rd\u0259 tutulan d\u0259rman vasit\u0259l\u0259ri d\u0259 Fond t\u0259r\u0259find\u0259n t\u0259min edilib.<\/p>\n<p>\u201cYA\u015eAT\u201d Fonduna m\u00fcraci\u0259t etm\u0259k v\u0259 Fondun f\u0259aliyy\u0259ti il\u0259 tan\u0131\u015f olmaq \u00fc\u00e7\u00fcn\u00a0<a href=\"http:\/\/yashat.gov.az\/\" target=\"_blank\" rel=\"noopener\">portal<\/a>\u00a0istifad\u0259dir. Fondun hesabatl\u0131l\u0131\u011f\u0131 il\u0259 tan\u0131\u015f olmaq \u00fc\u00e7\u00fcn\u00a0<a href=\"https:\/\/yashat.gov.az\/report\/tableau\" target=\"_blank\" rel=\"noopener\">ke\u00e7id<\/a>\u0259 daxil ola bil\u0259rsiniz.<\/p>\n<p>H\u0259m\u00e7inin Fondun 8110 \u201c\u00c7a\u011fr\u0131\u201d M\u0259rk\u0259zi f\u0259aliyy\u0259t g\u00f6st\u0259rir.<\/p>\n<p>&nbsp;<\/p>\n<div class=\"gallery\">\n<div class=\"gallery-i\"><img src=\"https:\/\/cdn.oxu.az\/uploads\/W1siZiIsIjIwMjEvMTIvMjcvMTQvMzYvNTEvYTg5MzkwZGItZDI1NS00NjU3LWJlMzUtNzMxNmU4ZmZiYmU5LzI3MDIzODU0Nl8zMjY5NjU2NDkyNzk0NDlfNDY4MzU5MTQ5MzI0NzI5MDYwNV9uLmpwZyJdLFsicCIsImVuY29kZSIsImpwZyIsIi1xdWFsaXR5IDgwIl0sWyJwIiwidGh1bWIiLCI1OTB4NTkwXHUwMDNlIl1d?sha=d408ff3c976ce392\" alt=\"\" \/><\/p>\n<div class=\"gallery-i-caption\"><\/div>\n<\/div>\n<div class=\"gallery-i\"><img src=\"https:\/\/cdn.oxu.az\/uploads\/W1siZiIsIjIwMjEvMTIvMjcvMTQvMzYvNTEvZWUxNjkyZGItY2UxZC00OTc2LWIzNTMtY2MyMWI2N2Q5Y2ZlLzI3MDAzOTUzMF8zMjY5NjU2NzkyNzk0NDZfMTIwNjQ1MTIxODI3MDk1NDIzMF9uLmpwZyJdLFsicCIsImVuY29kZSIsImpwZyIsIi1xdWFsaXR5IDgwIl0sWyJwIiwidGh1bWIiLCI1OTB4NTkwXHUwMDNlIl1d?sha=f32ac61e35065cdf\" alt=\"\" \/><\/p>\n<div class=\"gallery-i-caption\"><\/div>\n<\/div>\n<div class=\"gallery-i\"><img src=\"https:\/\/cdn.oxu.az\/uploads\/W1siZiIsIjIwMjEvMTIvMjcvMTQvMzYvNTIvODM3NzM5YTctNzY2OC00OWEzLTgyNTEtYWRjZGUwMzc3MzAwLzI2OTg5OTQxOF8zMjY5NjU2MTU5NDYxMTlfMTE2MDQ3ODE3NDAxNjE2NTM2X24uanBnIl0sWyJwIiwiZW5jb2RlIiwianBnIiwiLXF1YWxpdHkgODAiXSxbInAiLCJ0aHVtYiIsIjU5MHg1OTBcdTAwM2UiXV0?sha=2a7f2741e158fc2f\" alt=\"\" \/><\/div>\n<\/div>\n","protected":false},"excerpt":{"rendered":"<p>Ag\u0306\u0131r yaralanan daha \u00fc\u00e7\u00a0qazimiz \u201cYAS\u0327AT\u201d Fondu t\u0259r\u0259find\u0259n Tu\u0308rkiy\u0259y\u0259 go\u0308nd\u0259rilib. Fonddan veril\u0259n m\u0259lumata g\u00f6r\u0259, m\u00fcalic\u0259 \u00fc\u00e7\u00fcn T\u00fcrkiy\u0259y\u0259 g\u00f6nd\u0259ril\u0259n qazil\u0259rimiz\u00a0X\u0259lilov Saleh Ayd\u0131n\u0259li o\u011flu,\u00a0\u018fliyev Q\u00fcdr\u0259t M\u0259h\u0259mm\u0259d o\u011flu v\u0259\u00a0Babayev Orxan S\u0259f\u0259r o\u011fludur. \u201cYAS\u0327AT\u201d\u00a0Fondu t\u0259r\u0259find\u0259n Tu\u0308rkiy\u0259d\u0259n o\u0308lk\u0259miz\u0259 g\u0259tiril\u0259n, h\u0259mc\u0327inin yerli h\u0259kiml\u0259rin r\u0259yi n\u0259z\u0259r\u0259 al\u0131naraq qazil\u0259rimizin mu\u0308vafiq mu\u0308ayin\u0259, mu\u0308alic\u0259 v\u0259 reabilitasiya prosesi Tu\u0308rkiy\u0259d\u0259 davam etdiril\u0259c\u0259k. \u201cYAS\u0327AT\u201d Fondu qazil\u0259rimizin mu\u0308alic\u0259sini tam yekunlas\u0327ana q\u0259d\u0259r n\u0259zar\u0259td\u0259 saxlayacaq. Fond t\u0259r\u0259find\u0259n h\u0259kim r\u0259yi \u0259sas\u0131nda ag\u0306\u0131r yaral\u0131 olan qazil\u0259rimizin mu\u0308alic\u0259 u\u0308c\u0327u\u0308n xaric\u0259 davaml\u0131 s\u0327\u0259kild\u0259 go\u0308nd\u0259rilm\u0259si t\u0259min edilir. Xat\u0131rladaq ki, Fond t\u0259r\u0259find\u0259n bu gu\u0308n\u0259 q\u0259d\u0259r 157 qazimiz mu\u0308alic\u0259 u\u0308c\u0327u\u0308n Tu\u0308rkiy\u0259y\u0259 go\u0308nd\u0259rilib. Onlardan 116-s\u0131n\u0131n&hellip;<\/p>\n","protected":false},"author":2,"featured_media":419956,"comment_status":"closed","ping_status":"closed","sticky":false,"template":"","format":"standard","meta":{"om_disable_all_campaigns":false,"_monsterinsights_skip_tracking":false,"_monsterinsights_sitenote_active":false,"_monsterinsights_sitenote_note":"","_monsterinsights_sitenote_category":0},"categories":[26],"tags":[],"aioseo_notices":[],"gutentor_comment":0,"rttpg_featured_image_url":{"full":["https:\/\/arantv.az\/wp-content\/uploads\/2021\/12\/FotoJet-2021-12-27T143627.811.jpg",620,413,false],"landscape":["https:\/\/arantv.az\/wp-content\/uploads\/2021\/12\/FotoJet-2021-12-27T143627.811.jpg",620,413,false],"portraits":["https:\/\/arantv.az\/wp-content\/uploads\/2021\/12\/FotoJet-2021-12-27T143627.811.jpg",620,413,false],"thumbnail":["https:\/\/arantv.az\/wp-content\/uploads\/2021\/12\/FotoJet-2021-12-27T143627.811-500x280.jpg",500,280,true],"medium":["https:\/\/arantv.az\/wp-content\/uploads\/2021\/12\/FotoJet-2021-12-27T143627.811-548x365.jpg",548,365,true],"large":["https:\/\/arantv.az\/wp-content\/uploads\/2021\/12\/FotoJet-2021-12-27T143627.811.jpg",620,413,false],"1536x1536":["https:\/\/arantv.az\/wp-content\/uploads\/2021\/12\/FotoJet-2021-12-27T143627.811.jpg",620,413,false],"2048x2048":["https:\/\/arantv.az\/wp-content\/uploads\/2021\/12\/FotoJet-2021-12-27T143627.811.jpg",620,413,false],"post-thumbnail":["https:\/\/arantv.az\/wp-content\/uploads\/2021\/12\/FotoJet-2021-12-27T143627.811-240x172.jpg",240,172,true],"advps-thumb-one":["https:\/\/arantv.az\/wp-content\/uploads\/2021\/12\/FotoJet-2021-12-27T143627.811.jpg",620,413,false]},"rttpg_author":{"display_name":"V\u00fcsal Rafiqo\u011flu","author_link":"https:\/\/arantv.az\/?author=2"},"rttpg_comment":0,"rttpg_category":"<a href=\"https:\/\/arantv.az\/?cat=26\" rel=\"category\">Sosial<\/a>","rttpg_excerpt":"Ag\u0306\u0131r yaralanan daha \u00fc\u00e7\u00a0qazimiz \u201cYAS\u0327AT\u201d Fondu t\u0259r\u0259find\u0259n Tu\u0308rkiy\u0259y\u0259 go\u0308nd\u0259rilib. Fonddan veril\u0259n m\u0259lumata g\u00f6r\u0259, m\u00fcalic\u0259 \u00fc\u00e7\u00fcn T\u00fcrkiy\u0259y\u0259 g\u00f6nd\u0259ril\u0259n qazil\u0259rimiz\u00a0X\u0259lilov Saleh Ayd\u0131n\u0259li o\u011flu,\u00a0\u018fliyev Q\u00fcdr\u0259t M\u0259h\u0259mm\u0259d o\u011flu v\u0259\u00a0Babayev Orxan S\u0259f\u0259r o\u011fludur. \u201cYAS\u0327AT\u201d\u00a0Fondu t\u0259r\u0259find\u0259n Tu\u0308rkiy\u0259d\u0259n o\u0308lk\u0259miz\u0259 g\u0259tiril\u0259n, h\u0259mc\u0327inin yerli h\u0259kiml\u0259rin r\u0259yi n\u0259z\u0259r\u0259 al\u0131naraq qazil\u0259rimizin mu\u0308vafiq mu\u0308ayin\u0259, mu\u0308alic\u0259 v\u0259 reabilitasiya prosesi Tu\u0308rkiy\u0259d\u0259 davam etdiril\u0259c\u0259k. \u201cYAS\u0327AT\u201d Fondu qazil\u0259rimizin mu\u0308alic\u0259sini tam yekunlas\u0327ana&hellip;","_links":{"self":[{"href":"https:\/\/arantv.az\/index.php?rest_route=\/wp\/v2\/posts\/419955"}],"collection":[{"href":"https:\/\/arantv.az\/index.php?rest_route=\/wp\/v2\/posts"}],"about":[{"href":"https:\/\/arantv.az\/index.php?rest_route=\/wp\/v2\/types\/post"}],"author":[{"embeddable":true,"href":"https:\/\/arantv.az\/index.php?rest_route=\/wp\/v2\/users\/2"}],"replies":[{"embeddable":true,"href":"https:\/\/arantv.az\/index.php?rest_route=%2Fwp%2Fv2%2Fcomments&post=419955"}],"version-history":[{"count":0,"href":"https:\/\/arantv.az\/index.php?rest_route=\/wp\/v2\/posts\/419955\/revisions"}],"wp:featuredmedia":[{"embeddable":true,"href":"https:\/\/arantv.az\/index.php?rest_route=\/wp\/v2\/media\/419956"}],"wp:attachment":[{"href":"https:\/\/arantv.az\/index.php?rest_route=%2Fwp%2Fv2%2Fmedia&parent=419955"}],"wp:term":[{"taxonomy":"category","embeddable":true,"href":"https:\/\/arantv.az\/index.php?rest_route=%2Fwp%2Fv2%2Fcategories&post=419955"},{"taxonomy":"post_tag","embeddable":true,"href":"https:\/\/arantv.az\/index.php?rest_route=%2Fwp%2Fv2%2Ftags&post=419955"}],"curies":[{"name":"wp","href":"https:\/\/api.w.org\/{rel}","templated":true}]}}