{"id":419958,"date":"2021-12-27T16:04:44","date_gmt":"2021-12-27T13:04:44","guid":{"rendered":"http:\/\/arantv.az\/?p=419958"},"modified":"2021-12-27T16:04:44","modified_gmt":"2021-12-27T13:04:44","slug":"uc-n%c9%99f%c9%99r%c9%99-general-leytenant-bir-n%c9%99f%c9%99r%c9%99-general-mayor-rutb%c9%99si-verildi-s%c9%99r%c9%99ncam","status":"publish","type":"post","link":"https:\/\/arantv.az\/?p=419958","title":{"rendered":"\u00dc\u00e7 n\u0259f\u0259r\u0259 general-leytenant, bir n\u0259f\u0259r\u0259 general-mayor r\u00fctb\u0259si verildi &#8211; S\u018fR\u018fNCAM"},"content":{"rendered":"<p>Prezident \u0130lham \u018fliyev Az\u0259rbaycan Respublikas\u0131 S\u0259f\u0259rb\u0259rlik v\u0259 H\u0259rbi Xidm\u0259t\u0259 \u00c7a\u011f\u0131r\u0131\u015f \u00fczr\u0259 D\u00f6vl\u0259t Xidm\u0259tinin h\u0259rbi qulluq\u00e7ular\u0131na ali h\u0259rbi r\u00fctb\u0259l\u0259rin verilm\u0259si haqq\u0131nda s\u0259r\u0259ncam imzalay\u0131b.<\/p>\n<p>Bununla ba\u011fl\u0131\u00a0<a href=\"https:\/\/president.az\/articles\/54975\" target=\"_blank\" rel=\"noopener\">Prezident.az<\/a>\u00a0m\u0259lumat yay\u0131b.<\/p>\n<p>S\u0259r\u0259ncama \u0259sas\u0259n, Az\u0259rbaycan Respublikas\u0131 S\u0259f\u0259rb\u0259rlik v\u0259 H\u0259rbi Xidm\u0259t\u0259 \u00c7a\u011f\u0131r\u0131\u015f \u00fczr\u0259 D\u00f6vl\u0259t Xidm\u0259tinin a\u015fa\u011f\u0131dak\u0131 h\u0259rbi qulluq\u00e7ular\u0131na ali h\u0259rbi r\u00fctb\u0259l\u0259r verilir:<\/p>\n<p><strong>\u201cgeneral-leytenant\u201d ali h\u0259rbi r\u00fctb\u0259si<\/strong><\/p>\n<p>general-mayor Zaur Qas\u0131m o\u011flu Abdullayev\u0259<\/p>\n<p>general-mayor May\u0131l Seminar o\u011flu \u015eahverdiyev\u0259<\/p>\n<p>general-mayor Yusif H\u0259s\u0259n o\u011flu Mirz\u0259yev\u0259<\/p>\n<p><strong>\u201cgeneral-mayor\u201d ali h\u0259rbi r\u00fctb\u0259si<\/strong><\/p>\n<p>polkovnik \u00c7ingiz B\u00f6y\u00fcka\u011fa o\u011flu Ki\u00e7ib\u0259yova.<\/p>\n","protected":false},"excerpt":{"rendered":"<p>Prezident \u0130lham \u018fliyev Az\u0259rbaycan Respublikas\u0131 S\u0259f\u0259rb\u0259rlik v\u0259 H\u0259rbi Xidm\u0259t\u0259 \u00c7a\u011f\u0131r\u0131\u015f \u00fczr\u0259 D\u00f6vl\u0259t Xidm\u0259tinin h\u0259rbi qulluq\u00e7ular\u0131na ali h\u0259rbi r\u00fctb\u0259l\u0259rin verilm\u0259si haqq\u0131nda s\u0259r\u0259ncam imzalay\u0131b. Bununla ba\u011fl\u0131\u00a0Prezident.az\u00a0m\u0259lumat yay\u0131b. S\u0259r\u0259ncama \u0259sas\u0259n, Az\u0259rbaycan Respublikas\u0131 S\u0259f\u0259rb\u0259rlik v\u0259 H\u0259rbi Xidm\u0259t\u0259 \u00c7a\u011f\u0131r\u0131\u015f \u00fczr\u0259 D\u00f6vl\u0259t Xidm\u0259tinin a\u015fa\u011f\u0131dak\u0131 h\u0259rbi qulluq\u00e7ular\u0131na ali h\u0259rbi r\u00fctb\u0259l\u0259r verilir: \u201cgeneral-leytenant\u201d ali h\u0259rbi r\u00fctb\u0259si general-mayor Zaur Qas\u0131m o\u011flu Abdullayev\u0259 general-mayor May\u0131l Seminar o\u011flu \u015eahverdiyev\u0259 general-mayor Yusif H\u0259s\u0259n o\u011flu Mirz\u0259yev\u0259 \u201cgeneral-mayor\u201d ali h\u0259rbi r\u00fctb\u0259si polkovnik \u00c7ingiz B\u00f6y\u00fcka\u011fa o\u011flu Ki\u00e7ib\u0259yova.<\/p>\n","protected":false},"author":2,"featured_media":419960,"comment_status":"closed","ping_status":"closed","sticky":false,"template":"","format":"standard","meta":{"om_disable_all_campaigns":false,"_monsterinsights_skip_tracking":false,"_monsterinsights_sitenote_active":false,"_monsterinsights_sitenote_note":"","_monsterinsights_sitenote_category":0},"categories":[4],"tags":[],"aioseo_notices":[],"gutentor_comment":0,"rttpg_featured_image_url":{"full":["https:\/\/arantv.az\/wp-content\/uploads\/2021\/12\/FotoJet-76.jpg",620,413,false],"landscape":["https:\/\/arantv.az\/wp-content\/uploads\/2021\/12\/FotoJet-76.jpg",620,413,false],"portraits":["https:\/\/arantv.az\/wp-content\/uploads\/2021\/12\/FotoJet-76.jpg",620,413,false],"thumbnail":["https:\/\/arantv.az\/wp-content\/uploads\/2021\/12\/FotoJet-76-500x280.jpg",500,280,true],"medium":["https:\/\/arantv.az\/wp-content\/uploads\/2021\/12\/FotoJet-76-548x365.jpg",548,365,true],"large":["https:\/\/arantv.az\/wp-content\/uploads\/2021\/12\/FotoJet-76.jpg",620,413,false],"1536x1536":["https:\/\/arantv.az\/wp-content\/uploads\/2021\/12\/FotoJet-76.jpg",620,413,false],"2048x2048":["https:\/\/arantv.az\/wp-content\/uploads\/2021\/12\/FotoJet-76.jpg",620,413,false],"post-thumbnail":["https:\/\/arantv.az\/wp-content\/uploads\/2021\/12\/FotoJet-76-240x172.jpg",240,172,true],"advps-thumb-one":["https:\/\/arantv.az\/wp-content\/uploads\/2021\/12\/FotoJet-76.jpg",620,413,false]},"rttpg_author":{"display_name":"V\u00fcsal Rafiqo\u011flu","author_link":"https:\/\/arantv.az\/?author=2"},"rttpg_comment":0,"rttpg_category":"<a href=\"https:\/\/arantv.az\/?cat=4\" rel=\"category\">Siyas\u0259t<\/a>","rttpg_excerpt":"Prezident \u0130lham \u018fliyev Az\u0259rbaycan Respublikas\u0131 S\u0259f\u0259rb\u0259rlik v\u0259 H\u0259rbi Xidm\u0259t\u0259 \u00c7a\u011f\u0131r\u0131\u015f \u00fczr\u0259 D\u00f6vl\u0259t Xidm\u0259tinin h\u0259rbi qulluq\u00e7ular\u0131na ali h\u0259rbi r\u00fctb\u0259l\u0259rin verilm\u0259si haqq\u0131nda s\u0259r\u0259ncam imzalay\u0131b. Bununla ba\u011fl\u0131\u00a0Prezident.az\u00a0m\u0259lumat yay\u0131b. S\u0259r\u0259ncama \u0259sas\u0259n, Az\u0259rbaycan Respublikas\u0131 S\u0259f\u0259rb\u0259rlik v\u0259 H\u0259rbi Xidm\u0259t\u0259 \u00c7a\u011f\u0131r\u0131\u015f \u00fczr\u0259 D\u00f6vl\u0259t Xidm\u0259tinin a\u015fa\u011f\u0131dak\u0131 h\u0259rbi qulluq\u00e7ular\u0131na ali h\u0259rbi r\u00fctb\u0259l\u0259r verilir: \u201cgeneral-leytenant\u201d ali h\u0259rbi r\u00fctb\u0259si general-mayor Zaur Qas\u0131m o\u011flu Abdullayev\u0259 general-mayor May\u0131l&hellip;","_links":{"self":[{"href":"https:\/\/arantv.az\/index.php?rest_route=\/wp\/v2\/posts\/419958"}],"collection":[{"href":"https:\/\/arantv.az\/index.php?rest_route=\/wp\/v2\/posts"}],"about":[{"href":"https:\/\/arantv.az\/index.php?rest_route=\/wp\/v2\/types\/post"}],"author":[{"embeddable":true,"href":"https:\/\/arantv.az\/index.php?rest_route=\/wp\/v2\/users\/2"}],"replies":[{"embeddable":true,"href":"https:\/\/arantv.az\/index.php?rest_route=%2Fwp%2Fv2%2Fcomments&post=419958"}],"version-history":[{"count":0,"href":"https:\/\/arantv.az\/index.php?rest_route=\/wp\/v2\/posts\/419958\/revisions"}],"wp:featuredmedia":[{"embeddable":true,"href":"https:\/\/arantv.az\/index.php?rest_route=\/wp\/v2\/media\/419960"}],"wp:attachment":[{"href":"https:\/\/arantv.az\/index.php?rest_route=%2Fwp%2Fv2%2Fmedia&parent=419958"}],"wp:term":[{"taxonomy":"category","embeddable":true,"href":"https:\/\/arantv.az\/index.php?rest_route=%2Fwp%2Fv2%2Fcategories&post=419958"},{"taxonomy":"post_tag","embeddable":true,"href":"https:\/\/arantv.az\/index.php?rest_route=%2Fwp%2Fv2%2Ftags&post=419958"}],"curies":[{"name":"wp","href":"https:\/\/api.w.org\/{rel}","templated":true}]}}