{"id":419986,"date":"2021-12-27T16:22:49","date_gmt":"2021-12-27T13:22:49","guid":{"rendered":"http:\/\/arantv.az\/?p=419986"},"modified":"2021-12-27T16:22:49","modified_gmt":"2021-12-27T13:22:49","slug":"milli-h%c9%99mr%c9%99ylikd%c9%99n-moht%c9%99s%c9%99m-z%c9%99f%c9%99r%c9%99-dogru","status":"publish","type":"post","link":"https:\/\/arantv.az\/?p=419986","title":{"rendered":"Milli h\u0259mr\u0259ylikd\u0259n m\u00f6ht\u0259\u015f\u0259m Z\u0259f\u0259r\u0259 do\u011fru"},"content":{"rendered":"<p>30 ildir ki, \u00f6lk\u0259mizd\u0259 v\u0259 ondan k\u0259narda ya\u015fayan 50 milyon\u00adluq xalq\u0131m\u0131z\u0131n qeyd etdiyi d\u00fcnya az\u0259rbaycanl\u0131lar\u0131n\u0131n h\u0259mr\u0259yliyi g\u00fcn\u00fc \u00fcmummilli lider Heyd\u0259r \u018fliyevin \u0259n yeni tariximiz\u0259 b\u0259x\u015f etdiyi m\u00f6ht\u0259\u015f\u0259m bir \u00fcmumxalq bayram\u0131d\u0131r. Bu bayram d\u00fcnya az\u0259rbaycanl\u0131lar\u0131na bir anan\u0131n \u00f6vladlar\u0131 olduqlar\u0131n\u0131 anlad\u0131r, onlar\u0131 m\u0259fkur\u0259 tell\u0259ri il\u0259 bir-birin\u0259 ba\u011flay\u0131r, milli varl\u0131\u011f\u0131m\u0131z\u0131n \u00e7evr\u0259sin\u0259, xalq\u0131m\u0131z\u0131n birlik v\u0259 h\u0259mr\u0259ylik yoluna gur i\u015f\u0131q sal\u0131r. B\u00f6y\u00fck r\u0259hb\u0259rin bu tarixi t\u00f6hf\u0259sinin h\u0259m \u00f6lk\u0259, h\u0259m d\u0259 d\u00fcnya miqyas\u0131nda y\u00fcks\u0259k qiym\u0259tl\u0259ndirilm\u0259si, geni\u015f t\u0259hlil v\u0259 t\u0259bli\u011f olunmas\u0131 h\u0259m d\u0259 milli d\u00f6vl\u0259t\u00e7ilik m\u0259fkur\u0259miz olan az\u0259rbaycan\u00e7\u0131l\u0131q ideologiyas\u0131n\u0131n, milli ideallar\u0131m\u0131z\u0131n t\u0259nt\u0259n\u0259si dem\u0259kdir. \u018fsas\u0131n\u0131 \u00fcmummilli lider Heyd\u0259r \u018fliyevin qoydu\u011fu d\u00fcnyada ya\u015fayan az\u0259rbaycanl\u0131lar\u0131n h\u0259mr\u0259yliyi ideyas\u0131 c\u0259nab\u00a0 \u0130lham \u018fliyevin bu x\u0259tti davam etdirm\u0259si he\u00e7 bir alternativ q\u0259bul etm\u0259y\u0259n z\u0259rur\u0259t olub, az\u0259rbaycan\u00e7\u0131l\u0131q ideologiyas\u0131n\u0131 z\u0259nginl\u0259\u015fdir\u0259n, ona g\u00fccl\u00fc enerji ver\u0259n, m\u0259zmununu b\u00fct\u00f6vl\u0259\u015fdir\u0259n konseptual siyas\u0259tdir. Ulu \u00f6nd\u0259rin d\u00f6vl\u0259t\u00e7ilik ideologiyas\u0131 s\u0259viyy\u0259sin\u0259 qald\u0131rd\u0131\u011f\u0131 v\u0259 Prezident c\u0259nab \u0130lham \u018fliyevin daim r\u0259hb\u0259r tutdu\u011fu az\u0259rbaycan\u00e7\u0131l\u0131q m\u0259fkur\u0259si is\u0259 art\u0131q d\u00fcnyada ya\u015fayan h\u0259r bir soyda\u015f\u0131m\u0131z\u0131n q\u0259lbin\u0259 hakim k\u0259sil\u0259r\u0259k, onlar\u0131 ciddi \u00fcmummilli h\u0259d\u0259fl\u0259r\u0259 y\u00f6nl\u0259ndirib.<\/p>\n<p>2020-ci ild\u0259 xalq\u0131m\u0131z\u0131n Qaraba\u011fda apard\u0131\u011f\u0131 V\u0259t\u0259n m\u00fcharib\u0259si g\u00fcnl\u0259rind\u0259 d\u00fcnyada ya\u015fayan soyda\u015flar\u0131m\u0131z\u0131n bu haqq i\u015fimiz\u0259 g\u00f6st\u0259rdiyi maddi v\u0259 m\u0259n\u0259vi d\u0259st\u0259k Az\u0259rbaycan\u0131n d\u00fcnyada ya\u015fayan soyda\u015flar\u0131m\u0131z\u0131n yurd sevgisi v\u0259 milli q\u00fcrur m\u0259rk\u0259zi oldu\u011funu q\u0259ti sur\u0259td\u0259 t\u0259sdiq etdi. V\u0259t\u0259n m\u00fcharib\u0259si d\u00f6vr\u00fcnd\u0259 t\u0259kc\u0259 Az\u0259rbaycanda deyil, \u00f6lk\u0259mizin h\u00fcdudlar\u0131ndan k\u0259narda ya\u015fayan az\u0259rbaycanl\u0131lar\u0131n\u0131n h\u0259mr\u0259ylik n\u00fcmayi\u015f etdir\u0259r\u0259k lokal m\u00fcbariz\u0259d\u0259 \u00fcst\u00fcnl\u00fck qazanmas\u0131, Qaraba\u011f h\u0259qiq\u0259tl\u0259rinin d\u00fcnya ictimaiyy\u0259tin\u0259 \u00e7atd\u0131r\u0131lmas\u0131 tarixi Z\u0259f\u0259r Q\u0259l\u0259b\u0259mizi \u015f\u0259rtl\u0259ndir\u0259n amill\u0259rd\u0259n oldu. Erm\u0259ni i\u015f\u011fal\u00e7\u0131lar\u0131na qar\u015f\u0131 Az\u0259rbaycan xalq\u0131n\u0131n 44 g\u00fcnl\u00fck m\u00fcz\u0259ff\u0259r h\u0259rbi, ictimai, siyasi, diplomatik v\u0259 informasiya m\u00fcbariz\u0259sind\u0259 Ali Ba\u015f Komandan \u0130lham \u018fliyevin S\u00f6z\u00fc\u2013 xalqa m\u00fcraci\u0259tl\u0259ri, d\u00fcnyan\u0131n m\u00fcxt\u0259lif n\u00fcfuzlu informasiya vasit\u0259l\u0259rin\u0259 verdiyi m\u00fcsahib\u0259l\u0259r son d\u0259r\u0259c\u0259 \u00f6n\u0259mli v\u0259 t\u0259sirli rol oynad\u0131. Bu g\u00fcn Prezident \u0130lham \u018fliyevin r\u0259hb\u0259rliyi il\u0259 Az\u0259rbaycan\u0131n ist\u0259r daxili, ist\u0259rs\u0259 d\u0259 xarici siyas\u0259tind\u0259 \u0259ld\u0259 edil\u0259n h\u0259r bir u\u011fur, m\u0259xsusi olaraq onun Ali Ba\u015f Komandanl\u0131\u011f\u0131 alt\u0131nda Az\u0259rbaycan\u0131n \u0259razi b\u00fct\u00f6vl\u00fcy\u00fcn\u00fcn t\u0259min edilm\u0259si Ulu \u00f6nd\u0259r Heyd\u0259r \u018fliyevin z\u0259kas\u0131n\u0131n t\u0259c\u0259ss\u00fcm\u00fc, onun irs\u0259n qoyub getdiyi milli t\u0259r\u0259qqi ideyalar\u0131n\u0131n t\u0259zah\u00fcr\u00fcd\u00fcr. Az\u0259rbaycan\u0131n qa\u00adzand\u0131\u011f\u0131 bu q\u0259l\u0259b\u0259l\u0259r b\u00fct\u00fcn d\u00fcnyada ya\u015fayan az\u0259rbaycanl\u0131lar\u0131n nailiyy\u0259ti kimi d\u0259y\u0259rl\u0259ndiril\u0259 bil\u0259r. \u00c7\u00fcnki m\u00fcasir m\u00fcst\u0259qil Az\u0259rbaycan d\u00f6vl\u0259ti b\u00fct\u00fcn d\u00fcn\u00adyada ya\u015fayan az\u0259rbaycanl\u0131lar\u0131n V\u0259t\u0259ni hesab olunur. Qarba\u011fda qazand\u0131\u011f\u0131m\u0131z tarixi z\u0259f\u0259r 2020-ci ili ikiminillik tariximiz\u0259 \u0259n b\u00f6y\u00fck d\u00f6y\u00fc\u015f q\u0259l\u0259b\u0259si kimi yazd\u0131. 50 milyonluq dil, din v\u0259 m\u0259fkur\u0259 qarda\u015f-bac\u0131lar\u0131m\u0131z, xalq\u0131m\u0131z do\u011fma Az\u0259rbaycan\u0131m\u0131z\u0131n \u00e7i\u00e7\u0259kl\u0259nm\u0259si v\u0259 q\u00fcdr\u0259tl\u0259nm\u0259si\u00a0 namin\u0259 daha b\u00f6y\u00fck s\u0259yl\u0259r g\u00f6st\u0259r\u0259c\u0259kl\u0259r.<\/p>\n<p>Az\u0259rbaycan\u00e7\u0131l\u0131q an\u00adlay\u0131\u015f\u0131n\u0131n b\u00fct\u00fcn d\u00fcnyada y\u00fcks\u0259ldilm\u0259si n\u0259tic\u0259sind\u0259 bu g\u00fcn he\u00e7 bir az\u0259rbaycanl\u0131 \u00f6z\u00fcn\u00fc bir rusdan, bir almandan, bir fran\u00ads\u0131zdan, n\u0259 d\u0259 bir ingilisd\u0259n a\u015fa\u011f\u0131 hesab etmir. Milli q\u00fcrur yaln\u0131z s\u00f6zd\u0259 deyil, h\u0259m d\u0259 i\u015fd\u0259, \u0259m\u0259ld\u0259dir. D\u00fcnya Az\u0259rbaycanl\u0131lar\u0131n\u0131n H\u0259mr\u0259yliyi G\u00fcn\u00fc kimi tarixi ild\u00f6n\u00fcm\u00fc\u00adn\u00fcn xo\u015f duy\u011fular\u0131n\u0131 ya\u015famaqda davam etdiyimiz bir m\u0259qamda az\u0259rbaycan\u00e7\u0131l\u0131q m\u0259fkur\u0259sinin d\u00fcnya boyu u\u011furla ya\u00ady\u0131ld\u0131\u011f\u0131n\u0131, soyda\u015flar\u0131m\u0131z\u0131 vahid bir h\u0259d\u0259f\u0259\u2013 milli h\u0259mr\u0259yliy\u0259 s\u0259f\u0259rb\u0259r etdiyini d\u00fc\u015f\u00fcnm\u0259k olduqca q\u00fcrurverici bir duy\u011fu-d\u00fc\u015f\u00fcnc\u0259dir. Az\u0259rbaycan\u00e7\u0131l\u0131q ideologiyas\u0131 b\u00fct\u00fcn az\u0259rbaycanl\u0131lar\u0131 vacib m\u0259qs\u0259dl\u0259r \u0259traf\u0131nda birl\u0259\u015fdirir. Bu m\u0259qs\u0259dl\u0259r birlik v\u0259 h\u0259mr\u0259ylik, m\u00fcst\u0259qil d\u00f6vl\u0259timizin inki\u015faf\u0131na v\u0259 daha da g\u00fccl\u0259ndirilm\u0259sin\u0259 xidm\u0259t etm\u0259kd\u0259n ibar\u0259tdir.<\/p>\n<p><strong>Mehpar\u0259 Mans\u0131rova,<\/strong><\/p>\n<p><em>Pirallah\u0131 rayonu, 168 n\u00f6mr\u0259li tam orta m\u0259kt\u0259bin direktoru<\/em><\/p>\n","protected":false},"excerpt":{"rendered":"<p>30 ildir ki, \u00f6lk\u0259mizd\u0259 v\u0259 ondan k\u0259narda ya\u015fayan 50 milyon\u00adluq xalq\u0131m\u0131z\u0131n qeyd etdiyi d\u00fcnya az\u0259rbaycanl\u0131lar\u0131n\u0131n h\u0259mr\u0259yliyi g\u00fcn\u00fc \u00fcmummilli lider Heyd\u0259r \u018fliyevin \u0259n yeni tariximiz\u0259 b\u0259x\u015f etdiyi m\u00f6ht\u0259\u015f\u0259m bir \u00fcmumxalq bayram\u0131d\u0131r. Bu bayram d\u00fcnya az\u0259rbaycanl\u0131lar\u0131na bir anan\u0131n \u00f6vladlar\u0131 olduqlar\u0131n\u0131 anlad\u0131r, onlar\u0131 m\u0259fkur\u0259 tell\u0259ri il\u0259 bir-birin\u0259 ba\u011flay\u0131r, milli varl\u0131\u011f\u0131m\u0131z\u0131n \u00e7evr\u0259sin\u0259, xalq\u0131m\u0131z\u0131n birlik v\u0259 h\u0259mr\u0259ylik yoluna gur i\u015f\u0131q sal\u0131r. B\u00f6y\u00fck r\u0259hb\u0259rin bu tarixi t\u00f6hf\u0259sinin h\u0259m \u00f6lk\u0259, h\u0259m d\u0259 d\u00fcnya miqyas\u0131nda y\u00fcks\u0259k qiym\u0259tl\u0259ndirilm\u0259si, geni\u015f t\u0259hlil v\u0259 t\u0259bli\u011f olunmas\u0131 h\u0259m d\u0259 milli d\u00f6vl\u0259t\u00e7ilik m\u0259fkur\u0259miz olan az\u0259rbaycan\u00e7\u0131l\u0131q ideologiyas\u0131n\u0131n, milli ideallar\u0131m\u0131z\u0131n t\u0259nt\u0259n\u0259si dem\u0259kdir. \u018fsas\u0131n\u0131 \u00fcmummilli lider Heyd\u0259r&hellip;<\/p>\n","protected":false},"author":2,"featured_media":419987,"comment_status":"closed","ping_status":"closed","sticky":false,"template":"","format":"standard","meta":{"om_disable_all_campaigns":false,"_monsterinsights_skip_tracking":false,"_monsterinsights_sitenote_active":false,"_monsterinsights_sitenote_note":"","_monsterinsights_sitenote_category":0},"categories":[4],"tags":[],"aioseo_notices":[],"gutentor_comment":0,"rttpg_featured_image_url":{"full":["https:\/\/arantv.az\/wp-content\/uploads\/2021\/12\/a6ce9144163306541782596475710843321.jpg",975,540,false],"landscape":["https:\/\/arantv.az\/wp-content\/uploads\/2021\/12\/a6ce9144163306541782596475710843321.jpg",975,540,false],"portraits":["https:\/\/arantv.az\/wp-content\/uploads\/2021\/12\/a6ce9144163306541782596475710843321.jpg",975,540,false],"thumbnail":["https:\/\/arantv.az\/wp-content\/uploads\/2021\/12\/a6ce9144163306541782596475710843321-500x280.jpg",500,280,true],"medium":["https:\/\/arantv.az\/wp-content\/uploads\/2021\/12\/a6ce9144163306541782596475710843321-660x365.jpg",660,365,true],"large":["https:\/\/arantv.az\/wp-content\/uploads\/2021\/12\/a6ce9144163306541782596475710843321-840x465.jpg",640,354,true],"1536x1536":["https:\/\/arantv.az\/wp-content\/uploads\/2021\/12\/a6ce9144163306541782596475710843321.jpg",975,540,false],"2048x2048":["https:\/\/arantv.az\/wp-content\/uploads\/2021\/12\/a6ce9144163306541782596475710843321.jpg",975,540,false],"post-thumbnail":["https:\/\/arantv.az\/wp-content\/uploads\/2021\/12\/a6ce9144163306541782596475710843321-240x172.jpg",240,172,true],"advps-thumb-one":["https:\/\/arantv.az\/wp-content\/uploads\/2021\/12\/a6ce9144163306541782596475710843321.jpg",975,540,false]},"rttpg_author":{"display_name":"V\u00fcsal Rafiqo\u011flu","author_link":"https:\/\/arantv.az\/?author=2"},"rttpg_comment":0,"rttpg_category":"<a href=\"https:\/\/arantv.az\/?cat=4\" rel=\"category\">Siyas\u0259t<\/a>","rttpg_excerpt":"30 ildir ki, \u00f6lk\u0259mizd\u0259 v\u0259 ondan k\u0259narda ya\u015fayan 50 milyon\u00adluq xalq\u0131m\u0131z\u0131n qeyd etdiyi d\u00fcnya az\u0259rbaycanl\u0131lar\u0131n\u0131n h\u0259mr\u0259yliyi g\u00fcn\u00fc \u00fcmummilli lider Heyd\u0259r \u018fliyevin \u0259n yeni tariximiz\u0259 b\u0259x\u015f etdiyi m\u00f6ht\u0259\u015f\u0259m bir \u00fcmumxalq bayram\u0131d\u0131r. Bu bayram d\u00fcnya az\u0259rbaycanl\u0131lar\u0131na bir anan\u0131n \u00f6vladlar\u0131 olduqlar\u0131n\u0131 anlad\u0131r, onlar\u0131 m\u0259fkur\u0259 tell\u0259ri il\u0259 bir-birin\u0259 ba\u011flay\u0131r, milli varl\u0131\u011f\u0131m\u0131z\u0131n \u00e7evr\u0259sin\u0259, xalq\u0131m\u0131z\u0131n birlik v\u0259 h\u0259mr\u0259ylik yoluna gur i\u015f\u0131q&hellip;","_links":{"self":[{"href":"https:\/\/arantv.az\/index.php?rest_route=\/wp\/v2\/posts\/419986"}],"collection":[{"href":"https:\/\/arantv.az\/index.php?rest_route=\/wp\/v2\/posts"}],"about":[{"href":"https:\/\/arantv.az\/index.php?rest_route=\/wp\/v2\/types\/post"}],"author":[{"embeddable":true,"href":"https:\/\/arantv.az\/index.php?rest_route=\/wp\/v2\/users\/2"}],"replies":[{"embeddable":true,"href":"https:\/\/arantv.az\/index.php?rest_route=%2Fwp%2Fv2%2Fcomments&post=419986"}],"version-history":[{"count":0,"href":"https:\/\/arantv.az\/index.php?rest_route=\/wp\/v2\/posts\/419986\/revisions"}],"wp:featuredmedia":[{"embeddable":true,"href":"https:\/\/arantv.az\/index.php?rest_route=\/wp\/v2\/media\/419987"}],"wp:attachment":[{"href":"https:\/\/arantv.az\/index.php?rest_route=%2Fwp%2Fv2%2Fmedia&parent=419986"}],"wp:term":[{"taxonomy":"category","embeddable":true,"href":"https:\/\/arantv.az\/index.php?rest_route=%2Fwp%2Fv2%2Fcategories&post=419986"},{"taxonomy":"post_tag","embeddable":true,"href":"https:\/\/arantv.az\/index.php?rest_route=%2Fwp%2Fv2%2Ftags&post=419986"}],"curies":[{"name":"wp","href":"https:\/\/api.w.org\/{rel}","templated":true}]}}