{"id":419993,"date":"2021-12-27T16:25:00","date_gmt":"2021-12-27T13:25:00","guid":{"rendered":"http:\/\/arantv.az\/?p=419993"},"modified":"2021-12-27T16:25:00","modified_gmt":"2021-12-27T13:25:00","slug":"az%c9%99rbaycanda-ovladliga-veril%c9%99n-usaqlarin-sayi-aciqlanib","status":"publish","type":"post","link":"https:\/\/arantv.az\/?p=419993","title":{"rendered":"Az\u0259rbaycanda \u00f6vladl\u0131\u011fa veril\u0259n u\u015faqlar\u0131n say\u0131 a\u00e7\u0131qlan\u0131b"},"content":{"rendered":"<p>Bu il \u00f6vladl\u0131\u011fa veril\u0259n u\u015faqlar\u0131n say\u0131 a\u00e7\u0131qlan\u0131b.<\/p>\n<p><strong>ARANTV.AZ\u00a0 x\u0259b\u0259r verir ki,<\/strong>\u00a0Sosial Xidm\u0259tl\u0259r Agentliyind\u0259n bildirilib ki, Prezident \u0130lham \u018fliyevin m\u00fcvafiq f\u0259rman\u0131 \u0259sas\u0131nda 1 noyabr 2019-cu ild\u0259n etibar\u0259n \u00f6vladl\u0131\u011fag\u00f6t\u00fcrm\u0259 sah\u0259sind\u0259 d\u00f6vl\u0259t siyas\u0259tini v\u0259 t\u0259nziml\u0259m\u0259ni, o c\u00fcml\u0259d\u0259n bu sah\u0259 il\u0259 \u0259laq\u0259dar f\u0259rman\u0131n n\u0259z\u0259rd\u0259 tutudu\u011fu \u00f6hd\u0259likl\u0259ri \u018fm\u0259k v\u0259 \u018fhalinin Sosial M\u00fcdafi\u0259si Nazirliyi h\u0259yata ke\u00e7irir.<\/p>\n<p>2020-ci ild\u0259n bu sah\u0259d\u0259 f\u0259aliyy\u0259tin apar\u0131lmas\u0131 \u018f\u018fSMN tabeliyind\u0259 Sosial Xidm\u0259tl\u0259r Agentliyin\u0259 tap\u015f\u0131r\u0131l\u0131b. Proses tam elektronla\u015fd\u0131r\u0131l\u0131b v\u0259 https:\/\/adoption.mlspp.gov.az\/app\/home altsistemi vasit\u0259sil\u0259 \u00f6vladl\u0131\u011fag\u00f6t\u00fcrm\u0259 prosesinin \u0259l\u00e7atanl\u0131\u011f\u0131, operativliyi v\u0259 \u015f\u0259ffafl\u0131\u011f\u0131 maksimuma \u00e7atd\u0131r\u0131l\u0131b.<\/p>\n<p>2021-ci ild\u0259 110 u\u015faq \u00f6vladl\u0131\u011fa verilib ki, onlardan 57-si q\u0131z, 53-\u00fc o\u011fland\u0131r. 63 u\u015faq yax\u0131n qohum t\u0259r\u0259find\u0259n \u00f6vladl\u0131\u011fa g\u00f6t\u00fcr\u00fcl\u00fcb. \u018fcn\u0259bil\u0259r t\u0259r\u0259find\u0259n \u00f6vladl\u0131\u011fa g\u00f6t\u00fcrm\u0259 olmay\u0131b.<\/p>\n<p>Qeyd ed\u0259k ki, bu il \u00f6vladl\u0131\u011fa veril\u0259n u\u015faqlardan 75-i 0-3 ya\u015f, 27-si 4-11 ya\u015f, 8-i is\u0259 12-18 ya\u015f aras\u0131nda olub.<\/p>\n<p>M\u00fc\u0259ssis\u0259d\u0259n \u00f6vladl\u0131\u011fa veril\u0259n 22 u\u015faqdan 17-si evli valideyn-namiz\u0259d, 5-i subay valideyn-namiz\u0259dl\u0259r t\u0259r\u0259find\u0259n \u00f6vladl\u0131\u011fa g\u00f6t\u00fcr\u00fcl\u00fcb.<\/p>\n","protected":false},"excerpt":{"rendered":"<p>Bu il \u00f6vladl\u0131\u011fa veril\u0259n u\u015faqlar\u0131n say\u0131 a\u00e7\u0131qlan\u0131b. ARANTV.AZ\u00a0 x\u0259b\u0259r verir ki,\u00a0Sosial Xidm\u0259tl\u0259r Agentliyind\u0259n bildirilib ki, Prezident \u0130lham \u018fliyevin m\u00fcvafiq f\u0259rman\u0131 \u0259sas\u0131nda 1 noyabr 2019-cu ild\u0259n etibar\u0259n \u00f6vladl\u0131\u011fag\u00f6t\u00fcrm\u0259 sah\u0259sind\u0259 d\u00f6vl\u0259t siyas\u0259tini v\u0259 t\u0259nziml\u0259m\u0259ni, o c\u00fcml\u0259d\u0259n bu sah\u0259 il\u0259 \u0259laq\u0259dar f\u0259rman\u0131n n\u0259z\u0259rd\u0259 tutudu\u011fu \u00f6hd\u0259likl\u0259ri \u018fm\u0259k v\u0259 \u018fhalinin Sosial M\u00fcdafi\u0259si Nazirliyi h\u0259yata ke\u00e7irir. 2020-ci ild\u0259n bu sah\u0259d\u0259 f\u0259aliyy\u0259tin apar\u0131lmas\u0131 \u018f\u018fSMN tabeliyind\u0259 Sosial Xidm\u0259tl\u0259r Agentliyin\u0259 tap\u015f\u0131r\u0131l\u0131b. Proses tam elektronla\u015fd\u0131r\u0131l\u0131b v\u0259 https:\/\/adoption.mlspp.gov.az\/app\/home altsistemi vasit\u0259sil\u0259 \u00f6vladl\u0131\u011fag\u00f6t\u00fcrm\u0259 prosesinin \u0259l\u00e7atanl\u0131\u011f\u0131, operativliyi v\u0259 \u015f\u0259ffafl\u0131\u011f\u0131 maksimuma \u00e7atd\u0131r\u0131l\u0131b. 2021-ci ild\u0259 110 u\u015faq \u00f6vladl\u0131\u011fa verilib ki, onlardan 57-si q\u0131z, 53-\u00fc o\u011fland\u0131r. 63&hellip;<\/p>\n","protected":false},"author":2,"featured_media":419994,"comment_status":"closed","ping_status":"closed","sticky":false,"template":"","format":"standard","meta":{"om_disable_all_campaigns":false,"_monsterinsights_skip_tracking":false,"_monsterinsights_sitenote_active":false,"_monsterinsights_sitenote_note":"","_monsterinsights_sitenote_category":0},"categories":[26],"tags":[],"aioseo_notices":[],"gutentor_comment":0,"rttpg_featured_image_url":{"full":["https:\/\/arantv.az\/wp-content\/uploads\/2021\/12\/6245671416406057932364295011097993.jpg",975,540,false],"landscape":["https:\/\/arantv.az\/wp-content\/uploads\/2021\/12\/6245671416406057932364295011097993.jpg",975,540,false],"portraits":["https:\/\/arantv.az\/wp-content\/uploads\/2021\/12\/6245671416406057932364295011097993.jpg",975,540,false],"thumbnail":["https:\/\/arantv.az\/wp-content\/uploads\/2021\/12\/6245671416406057932364295011097993-500x280.jpg",500,280,true],"medium":["https:\/\/arantv.az\/wp-content\/uploads\/2021\/12\/6245671416406057932364295011097993-660x365.jpg",660,365,true],"large":["https:\/\/arantv.az\/wp-content\/uploads\/2021\/12\/6245671416406057932364295011097993-840x465.jpg",640,354,true],"1536x1536":["https:\/\/arantv.az\/wp-content\/uploads\/2021\/12\/6245671416406057932364295011097993.jpg",975,540,false],"2048x2048":["https:\/\/arantv.az\/wp-content\/uploads\/2021\/12\/6245671416406057932364295011097993.jpg",975,540,false],"post-thumbnail":["https:\/\/arantv.az\/wp-content\/uploads\/2021\/12\/6245671416406057932364295011097993-240x172.jpg",240,172,true],"advps-thumb-one":["https:\/\/arantv.az\/wp-content\/uploads\/2021\/12\/6245671416406057932364295011097993.jpg",975,540,false]},"rttpg_author":{"display_name":"V\u00fcsal Rafiqo\u011flu","author_link":"https:\/\/arantv.az\/?author=2"},"rttpg_comment":0,"rttpg_category":"<a href=\"https:\/\/arantv.az\/?cat=26\" rel=\"category\">Sosial<\/a>","rttpg_excerpt":"Bu il \u00f6vladl\u0131\u011fa veril\u0259n u\u015faqlar\u0131n say\u0131 a\u00e7\u0131qlan\u0131b. ARANTV.AZ\u00a0 x\u0259b\u0259r verir ki,\u00a0Sosial Xidm\u0259tl\u0259r Agentliyind\u0259n bildirilib ki, Prezident \u0130lham \u018fliyevin m\u00fcvafiq f\u0259rman\u0131 \u0259sas\u0131nda 1 noyabr 2019-cu ild\u0259n etibar\u0259n \u00f6vladl\u0131\u011fag\u00f6t\u00fcrm\u0259 sah\u0259sind\u0259 d\u00f6vl\u0259t siyas\u0259tini v\u0259 t\u0259nziml\u0259m\u0259ni, o c\u00fcml\u0259d\u0259n bu sah\u0259 il\u0259 \u0259laq\u0259dar f\u0259rman\u0131n n\u0259z\u0259rd\u0259 tutudu\u011fu \u00f6hd\u0259likl\u0259ri \u018fm\u0259k v\u0259 \u018fhalinin Sosial M\u00fcdafi\u0259si Nazirliyi h\u0259yata ke\u00e7irir. 2020-ci ild\u0259n bu sah\u0259d\u0259 f\u0259aliyy\u0259tin&hellip;","_links":{"self":[{"href":"https:\/\/arantv.az\/index.php?rest_route=\/wp\/v2\/posts\/419993"}],"collection":[{"href":"https:\/\/arantv.az\/index.php?rest_route=\/wp\/v2\/posts"}],"about":[{"href":"https:\/\/arantv.az\/index.php?rest_route=\/wp\/v2\/types\/post"}],"author":[{"embeddable":true,"href":"https:\/\/arantv.az\/index.php?rest_route=\/wp\/v2\/users\/2"}],"replies":[{"embeddable":true,"href":"https:\/\/arantv.az\/index.php?rest_route=%2Fwp%2Fv2%2Fcomments&post=419993"}],"version-history":[{"count":0,"href":"https:\/\/arantv.az\/index.php?rest_route=\/wp\/v2\/posts\/419993\/revisions"}],"wp:featuredmedia":[{"embeddable":true,"href":"https:\/\/arantv.az\/index.php?rest_route=\/wp\/v2\/media\/419994"}],"wp:attachment":[{"href":"https:\/\/arantv.az\/index.php?rest_route=%2Fwp%2Fv2%2Fmedia&parent=419993"}],"wp:term":[{"taxonomy":"category","embeddable":true,"href":"https:\/\/arantv.az\/index.php?rest_route=%2Fwp%2Fv2%2Fcategories&post=419993"},{"taxonomy":"post_tag","embeddable":true,"href":"https:\/\/arantv.az\/index.php?rest_route=%2Fwp%2Fv2%2Ftags&post=419993"}],"curies":[{"name":"wp","href":"https:\/\/api.w.org\/{rel}","templated":true}]}}