{"id":420010,"date":"2021-12-27T16:37:13","date_gmt":"2021-12-27T13:37:13","guid":{"rendered":"http:\/\/arantv.az\/?p=420010"},"modified":"2021-12-27T16:37:13","modified_gmt":"2021-12-27T13:37:13","slug":"31-dekabr-dunya-az%c9%99rbaycanlilarini-birl%c9%99sdir%c9%99n-gun","status":"publish","type":"post","link":"https:\/\/arantv.az\/?p=420010","title":{"rendered":"31 Dekabr &#8211; D\u00fcnya az\u0259rbaycanl\u0131lar\u0131n\u0131 birl\u0259\u015fdir\u0259n g\u00fcn"},"content":{"rendered":"<p>31 Dekabr &#8211; D\u00fcnya Az\u0259rbaycanl\u0131lar\u0131n\u0131n H\u0259mr\u0259yliyi G\u00fcn\u00fc d\u00fcnyan\u0131n m\u00fcxt\u0259lif \u00f6lk\u0259l\u0259rind\u0259 ya\u015fayan az\u0259rbaycanl\u0131larla \u0259laq\u0259l\u0259r qurmaq, onlar aras\u0131nda birlik v\u0259 h\u0259mr\u0259ylik yaratmaq i\u015find\u0259 m\u00fch\u00fcm rol oynay\u0131r v\u0259 g\u00fcn\u00fcn qeyd edilm\u0259si art\u0131q b\u00fct\u00fcn d\u00fcnya az\u0259rbaycanl\u0131lar\u0131 \u00fc\u00e7\u00fcn z\u0259rur\u0259t\u0259 v\u0259 m\u0259n\u0259vi ehtiyaca \u00e7evrilib.<br \/>\nBu g\u00fcn D\u00fcnya Az\u0259rbaycanl\u0131lar\u0131n\u0131n H\u0259mr\u0259yliyi G\u00fcn\u00fcn\u00fc d\u00fcnyan\u0131n m\u00fcxt\u0259lif \u00f6lk\u0259l\u0259rind\u0259 ya\u015fayan az\u0259rbaycanl\u0131lar bayram kimi qeyd edir. Bu g\u00fcn Az\u0259rbaycan diasporu \u00fc\u00e7\u00fcn \u0259n m\u00fch\u00fcm bayrama \u00e7evrilib. D\u00fcnya Az\u0259rbaycanl\u0131lar\u0131n\u0131n H\u0259mr\u0259yliyi G\u00fcn\u00fcn\u00fc h\u0259tta milliyy\u0259tc\u0259 az\u0259rbaycanl\u0131 olmay\u0131b, lakin Az\u0259rbaycanda do\u011fulub b\u00f6y\u00fcm\u00fc\u015f, Az\u0259rbaycan \u0259silli diaspor n\u00fcmay\u0259nd\u0259l\u0259ri d\u0259 qeyd edirl\u0259r.<br \/>\nM\u00fcharib\u0259l\u0259r, inqilablar, h\u0259rbi m\u00fcnaqi\u015f\u0259l\u0259r, d\u00fcnyada ged\u0259n m\u00fcxt\u0259lif ictimai-siyasi prosesl\u0259r n\u0259tic\u0259sind\u0259 Az\u0259rbaycan par\u00e7alanm\u0131\u015f, az\u0259rbaycanl\u0131lar\u0131n bir qismi \u00f6z yurd-yuvalar\u0131ndan did\u0259rgin sal\u0131nm\u0131\u015f, deportasiyalara m\u0259ruz qalm\u0131\u015f, bir-birind\u0259n ayr\u0131 d\u00fc\u015fm\u00fc\u015fd\u00fcr. \u0130\u015f tapmaq, t\u0259hsil almaq m\u0259qs\u0259dil\u0259 do\u011fma yurdu t\u0259rk ed\u0259r\u0259k ba\u015fqa \u00f6lk\u0259l\u0259rd\u0259 q\u0259rar tutub ya\u015fayan az\u0259rbaycanl\u0131lar da var. Bel\u0259likl\u0259 d\u0259, az\u0259rbaycanl\u0131lar tarixi Az\u0259rbaycan torpaqlar\u0131ndan b\u00fct\u00fcn d\u00fcnyaya yay\u0131l\u0131blar. Rusiyada, Ukraynada, M\u00fcst\u0259qil D\u00f6vl\u0259tl\u0259r Birliyinin (MDB) dig\u0259r \u00f6lk\u0259l\u0259rind\u0259, Baltikyan\u0131 \u00f6lk\u0259l\u0259rd\u0259, Avropada, Amerikada, \u015e\u0259rq \u00f6lk\u0259l\u0259rind\u0259 iri Az\u0259rbaycan icmalar\u0131 yaran\u0131b.<br \/>\nAz\u0259rbaycanl\u0131lar\u0131n ya\u015fad\u0131qlar\u0131, f\u0259aliyy\u0259t g\u00f6st\u0259rdikl\u0259ri v\u0259 \u00e7oxluq t\u0259\u015fkil etdikl\u0259ri Avropa \u00f6lk\u0259l\u0259rind\u0259 bu tendensiya \u00f6z\u00fcn\u00fc y\u00fcks\u0259k s\u0259viyy\u0259d\u0259 g\u00f6st\u0259rir. Bu da ondan ir\u0259li g\u0259lir ki, Avropadak\u0131 Az\u0259rbaycan diaspor t\u0259\u015fkilatlar\u0131 \u00f6z q\u00fcvv\u0259l\u0259rini s\u0259f\u0259rb\u0259r etm\u0259kd\u0259 ard\u0131c\u0131ld\u0131rlar v\u0259 bu, ayr\u0131-ayr\u0131 c\u0259miyy\u0259t \u00fczvl\u0259ri \u00fc\u00e7\u00fcn bir araya g\u0259lm\u0259k, c\u0259miyy\u0259t v\u0259 qurumlar hal\u0131nda birl\u0259\u015fm\u0259k bax\u0131m\u0131ndan d\u00fcnyan\u0131n sivil n\u00f6qt\u0259l\u0259rind\u0259n biri olan Avropada m\u00fch\u00fcm \u0259h\u0259miyy\u0259t k\u0259sb edir.<br \/>\n1991-ci ilin 16 dekabr\u0131nda Az\u0259rbaycan xalq\u0131n\u0131n\u0131n \u00fcmummilli lideri, o vaxt Nax\u00e7\u0131van Muxtar Respublikas\u0131 Ali M\u0259clisinin s\u0259dri v\u0259zif\u0259sind\u0259 \u00e7al\u0131\u015fan Heyd\u0259r \u018fliyev d\u00fcnya az\u0259rbaycanl\u0131lar\u0131n\u0131n birliyini yaratma\u011f\u0131n \u0259h\u0259miyy\u0259tini n\u0259z\u0259r\u0259 alaraq dekabr\u0131n 31-ni D\u00fcnya Az\u0259rbaycanl\u0131lar\u0131n\u0131n H\u0259mr\u0259yliyi G\u00fcn\u00fc\u00a0<a title=\"elanlar sayti alqi satqi sayti\" href=\"https:\/\/tezbazar.az\/\" target=\"_blank\" rel=\"noopener\">elan<\/a>\u00a0edib. Ulu \u00d6nd\u0259rin siyasi kursununundavam\u00e7\u0131s\u0131 Prezident \u0130lham \u018fliyevin &#8220;M\u0259n d\u00fcnyada ya\u015fayan h\u0259r bir az\u0259rbaycanl\u0131n\u0131n prezidentiy\u0259m&#8221; k\u0259lm\u0259si h\u0259mr\u0259yliyimizi daha da m\u00f6hk\u0259ml\u0259ndirdi. Bel\u0259likl\u0259, b\u00fct\u00fcn az\u0259rbaycanl\u0131lar \u00fc\u00e7\u00fcn \u0259ziz olan 31 dekabr &#8211; D\u00fcnya Az\u0259rbaycanl\u0131lar\u0131n\u0131n H\u0259mr\u0259yliyi G\u00fcn\u00fc bayram edilir. Az\u0259rbaycanl\u0131lar bu g\u00fcn il\u0259 f\u0259xr edir v\u0259 onu q\u00fcrurla qeyd edirl\u0259r. Bu il is\u0259 31 dekabr &#8211; D\u00fcnya Az\u0259rbaycanl\u0131lar\u0131n\u0131n H\u0259mr\u0259yliyi G\u00fcn\u00fc art\u0131q 2-ci d\u0259f\u0259 \u00f6lk\u0259mizin \u0259razi b\u00fct\u00f6vl\u00fcy\u00fc \u015f\u0259raitind\u0259 qeyd olunacaqd\u0131r.<br \/>\nBayram\u0131n\u0131z m\u00fcbar\u0259k, \u0259ziz Az\u0259rbaycanl\u0131lar!H\u0259c\u0259r Verdiyeva \u2013 AMEA-n\u0131n H\u00fcquq v\u0259 \u0130nsan Haqlar\u0131 \u0130nstitutunun ba\u015f elmi i\u015f\u00e7isi, tarix elml\u0259ri doktoru, professor<\/p>\n","protected":false},"excerpt":{"rendered":"<p>31 Dekabr &#8211; D\u00fcnya Az\u0259rbaycanl\u0131lar\u0131n\u0131n H\u0259mr\u0259yliyi G\u00fcn\u00fc d\u00fcnyan\u0131n m\u00fcxt\u0259lif \u00f6lk\u0259l\u0259rind\u0259 ya\u015fayan az\u0259rbaycanl\u0131larla \u0259laq\u0259l\u0259r qurmaq, onlar aras\u0131nda birlik v\u0259 h\u0259mr\u0259ylik yaratmaq i\u015find\u0259 m\u00fch\u00fcm rol oynay\u0131r v\u0259 g\u00fcn\u00fcn qeyd edilm\u0259si art\u0131q b\u00fct\u00fcn d\u00fcnya az\u0259rbaycanl\u0131lar\u0131 \u00fc\u00e7\u00fcn z\u0259rur\u0259t\u0259 v\u0259 m\u0259n\u0259vi ehtiyaca \u00e7evrilib. Bu g\u00fcn D\u00fcnya Az\u0259rbaycanl\u0131lar\u0131n\u0131n H\u0259mr\u0259yliyi G\u00fcn\u00fcn\u00fc d\u00fcnyan\u0131n m\u00fcxt\u0259lif \u00f6lk\u0259l\u0259rind\u0259 ya\u015fayan az\u0259rbaycanl\u0131lar bayram kimi qeyd edir. Bu g\u00fcn Az\u0259rbaycan diasporu \u00fc\u00e7\u00fcn \u0259n m\u00fch\u00fcm bayrama \u00e7evrilib. D\u00fcnya Az\u0259rbaycanl\u0131lar\u0131n\u0131n H\u0259mr\u0259yliyi G\u00fcn\u00fcn\u00fc h\u0259tta milliyy\u0259tc\u0259 az\u0259rbaycanl\u0131 olmay\u0131b, lakin Az\u0259rbaycanda do\u011fulub b\u00f6y\u00fcm\u00fc\u015f, Az\u0259rbaycan \u0259silli diaspor n\u00fcmay\u0259nd\u0259l\u0259ri d\u0259 qeyd edirl\u0259r. M\u00fcharib\u0259l\u0259r, inqilablar, h\u0259rbi m\u00fcnaqi\u015f\u0259l\u0259r, d\u00fcnyada ged\u0259n m\u00fcxt\u0259lif ictimai-siyasi prosesl\u0259r&hellip;<\/p>\n","protected":false},"author":2,"featured_media":420011,"comment_status":"closed","ping_status":"closed","sticky":false,"template":"","format":"standard","meta":{"om_disable_all_campaigns":false,"_monsterinsights_skip_tracking":false,"_monsterinsights_sitenote_active":false,"_monsterinsights_sitenote_note":"","_monsterinsights_sitenote_category":0},"categories":[19],"tags":[],"aioseo_notices":[],"gutentor_comment":0,"rttpg_featured_image_url":{"full":["https:\/\/arantv.az\/wp-content\/uploads\/2021\/12\/bayraq1_51640606851.jpg",423,451,false],"landscape":["https:\/\/arantv.az\/wp-content\/uploads\/2021\/12\/bayraq1_51640606851.jpg",423,451,false],"portraits":["https:\/\/arantv.az\/wp-content\/uploads\/2021\/12\/bayraq1_51640606851.jpg",423,451,false],"thumbnail":["https:\/\/arantv.az\/wp-content\/uploads\/2021\/12\/bayraq1_51640606851-423x280.jpg",423,280,true],"medium":["https:\/\/arantv.az\/wp-content\/uploads\/2021\/12\/bayraq1_51640606851-342x365.jpg",342,365,true],"large":["https:\/\/arantv.az\/wp-content\/uploads\/2021\/12\/bayraq1_51640606851.jpg",423,451,false],"1536x1536":["https:\/\/arantv.az\/wp-content\/uploads\/2021\/12\/bayraq1_51640606851.jpg",423,451,false],"2048x2048":["https:\/\/arantv.az\/wp-content\/uploads\/2021\/12\/bayraq1_51640606851.jpg",423,451,false],"post-thumbnail":["https:\/\/arantv.az\/wp-content\/uploads\/2021\/12\/bayraq1_51640606851-240x172.jpg",240,172,true],"advps-thumb-one":["https:\/\/arantv.az\/wp-content\/uploads\/2021\/12\/bayraq1_51640606851.jpg",423,451,false]},"rttpg_author":{"display_name":"V\u00fcsal Rafiqo\u011flu","author_link":"https:\/\/arantv.az\/?author=2"},"rttpg_comment":0,"rttpg_category":"<a href=\"https:\/\/arantv.az\/?cat=19\" rel=\"category\">G\u00fcnd\u0259m<\/a>","rttpg_excerpt":"31 Dekabr &#8211; D\u00fcnya Az\u0259rbaycanl\u0131lar\u0131n\u0131n H\u0259mr\u0259yliyi G\u00fcn\u00fc d\u00fcnyan\u0131n m\u00fcxt\u0259lif \u00f6lk\u0259l\u0259rind\u0259 ya\u015fayan az\u0259rbaycanl\u0131larla \u0259laq\u0259l\u0259r qurmaq, onlar aras\u0131nda birlik v\u0259 h\u0259mr\u0259ylik yaratmaq i\u015find\u0259 m\u00fch\u00fcm rol oynay\u0131r v\u0259 g\u00fcn\u00fcn qeyd edilm\u0259si art\u0131q b\u00fct\u00fcn d\u00fcnya az\u0259rbaycanl\u0131lar\u0131 \u00fc\u00e7\u00fcn z\u0259rur\u0259t\u0259 v\u0259 m\u0259n\u0259vi ehtiyaca \u00e7evrilib. Bu g\u00fcn D\u00fcnya Az\u0259rbaycanl\u0131lar\u0131n\u0131n H\u0259mr\u0259yliyi G\u00fcn\u00fcn\u00fc d\u00fcnyan\u0131n m\u00fcxt\u0259lif \u00f6lk\u0259l\u0259rind\u0259 ya\u015fayan az\u0259rbaycanl\u0131lar bayram kimi qeyd edir. Bu g\u00fcn&hellip;","_links":{"self":[{"href":"https:\/\/arantv.az\/index.php?rest_route=\/wp\/v2\/posts\/420010"}],"collection":[{"href":"https:\/\/arantv.az\/index.php?rest_route=\/wp\/v2\/posts"}],"about":[{"href":"https:\/\/arantv.az\/index.php?rest_route=\/wp\/v2\/types\/post"}],"author":[{"embeddable":true,"href":"https:\/\/arantv.az\/index.php?rest_route=\/wp\/v2\/users\/2"}],"replies":[{"embeddable":true,"href":"https:\/\/arantv.az\/index.php?rest_route=%2Fwp%2Fv2%2Fcomments&post=420010"}],"version-history":[{"count":0,"href":"https:\/\/arantv.az\/index.php?rest_route=\/wp\/v2\/posts\/420010\/revisions"}],"wp:featuredmedia":[{"embeddable":true,"href":"https:\/\/arantv.az\/index.php?rest_route=\/wp\/v2\/media\/420011"}],"wp:attachment":[{"href":"https:\/\/arantv.az\/index.php?rest_route=%2Fwp%2Fv2%2Fmedia&parent=420010"}],"wp:term":[{"taxonomy":"category","embeddable":true,"href":"https:\/\/arantv.az\/index.php?rest_route=%2Fwp%2Fv2%2Fcategories&post=420010"},{"taxonomy":"post_tag","embeddable":true,"href":"https:\/\/arantv.az\/index.php?rest_route=%2Fwp%2Fv2%2Ftags&post=420010"}],"curies":[{"name":"wp","href":"https:\/\/api.w.org\/{rel}","templated":true}]}}