{"id":420013,"date":"2021-12-27T16:38:40","date_gmt":"2021-12-27T13:38:40","guid":{"rendered":"http:\/\/arantv.az\/?p=420013"},"modified":"2021-12-27T16:38:40","modified_gmt":"2021-12-27T13:38:40","slug":"az%c9%99rbaycanin-beyn%c9%99lxalq-nufuzunun-artmasina-xidm%c9%99t-ed%c9%99n-milli-h%c9%99mr%c9%99ylik-2","status":"publish","type":"post","link":"https:\/\/arantv.az\/?p=420013","title":{"rendered":"Az\u0259rbaycan\u0131n beyn\u0259lxalq n\u00fcfuzunun artmas\u0131na xidm\u0259t ed\u0259n milli h\u0259mr\u0259ylik"},"content":{"rendered":"<p>Az\u0259rbaycanl\u0131lar minillikl\u0259r boyu \u00f6zl\u0259rinin tarixi torpa\u011f\u0131 olan Az\u0259rbaycan \u0259razisind\u0259 ya\u015fayaraq, b\u0259\u015f\u0259r sivilizasiyas\u0131na b\u00f6y\u00fck t\u00f6hf\u0259l\u0259r veribl\u0259r. M\u00fcharib\u0259l\u0259r, inqilablar, h\u0259rbi m\u00fcnaqi\u015f\u0259l\u0259r, d\u00fcnyada ged\u0259n ictimai-siyasi prosesl\u0259r n\u0259tic\u0259sind\u0259 Az\u0259rbaycan par\u00e7alan\u0131b, az\u0259rbaycanl\u0131lar\u0131n bir qismi yurd-yuvalar\u0131ndan did\u0259rgin sal\u0131n\u0131b, deportasiyalara m\u0259ruz qal\u0131b, i\u015f tapmaq, t\u0259hsil almaq m\u0259qs\u0259dil\u0259 do\u011fma V\u0259t\u0259ni t\u0259rk ed\u0259r\u0259k ba\u015fqa \u00f6lk\u0259l\u0259rd\u0259 m\u0259skunla\u015f\u0131blar. Haz\u0131rda d\u00fcnyan\u0131n h\u0259r yerind\u0259 az\u0259rbaycanl\u0131lar ya\u015fay\u0131rlar.<br \/>\nUzun bir d\u00f6vr V\u0259t\u0259nd\u0259 ya\u015fayan az\u0259rbaycanl\u0131lar ba\u015fqa \u00f6lk\u0259l\u0259rd\u0259 m\u0259skunla\u015fm\u0131\u015f h\u0259mv\u0259t\u0259nl\u0259ri il\u0259 g\u00f6r\u00fc\u015fm\u0259k, \u0259laq\u0259l\u0259r yaratmaq imkan\u0131ndan m\u0259hrum olublar. Ke\u00e7mi\u015f SSR\u0130 d\u00f6vl\u0259tinin qada\u011falar\u0131 qarda\u015f\u0131n qarda\u015fla g\u00f6r\u00fc\u015fm\u0259yin\u0259 imkan vermirdi. Sovet rejiminin z\u0259ifl\u0259m\u0259y\u0259 ba\u015flad\u0131\u011f\u0131 1980-ci ill\u0259rin sonlar\u0131nda Az\u0259rbaycan xalq\u0131 \u00f6z h\u0259mv\u0259t\u0259nl\u0259ri il\u0259 \u0259laq\u0259l\u0259r yaratmaq \u00fc\u00e7\u00fcn s\u0259yl\u0259rini art\u0131rd\u0131.<br \/>\n1991-ci il dekabr\u0131n 16-da Nax\u00e7\u0131van Muxtar Respublikas\u0131 Ali M\u0259clisinin Heyd\u0259r \u018fliyevin s\u0259drliyi il\u0259 ke\u00e7\u0259n iclas\u0131nda 31 dekabr\u0131n d\u00fcnya az\u0259rbaycanl\u0131lar\u0131n\u0131n h\u0259mr\u0259ylik bayram\u0131 kimi qeyd olunmas\u0131 bar\u0259d\u0259 q\u0259rar q\u0259bul edildi v\u0259 Az\u0259rbaycan Respublikas\u0131 Ali Sovetin\u0259 m\u00fcraci\u0259t edildi. Dekabr\u0131n 25-d\u0259 Ali Sovetinin Milli \u015euras\u0131 m\u00fcraci\u0259ti n\u0259z\u0259r\u0259 alaraq, dekabr\u0131n 31-nin D\u00fcnya Az\u0259rbaycanl\u0131lar\u0131n\u0131n H\u0259mr\u0259ylik G\u00fcn\u00fc\u00a0<a title=\"elanlar sayti alqi satqi sayti\" href=\"https:\/\/tezbazar.az\/\" target=\"_blank\" rel=\"noopener\">elan<\/a>\u00a0olunmas\u0131 bar\u0259d\u0259 qanun q\u0259bul etdi.<br \/>\n2001-ci il noyabr\u0131n 9-10-da Bak\u0131da D\u00fcnya Az\u0259rbaycanl\u0131lar\u0131n\u0131n I Qurultay\u0131 ke\u00e7irildi. Qurultay soyda\u015flar\u0131m\u0131z\u0131n milli m\u0259nlik \u015f\u00fcurunun g\u00fccl\u0259nm\u0259sin\u0259, m\u00fcxt\u0259lif \u00f6lk\u0259l\u0259rd\u0259 az\u0259rbaycanl\u0131 icmalar\u0131n\u0131n m\u00fct\u0259\u015f\u0259kkilliyinin v\u0259 f\u0259all\u0131\u011f\u0131n\u0131n artmas\u0131na t\u0259sir g\u00f6st\u0259rib. H\u0259min qurultayda Ulu \u00d6nd\u0259rin b\u00f6y\u00fck iftixarla s\u00f6yl\u0259diyi &#8220;M\u0259n h\u0259mi\u015f\u0259 f\u0259xr etmi\u015f\u0259m, bu g\u00fcn d\u0259 f\u0259xr edir\u0259m ki, m\u0259n az\u0259rbaycanl\u0131yam!&#8221; k\u0259lam\u0131 is\u0259 dill\u0259r \u0259zb\u0259rin\u0259 \u00e7evrildi.<br \/>\nYorulmaz f\u0259aliyy\u0259ti il\u0259 Heyd\u0259r \u018fliyev siyasi f\u0259ls\u0259f\u0259sin\u0259, onun liderlik m\u0259kt\u0259bin\u0259 s\u00f6yk\u0259n\u0259n Prezident \u0130lham \u018fliyev Ulu \u00d6nd\u0259rin bu sah\u0259d\u0259ki\u00a0<a title=\"xidmetler\" href=\"https:\/\/xidmetler.az\/\" target=\"_blank\" rel=\"noopener\">xidm\u0259tl\u0259rini<\/a>\u00a0u\u011furla davam etdirir. D\u00f6vl\u0259timizin ba\u015f\u00e7\u0131s\u0131n\u0131n &#8220;D\u00fcnya az\u0259rbaycanl\u0131lar\u0131n\u0131n II qurultay\u0131n\u0131n ke\u00e7irilm\u0259si haqq\u0131nda&#8221; S\u0259r\u0259ncam\u0131na uy\u011fun olaraq 2006-c\u0131 il mart\u0131n 16-da Bak\u0131da ke\u00e7iril\u0259n n\u00f6vb\u0259ti m\u00f6t\u0259b\u0259r toplant\u0131 xaricd\u0259 ya\u015fayan az\u0259rbaycanl\u0131lar\u0131n diaspordan lobbiy\u0259 \u00e7evrilm\u0259si istiqam\u0259tind\u0259 yeni add\u0131m oldu, \u00f6lk\u0259mizl\u0259 ba\u011fl\u0131 h\u0259qiq\u0259tl\u0259rin d\u00fcnya ictimaiyy\u0259tin\u0259 \u00e7atd\u0131r\u0131lmas\u0131 i\u015find\u0259 \u0259h\u0259miyy\u0259tli rol oynad\u0131.<br \/>\nBu g\u00fcn diasporumuzun t\u0259\u015fkilatlanmas\u0131 prosesi daha s\u00fcr\u0259tl\u0259 gedir. H\u0259mr\u0259ylik g\u00fcn\u00fc milli birlik, Az\u0259rbaycana m\u0259h\u0259bb\u0259t, milli-m\u0259n\u0259vi d\u0259y\u0259rl\u0259rimiz\u0259 h\u00f6rm\u0259t, V\u0259t\u0259n\u0259 ba\u011fl\u0131l\u0131q hissl\u0259rini \u00f6z\u00fcnd\u0259 t\u0259c\u0259ss\u00fcm etdirir.<br \/>\nD\u00f6vl\u0259timizin diaspor siyas\u0259ti, h\u0259mv\u0259t\u0259nl\u0259rimizin birlik v\u0259 h\u0259mr\u0259yliyinin m\u00f6hk\u0259ml\u0259ndirilm\u0259si, onlar\u0131n daha m\u00fct\u0259\u015f\u0259kkil formada t\u0259\u015fkilatlanmas\u0131 prosesi \u00f6z\u00fcn\u00fcn yeni m\u0259rh\u0259l\u0259sin\u0259 q\u0259d\u0259m qoyub. Art\u0131q d\u00fcnya az\u0259rbaycanl\u0131lar\u0131 ya\u015fad\u0131qlar\u0131 \u00f6lk\u0259l\u0259rin sosial-iqtisadi, ictimai-siyasi v\u0259 m\u0259d\u0259ni h\u0259yat\u0131nda daha f\u0259al rol oynay\u0131r, respublikam\u0131zla qar\u015f\u0131l\u0131ql\u0131 \u0259laq\u0259l\u0259rin geni\u015fl\u0259nm\u0259sin\u0259 b\u00f6y\u00fck t\u00f6hf\u0259 verir, Az\u0259rbaycan h\u0259qiq\u0259tl\u0259rinin d\u00fcnya ictimaiyy\u0259tin\u0259 \u00e7atd\u0131r\u0131lmas\u0131nda, z\u0259ngin m\u0259d\u0259ni irsimizin t\u0259bli\u011find\u0259, t\u0259cav\u00fczkar erm\u0259ni dair\u0259l\u0259rinin ideoloji t\u0259xribatlar\u0131n\u0131n qar\u015f\u0131s\u0131n\u0131n al\u0131nmas\u0131nda q\u0259tiyy\u0259t n\u00fcmayi\u015f etdirirl\u0259r. Onlar Az\u0259rbaycan d\u00f6vl\u0259tinin d\u0259st\u0259yi say\u0259sind\u0259 qarda\u015f v\u0259 dost xalqlar\u0131n lobbi v\u0259 diasporlar\u0131 il\u0259 s\u0259m\u0259r\u0259li \u0259m\u0259kda\u015fl\u0131\u011f\u0131n qurulmas\u0131 sah\u0259sind\u0259 t\u0259sirli t\u0259dbirl\u0259r h\u0259yata ke\u00e7irir, Az\u0259rbaycan\u0131n, xalq\u0131m\u0131z\u0131n tarixini yaz\u0131r v\u0259 n\u0259sill\u0259rd\u0259n-n\u0259sill\u0259r\u0259 \u00f6t\u00fcr\u00fcrl\u0259r.<br \/>\nD\u00fcnya Az\u0259rbaycanl\u0131lar\u0131n\u0131n H\u0259mr\u0259yliyi G\u00fcn\u00fcn\u00fcz m\u00fcbar\u0259k!\u0130srafil K\u0259rimov \u2013 Az\u0259rbaycan Jurnalistl\u0259r Birliyinin \u00fczv\u00fc<\/p>\n","protected":false},"excerpt":{"rendered":"<p>Az\u0259rbaycanl\u0131lar minillikl\u0259r boyu \u00f6zl\u0259rinin tarixi torpa\u011f\u0131 olan Az\u0259rbaycan \u0259razisind\u0259 ya\u015fayaraq, b\u0259\u015f\u0259r sivilizasiyas\u0131na b\u00f6y\u00fck t\u00f6hf\u0259l\u0259r veribl\u0259r. M\u00fcharib\u0259l\u0259r, inqilablar, h\u0259rbi m\u00fcnaqi\u015f\u0259l\u0259r, d\u00fcnyada ged\u0259n ictimai-siyasi prosesl\u0259r n\u0259tic\u0259sind\u0259 Az\u0259rbaycan par\u00e7alan\u0131b, az\u0259rbaycanl\u0131lar\u0131n bir qismi yurd-yuvalar\u0131ndan did\u0259rgin sal\u0131n\u0131b, deportasiyalara m\u0259ruz qal\u0131b, i\u015f tapmaq, t\u0259hsil almaq m\u0259qs\u0259dil\u0259 do\u011fma V\u0259t\u0259ni t\u0259rk ed\u0259r\u0259k ba\u015fqa \u00f6lk\u0259l\u0259rd\u0259 m\u0259skunla\u015f\u0131blar. Haz\u0131rda d\u00fcnyan\u0131n h\u0259r yerind\u0259 az\u0259rbaycanl\u0131lar ya\u015fay\u0131rlar. Uzun bir d\u00f6vr V\u0259t\u0259nd\u0259 ya\u015fayan az\u0259rbaycanl\u0131lar ba\u015fqa \u00f6lk\u0259l\u0259rd\u0259 m\u0259skunla\u015fm\u0131\u015f h\u0259mv\u0259t\u0259nl\u0259ri il\u0259 g\u00f6r\u00fc\u015fm\u0259k, \u0259laq\u0259l\u0259r yaratmaq imkan\u0131ndan m\u0259hrum olublar. Ke\u00e7mi\u015f SSR\u0130 d\u00f6vl\u0259tinin qada\u011falar\u0131 qarda\u015f\u0131n qarda\u015fla g\u00f6r\u00fc\u015fm\u0259yin\u0259 imkan vermirdi. Sovet rejiminin z\u0259ifl\u0259m\u0259y\u0259 ba\u015flad\u0131\u011f\u0131 1980-ci ill\u0259rin sonlar\u0131nda Az\u0259rbaycan xalq\u0131 \u00f6z h\u0259mv\u0259t\u0259nl\u0259ri&hellip;<\/p>\n","protected":false},"author":2,"featured_media":420014,"comment_status":"closed","ping_status":"closed","sticky":false,"template":"","format":"standard","meta":{"om_disable_all_campaigns":false,"_monsterinsights_skip_tracking":false,"_monsterinsights_sitenote_active":false,"_monsterinsights_sitenote_note":"","_monsterinsights_sitenote_category":0},"categories":[19],"tags":[],"aioseo_notices":[],"gutentor_comment":0,"rttpg_featured_image_url":{"full":["https:\/\/arantv.az\/wp-content\/uploads\/2021\/12\/bayraq_41640606728.jpg",448,255,false],"landscape":["https:\/\/arantv.az\/wp-content\/uploads\/2021\/12\/bayraq_41640606728.jpg",448,255,false],"portraits":["https:\/\/arantv.az\/wp-content\/uploads\/2021\/12\/bayraq_41640606728.jpg",448,255,false],"thumbnail":["https:\/\/arantv.az\/wp-content\/uploads\/2021\/12\/bayraq_41640606728.jpg",448,255,false],"medium":["https:\/\/arantv.az\/wp-content\/uploads\/2021\/12\/bayraq_41640606728.jpg",448,255,false],"large":["https:\/\/arantv.az\/wp-content\/uploads\/2021\/12\/bayraq_41640606728.jpg",448,255,false],"1536x1536":["https:\/\/arantv.az\/wp-content\/uploads\/2021\/12\/bayraq_41640606728.jpg",448,255,false],"2048x2048":["https:\/\/arantv.az\/wp-content\/uploads\/2021\/12\/bayraq_41640606728.jpg",448,255,false],"post-thumbnail":["https:\/\/arantv.az\/wp-content\/uploads\/2021\/12\/bayraq_41640606728-240x172.jpg",240,172,true],"advps-thumb-one":["https:\/\/arantv.az\/wp-content\/uploads\/2021\/12\/bayraq_41640606728.jpg",448,255,false]},"rttpg_author":{"display_name":"V\u00fcsal Rafiqo\u011flu","author_link":"https:\/\/arantv.az\/?author=2"},"rttpg_comment":0,"rttpg_category":"<a href=\"https:\/\/arantv.az\/?cat=19\" rel=\"category\">G\u00fcnd\u0259m<\/a>","rttpg_excerpt":"Az\u0259rbaycanl\u0131lar minillikl\u0259r boyu \u00f6zl\u0259rinin tarixi torpa\u011f\u0131 olan Az\u0259rbaycan \u0259razisind\u0259 ya\u015fayaraq, b\u0259\u015f\u0259r sivilizasiyas\u0131na b\u00f6y\u00fck t\u00f6hf\u0259l\u0259r veribl\u0259r. M\u00fcharib\u0259l\u0259r, inqilablar, h\u0259rbi m\u00fcnaqi\u015f\u0259l\u0259r, d\u00fcnyada ged\u0259n ictimai-siyasi prosesl\u0259r n\u0259tic\u0259sind\u0259 Az\u0259rbaycan par\u00e7alan\u0131b, az\u0259rbaycanl\u0131lar\u0131n bir qismi yurd-yuvalar\u0131ndan did\u0259rgin sal\u0131n\u0131b, deportasiyalara m\u0259ruz qal\u0131b, i\u015f tapmaq, t\u0259hsil almaq m\u0259qs\u0259dil\u0259 do\u011fma V\u0259t\u0259ni t\u0259rk ed\u0259r\u0259k ba\u015fqa \u00f6lk\u0259l\u0259rd\u0259 m\u0259skunla\u015f\u0131blar. Haz\u0131rda d\u00fcnyan\u0131n h\u0259r yerind\u0259 az\u0259rbaycanl\u0131lar ya\u015fay\u0131rlar. Uzun bir&hellip;","_links":{"self":[{"href":"https:\/\/arantv.az\/index.php?rest_route=\/wp\/v2\/posts\/420013"}],"collection":[{"href":"https:\/\/arantv.az\/index.php?rest_route=\/wp\/v2\/posts"}],"about":[{"href":"https:\/\/arantv.az\/index.php?rest_route=\/wp\/v2\/types\/post"}],"author":[{"embeddable":true,"href":"https:\/\/arantv.az\/index.php?rest_route=\/wp\/v2\/users\/2"}],"replies":[{"embeddable":true,"href":"https:\/\/arantv.az\/index.php?rest_route=%2Fwp%2Fv2%2Fcomments&post=420013"}],"version-history":[{"count":0,"href":"https:\/\/arantv.az\/index.php?rest_route=\/wp\/v2\/posts\/420013\/revisions"}],"wp:featuredmedia":[{"embeddable":true,"href":"https:\/\/arantv.az\/index.php?rest_route=\/wp\/v2\/media\/420014"}],"wp:attachment":[{"href":"https:\/\/arantv.az\/index.php?rest_route=%2Fwp%2Fv2%2Fmedia&parent=420013"}],"wp:term":[{"taxonomy":"category","embeddable":true,"href":"https:\/\/arantv.az\/index.php?rest_route=%2Fwp%2Fv2%2Fcategories&post=420013"},{"taxonomy":"post_tag","embeddable":true,"href":"https:\/\/arantv.az\/index.php?rest_route=%2Fwp%2Fv2%2Ftags&post=420013"}],"curies":[{"name":"wp","href":"https:\/\/api.w.org\/{rel}","templated":true}]}}