{"id":420019,"date":"2021-12-27T16:43:04","date_gmt":"2021-12-27T13:43:04","guid":{"rendered":"http:\/\/arantv.az\/?p=420019"},"modified":"2021-12-27T16:43:04","modified_gmt":"2021-12-27T13:43:04","slug":"xank%c9%99ndid%c9%99-frankofoniyanin-numay%c9%99nd%c9%99liyinin-acilmasi-siyasi-avanturadir-s%c9%99rh","status":"publish","type":"post","link":"https:\/\/arantv.az\/?p=420019","title":{"rendered":"\u201cXank\u0259ndid\u0259 \u201cFrankofoniya\u201dn\u0131n \u201cn\u00fcmay\u0259nd\u0259liyi\u201dnin a\u00e7\u0131lmas\u0131 siyasi avant\u00fcrad\u0131r\u201d &#8211; \u015e\u018fRH"},"content":{"rendered":"<p>\u201cBir ne\u00e7\u0259 g\u00fcn \u0259vv\u0259l Fransada prezidentliy\u0259 \u0259sas namiz\u0259d Valeri Pekrez Xank\u0259ndiy\u0259 qanunsuz s\u0259f\u0259r ed\u0259rk\u0259n \u00f6z\u00fc il\u0259 birlikd\u0259 bir ne\u00e7\u0259 deputat da apar\u0131b. Onlar Xank\u0259ndid\u0259 \u201cFrankofoniya\u201d t\u0259\u015fkilat\u0131n\u0131 ziyar\u0259t edib v\u0259 binaya Qaraba\u011fdak\u0131 separat\u00e7\u0131lar\u0131n \u201cbayra\u011f\u0131\u201dn\u0131 as\u0131blar. Bu, art\u0131q \u201cq\u0131rm\u0131z\u0131 x\u0259tt\u201di ke\u00e7m\u0259k dem\u0259kdir. Birincisi, \u0259razid\u0259ki s\u00fclhm\u0259raml\u0131lar gedi\u015f-g\u0259li\u015f\u0259 n\u0259zar\u0259t etmir, v\u0259zif\u0259l\u0259rin\u0259 uy\u011fun davranm\u0131rlar. \u0130kincisi, xan\u0131m Pekrezin qanunsuz s\u0259f\u0259ri, o c\u00fcml\u0259d\u0259n separat\u00e7\u0131lar\u0131n \u201cbayra\u011f\u0131\u201dn\u0131n \u201cFrankofoniya\u201ddan as\u0131lmas\u0131 siyasi avant\u00fcrad\u0131r. Az\u0259rbaycan Xarici \u0130\u015fl\u0259r Nazirliyi Fransaya m\u00fcvafiq qaydada nota verib. G\u00f6r\u00fcn\u00fcr, daha s\u0259rt v\u0259 davaml\u0131 add\u0131mlara, o c\u00fcml\u0259d\u0259n n\u0259zar\u0259t t\u0259dbirl\u0259rinin art\u0131r\u0131lmas\u0131na ehtiyac var\u201d.<\/p>\n<p><img src=\"https:\/\/cdn.oxu.az\/uploads\/W1siZiIsIjIwMjEvMTIvMjcvMTYvNDQvMzUvYTE4YWIzZTYtMDRjYy00NDE0LWI2YzItNDI1YThkY2NiNTJkL0ZvdG9KZXQgLSAyMDIxLTEyLTI3VDExMzc0NS42MjYgKDEpLmpwZyJdLFsicCIsImVuY29kZSIsImpwZyIsIi1xdWFsaXR5IDgwIl0sWyJwIiwidGh1bWIiLCI1OTB4NTkwXHUwMDNlIl1d?sha=eff935b974021ab4\" \/><\/p>\n<p>Bu fikirl\u0259ri\u00a0\u201cReport\u201da a\u00e7\u0131qlamas\u0131nda siyasi elml\u0259r doktoru, professor\u00a0Sabir M\u0259mm\u0259dli\u00a0deyib.<\/p>\n<p>Onun s\u00f6zl\u0259rin\u0259 g\u00f6r\u0259, V.Pekrezin bu add\u0131m\u0131 t\u0259\u0259cc\u00fcb do\u011furmamal\u0131d\u0131r:<\/p>\n<p>\u201cO, h\u0259mi\u015f\u0259 erm\u0259nip\u0259r\u0259st m\u00f6vqeyi il\u0259 se\u00e7ilib. \u018fslind\u0259, dig\u0259r frans\u0131z siyas\u0259t\u00e7il\u0259rin d\u0259 \u0259ks\u0259riyy\u0259ti bel\u0259dir. \u00c7\u00fcnki erm\u0259ni diasporunun onlara t\u0259sir imkanlar\u0131 var. N\u0259z\u0259r\u0259 almaq laz\u0131md\u0131r ki, r\u0259smi Paris vaxt\u0131 il\u0259 m\u0259lum d\u00f6rd q\u0259tnam\u0259y\u0259 s\u0259s verib. \u0130ndi is\u0259 beyn\u0259lxalq \u00f6hd\u0259likl\u0259rin\u0259 say\u011f\u0131s\u0131z yana\u015f\u0131r. Onun d\u00f6vl\u0259tl\u0259rin \u0259razi b\u00fct\u00f6vl\u00fcy\u00fcn\u0259 h\u00f6rm\u0259tsiz yana\u015fmas\u0131, q\u0259tnam\u0259l\u0259rin, beyn\u0259lxalq h\u00fcququn t\u0259l\u0259bl\u0259rin\u0259 \u0259m\u0259l etm\u0259m\u0259si uzaqg\u00f6r\u0259n siyas\u0259t\u00e7i olmad\u0131\u011f\u0131n\u0131 g\u00f6st\u0259rir. \u018flb\u0259tt\u0259, a\u011f\u0131ll\u0131 siyas\u0259t\u00e7i bel\u0259 add\u0131mlar atmaz\u201d.<\/p>\n<p><strong>\u201c\u0130ndi biz Rusiya qar\u015f\u0131s\u0131nda La\u00e7\u0131n d\u0259hlizin\u0259 birg\u0259 n\u0259zar\u0259t etm\u0259kl\u0259 ba\u011fl\u0131 m\u0259s\u0259l\u0259 qald\u0131rmal\u0131y\u0131q\u201d<\/strong><\/p>\n<p>S.M\u0259mm\u0259dli bildirib ki, fransal\u0131 siyas\u0259t\u00e7il\u0259r daxild\u0259ki erm\u0259nil\u0259rin s\u0259sini qazanmaq m\u0259qs\u0259dil\u0259 bu c\u00fcr add\u0131mlar at\u0131rlar:<\/p>\n<p>\u201cLakin bu, haz\u0131rk\u0131 Prezident Emmanuel Makrona z\u0259rb\u0259dir. \u00c7ox g\u00fcman ki, Makron g\u0259l\u0259c\u0259k siyas\u0259tind\u0259 bunu n\u0259z\u0259r\u0259 alacaq, g\u00f6t\u00fcr-qoy ed\u0259c\u0259k. D\u00fc\u015f\u00fcn\u00fcr\u0259m ki, d\u00f6vl\u0259t ba\u015f\u00e7\u0131s\u0131 \u015f\u0259xs\u0259n \u00f6z\u00fc olmasa bel\u0259, Fransa h\u00f6kum\u0259tinin n\u00fcmay\u0259nd\u0259l\u0259ri bu bar\u0259d\u0259 \u0130r\u0259vana naraz\u0131l\u0131qlar\u0131n\u0131 bildir\u0259c\u0259kl\u0259r\u201d.<\/p>\n<p><img src=\"https:\/\/cdn.oxu.az\/uploads\/W1siZiIsIjIwMjEvMTIvMjcvMTYvMzUvNTYvY2U4MGUwNTktMzY1Yi00YmM2LWE2ZmYtYWZlMDZhNzAyNTEyL2FkZmM4NzYwLTA2MmYtMzVjMS1hMjNiLTE4YWI4NzczZTgwZC5qcGciXSxbInAiLCJlbmNvZGUiLCJqcGciLCItcXVhbGl0eSA4MCJdLFsicCIsInRodW1iIiwiNTkweDU5MFx1MDAzZSJdXQ?sha=ea3ab325bd9ef9da\" alt=\"\" \/><\/p>\n<p>Siyasi elml\u0259r doktoru Az\u0259rbaycan \u00fc\u00e7\u00fcn ideal yolu da a\u00e7\u0131qlay\u0131b:<\/p>\n<p>\u201cKreml r\u0259hb\u0259rliyi Pekrezin Makrona real r\u0259qib oldu\u011funu anlay\u0131r. Bilirik ki, Moskva il\u0259 Parisin haz\u0131rk\u0131 m\u00fcnasib\u0259tl\u0259ri o q\u0259d\u0259r d\u0259 \u201cisti\u201d deyil. Bu m\u0259nada s\u00fclhm\u0259raml\u0131lar\u0131n qanunsuz s\u0259f\u0259r\u0259 g\u00f6z yummas\u0131 Pekrez\u0259 \u201cpas \u00f6t\u00fcrm\u0259k\u201d idi. Dig\u0259r t\u0259r\u0259fd\u0259n, Az\u0259rbaycan \u00fc\u00e7\u00fcn t\u0259hl\u00fck\u0259li v\u0259ziyy\u0259t yaran\u0131r. Bel\u0259 ki, dig\u0259r \u00f6lk\u0259 n\u00fcmay\u0259nd\u0259l\u0259rinin Xank\u0259ndiy\u0259 qanunsuz s\u0259f\u0259rl\u0259ri bir n\u00f6v stimulla\u015fd\u0131r\u0131l\u0131r v\u0259 La\u00e7\u0131n d\u0259hlizinin s\u0259rb\u0259st gedi\u015f-g\u0259li\u015f yolu olmas\u0131na \u015f\u0259rait yaran\u0131r. \u0130ndi biz Rusiya qar\u015f\u0131s\u0131nda La\u00e7\u0131n d\u0259hlizin\u0259 birg\u0259 n\u0259zar\u0259t etm\u0259kl\u0259 ba\u011fl\u0131 m\u0259s\u0259l\u0259 qald\u0131rmal\u0131y\u0131q. Bu, r\u0259smi Bak\u0131n\u0131n \u0259n optimal yoludur. S\u00f6zs\u00fcz, bu zaman s\u00fclhm\u0259raml\u0131lar\u0131n \u00f6zba\u015f\u0131nal\u0131\u011f\u0131na imkan olmayacaq. Moskvan\u0131 tamamil\u0259 k\u0259nara \u00e7\u0131xarmaq 10 noyabr \u00fc\u00e7t\u0259r\u0259fli b\u0259yanat\u0131 il\u0259 ziddiyy\u0259t t\u0259\u015fkil edir. Lakin dediyim kimi, ilkin m\u0259rh\u0259l\u0259d\u0259 La\u00e7\u0131n d\u0259hlizin\u0259 birg\u0259 n\u0259zar\u0259t etm\u0259k Az\u0259rbaycan\u0131n Rusiya s\u00fclhm\u0259raml\u0131lar\u0131n\u0131n n\u0259zar\u0259ti alt\u0131nda olan \u0259razil\u0259rind\u0259ki separat\u00e7\u0131-terror\u00e7u rejimin t\u00f6r-t\u00f6k\u00fcnt\u00fcl\u0259rin\u0259 ciddi z\u0259rb\u0259 olmaqla yana\u015f\u0131, h\u0259m d\u0259 xeyli m\u0259nada \u201csular\u0131 duruldacaq\u201d.<\/p>\n<p><img src=\"https:\/\/cdn.oxu.az\/uploads\/W1siZiIsIjIwMjEvMTIvMjcvMTYvMzUvNTYvNTMyYzk2MzEtNzAxMy00NmI0LTk0MWEtNzY3NWNiZmYzMzk2L2E0NmJhZDBmLTcyOGMtMzZmNC1hYTI1LWI1ZGZhZTU4MDc4Ny5qcGciXSxbInAiLCJlbmNvZGUiLCJqcGciLCItcXVhbGl0eSA4MCJdLFsicCIsInRodW1iIiwiNTkweDU5MFx1MDAzZSJdXQ?sha=13e51e092fc58697\" alt=\"\" \/><\/p>\n<p><strong>\u201cFransa il\u0259 ticar\u0259t \u0259laq\u0259l\u0259rinin m\u0259hdudla\u015fd\u0131r\u0131lmas\u0131na ba\u015flan\u0131lmal\u0131d\u0131r\u201d<\/strong><\/p>\n<p>Professor, politoloq\u00a0Qabil H\u00fcseynli\u00a0is\u0259\u00a0a\u00e7\u0131qlamas\u0131nda deyib ki, Fransa siyas\u0259t\u00e7il\u0259rinin bel\u0259 add\u0131mlar\u0131 he\u00e7 bir beyn\u0259lxalq h\u00fcquqa uy\u011fun deyil:<\/p>\n<p>\u201cM\u0259lum oldu\u011fu kimi, biz Fransaya nota verdik v\u0259 h\u0259min h\u0259r\u0259k\u0259tl\u0259ri q\u0259tiyy\u0259tl\u0259 pisl\u0259dik. Eyni zamanda Pekrezin, onun yan\u0131ndak\u0131 adamlar\u0131n adlar\u0131n\u0131 \u201cqara siyah\u0131\u201dya sald\u0131q. Fransa ikili standartlara uy\u011fun davran\u0131r. Halbuki Fransan\u0131n da \u00fczv oldu\u011fu bir \u00e7ox beyn\u0259lxalq t\u0259\u015fkilatlar, o c\u00fcml\u0259d\u0259n BMT, Avropa \u015euras\u0131 Az\u0259rbaycan\u0131n \u0259razi b\u00fct\u00f6vl\u00fcy\u00fcn\u00fc tan\u0131y\u0131r. El\u0259 is\u0259 xan\u0131m Pekrezin qanunsuz s\u0259f\u0259ri hans\u0131 m\u0259ntiq\u0259 uy\u011fundur?! Dig\u0259r t\u0259r\u0259fd\u0259n, s\u00fclhm\u0259raml\u0131lar\u0131n f\u0259aliyy\u0259tsizliyi d\u0259 ciddi hidd\u0259t do\u011furur. Onlar La\u00e7\u0131n d\u0259hlizini, dem\u0259k olar, \u201csu yolu\u201dna \u00e7eviribl\u0259r\u201d.<\/p>\n<p><img src=\"https:\/\/cdn.oxu.az\/uploads\/W1siZiIsIjIwMjEvMTIvMjcvMTYvMzUvNTYvZDI5M2ZkNTItZGNmOC00ZDY2LWI3NDktMzZhN2JjNGU2MzE4L2U5ZjNiZjg4LTk1M2QtM2ExNS05NjVhLWQ0MGJiZjMxN2VmOC5qcGciXSxbInAiLCJlbmNvZGUiLCJqcGciLCItcXVhbGl0eSA4MCJdLFsicCIsInRodW1iIiwiNTkweDU5MFx1MDAzZSJdXQ?sha=57b76015d617be80\" alt=\"\" \/><\/p>\n<p>Professor g\u0259l\u0259c\u0259kd\u0259 Bak\u0131-Paris m\u00fcnasib\u0259tl\u0259rind\u0259 m\u00fc\u0259yy\u0259n ziddiyy\u0259tl\u0259rin meydana g\u0259l\u0259c\u0259yini d\u0259 istisna etmir:<\/p>\n<p>\u201cAvropa \u00f6lk\u0259l\u0259ri aras\u0131nda bizim \u0259n b\u00f6y\u00fck ticar\u0259t \u0259laq\u0259l\u0259rimiz Fransa il\u0259 m\u00f6vcuddur. M\u0259nc\u0259, Fransa il\u0259 ticar\u0259t \u0259laq\u0259l\u0259rinin m\u0259hdudla\u015fd\u0131r\u0131lmas\u0131na ba\u015flan\u0131lmal\u0131d\u0131r. Bu h\u0259m d\u00f6vl\u0259t, h\u0259m d\u0259 v\u0259t\u0259nda\u015flar s\u0259viyy\u0259sind\u0259 h\u0259yata ke\u00e7irilm\u0259lidir. Biz Fransa m\u0259hsullar\u0131n\u0131n \u0259v\u0259zin\u0259, qarda\u015f \u00f6lk\u0259 T\u00fcrkiy\u0259nin istehsal etdiyi mallara \u00fcst\u00fcnl\u00fck verm\u0259liyik. H\u0259r halda Paris \u00fcz\u0259rind\u0259 \u0259ks-t\u0259siri hiss etm\u0259lidir. Ba\u015fa d\u00fc\u015fm\u0259lidir ki, Az\u0259rbaycan onun \u00fc\u00e7\u00fcn \u00f6n\u0259mli partnyordur. B\u0259lk\u0259 bu zaman insan haqlar\u0131na, beyn\u0259lxalq h\u00fcquqa, \u00fcz\u0259rin\u0259 g\u00f6t\u00fcrd\u00fcy\u00fc \u00f6hd\u0259likl\u0259r\u0259 uy\u011fun olmayan \u0259m\u0259ll\u0259rd\u0259n \u0259l \u00e7\u0259k\u0259r\u201d.<\/p>\n<p><strong>\u201cXank\u0259ndiy\u0259 qanunsuz s\u0259f\u0259r onlar\u0131n siyasi karyeralar\u0131nda qara l\u0259k\u0259 kimi daimi qalacaq\u201d<\/strong><\/p>\n<p>Politoloq, \u018fm\u0259kdar jurnalist\u00a0Tofiq Abbasov\u00a0bildirib ki, Pekrez s\u0259ri\u015ft\u0259siz siyas\u0259t\u00e7idir:<\/p>\n<p>\u201cSe\u00e7kil\u0259r\u0259 haz\u0131rla\u015fan siyas\u0259t\u00e7i ba\u015fqa \u00f6lk\u0259l\u0259rin qanunlar\u0131n\u0131 poza bilm\u0259z. O, r\u0259\u011fb\u0259t qazanma\u011fa \u00e7al\u0131\u015fmaq \u0259v\u0259zin\u0259, \u0259ksin\u0259, cinay\u0259t t\u00f6r\u0259dir. Bu, Pekrezin d\u0259, onun yan\u0131ndak\u0131 diplomatlar\u0131n da siyasi savads\u0131zl\u0131\u011f\u0131n\u0131 g\u00f6st\u0259rir. Xank\u0259ndiy\u0259 qanunsuz s\u0259f\u0259r onlar\u0131n siyasi karyeralar\u0131nda qara l\u0259k\u0259 kimi daimi qalacaq. Bir s\u00f6zl\u0259, h\u0259min siyas\u0259t\u00e7il\u0259r \u00f6z \u0259ll\u0259ri il\u0259 \u00f6zl\u0259rin\u0259 siyasi q\u0259bir qazd\u0131lar. Ayd\u0131n m\u0259s\u0259l\u0259dir ki, onun se\u00e7kil\u0259rd\u0259 qalib g\u0259lm\u0259si d\u0259 \u00e7ox \u00e7\u0259tin olacaq. H\u0259tta laz\u0131mi s\u0259viyy\u0259d\u0259 s\u0259s toplasa bel\u0259 \u00f6lk\u0259sinin g\u0259l\u0259c\u0259yi \u00fc\u00e7\u00fcn yax\u015f\u0131 bir add\u0131m ata bilm\u0259y\u0259c\u0259k\u201d.<\/p>\n<p><img src=\"https:\/\/cdn.oxu.az\/uploads\/W1siZiIsIjIwMjEvMTIvMjcvMTYvMzUvNTYvOTQwMDAzYTYtMWI1My00YmJmLTgyY2MtYTc3YWQ1MjYwNjNiL2I0NzU2MTY4LTg4ZjctNDk3ZS05MWZlLWMzMDNkM2I0OTRiYS5qcGciXSxbInAiLCJlbmNvZGUiLCJqcGciLCItcXVhbGl0eSA4MCJdLFsicCIsInRodW1iIiwiNTkweDU5MFx1MDAzZSJdXQ?sha=d5dc7d8a89f6785d\" alt=\"\" \/><\/p>\n<p>Politoloq hesab edir ki, Az\u0259rbaycan b\u00fct\u00fcn t\u0259xribatlara soyuqqanl\u0131 cavab verir:<\/p>\n<p>\u201cM\u0259hz buna g\u00f6r\u0259 d\u0259 bizi ist\u0259m\u0259y\u0259nl\u0259rin xain arzular\u0131 \u00fcr\u0259kl\u0259rind\u0259 qal\u0131r. Biz add\u0131mlar\u0131m\u0131z\u0131 \u00f6l\u00e7\u00fcb-bi\u00e7ib at\u0131r\u0131q. Qaraba\u011f \u0259traf\u0131nda ba\u015f ver\u0259n prosesl\u0259rd\u0259 Az\u0259rbaycan, T\u00fcrkiy\u0259, Rusiya v\u0259 Erm\u0259nistandan ibar\u0259t d\u00f6rdl\u00fc format yaran\u0131b. Biz ataca\u011f\u0131m\u0131z add\u0131mlar\u0131 \u0259vv\u0259lc\u0259 m\u00fczakir\u0259 edirik. D\u0259rin siyas\u0259t m\u0259hz bunu t\u0259l\u0259b edir. R\u0259smi Bak\u0131 b\u00fct\u00fcn ehtimallar\u0131 n\u0259z\u0259r\u0259 ald\u0131\u011f\u0131na g\u00f6r\u0259 kims\u0259 bizi hans\u0131sa \u0259m\u0259limiz\u0259 g\u00f6r\u0259 ittiham ed\u0259 bilmir. \u00c7al\u0131\u015f\u0131r\u0131q ki, ataca\u011f\u0131m\u0131z add\u0131mlar problemli \u015f\u0259rait yaratmas\u0131n. Bunu qon\u015fular\u0131m\u0131z da g\u00f6r\u00fcr, y\u00fcks\u0259k qiym\u0259tl\u0259ndirirl\u0259r. Biz b\u00fct\u00fcn add\u0131mlar\u0131m\u0131z\u0131, m\u00f6vcud situasiyan\u0131 s\u00fczg\u0259cd\u0259n ke\u00e7irdiyimiz\u0259, m\u0259ntiqli v\u0259 praqmatik add\u0131mlar atd\u0131\u011f\u0131m\u0131za g\u00f6r\u0259 qalib g\u0259lirik. \u018flb\u0259tt\u0259, bu tendensiya g\u0259l\u0259c\u0259kd\u0259 d\u0259 davam ed\u0259c\u0259k\u201d.<\/p>\n<p>Ekspertl\u0259rin dedikl\u0259rind\u0259n bel\u0259 q\u0259na\u0259t\u0259 g\u0259lm\u0259k olar ki, prezidentliy\u0259 \u0259sas namiz\u0259d Valeri Pekrezin Qaraba\u011fa qanunsuz s\u0259f\u0259ri Az\u0259rbaycan-Fransa m\u00fcnasib\u0259tl\u0259rin\u0259 t\u0259sirsiz \u00f6t\u00fc\u015fm\u0259y\u0259c\u0259k. Rusiya is\u0259 ba\u015f ver\u0259nl\u0259rd\u0259n d\u0259rs \u00e7\u0131xarmal\u0131d\u0131r. S\u00fclhm\u0259raml\u0131lar, he\u00e7 olmasa, bundan sonra v\u0259zif\u0259l\u0259rin\u0259 adekvat davranmal\u0131d\u0131rlar.<\/p>\n","protected":false},"excerpt":{"rendered":"<p>\u201cBir ne\u00e7\u0259 g\u00fcn \u0259vv\u0259l Fransada prezidentliy\u0259 \u0259sas namiz\u0259d Valeri Pekrez Xank\u0259ndiy\u0259 qanunsuz s\u0259f\u0259r ed\u0259rk\u0259n \u00f6z\u00fc il\u0259 birlikd\u0259 bir ne\u00e7\u0259 deputat da apar\u0131b. Onlar Xank\u0259ndid\u0259 \u201cFrankofoniya\u201d t\u0259\u015fkilat\u0131n\u0131 ziyar\u0259t edib v\u0259 binaya Qaraba\u011fdak\u0131 separat\u00e7\u0131lar\u0131n \u201cbayra\u011f\u0131\u201dn\u0131 as\u0131blar. Bu, art\u0131q \u201cq\u0131rm\u0131z\u0131 x\u0259tt\u201di ke\u00e7m\u0259k dem\u0259kdir. Birincisi, \u0259razid\u0259ki s\u00fclhm\u0259raml\u0131lar gedi\u015f-g\u0259li\u015f\u0259 n\u0259zar\u0259t etmir, v\u0259zif\u0259l\u0259rin\u0259 uy\u011fun davranm\u0131rlar. \u0130kincisi, xan\u0131m Pekrezin qanunsuz s\u0259f\u0259ri, o c\u00fcml\u0259d\u0259n separat\u00e7\u0131lar\u0131n \u201cbayra\u011f\u0131\u201dn\u0131n \u201cFrankofoniya\u201ddan as\u0131lmas\u0131 siyasi avant\u00fcrad\u0131r. Az\u0259rbaycan Xarici \u0130\u015fl\u0259r Nazirliyi Fransaya m\u00fcvafiq qaydada nota verib. G\u00f6r\u00fcn\u00fcr, daha s\u0259rt v\u0259 davaml\u0131 add\u0131mlara, o c\u00fcml\u0259d\u0259n n\u0259zar\u0259t t\u0259dbirl\u0259rinin art\u0131r\u0131lmas\u0131na ehtiyac var\u201d. Bu fikirl\u0259ri\u00a0\u201cReport\u201da a\u00e7\u0131qlamas\u0131nda siyasi elml\u0259r doktoru,&hellip;<\/p>\n","protected":false},"author":2,"featured_media":420020,"comment_status":"closed","ping_status":"closed","sticky":false,"template":"","format":"standard","meta":{"om_disable_all_campaigns":false,"_monsterinsights_skip_tracking":false,"_monsterinsights_sitenote_active":false,"_monsterinsights_sitenote_note":"","_monsterinsights_sitenote_category":0},"categories":[4],"tags":[],"aioseo_notices":[],"gutentor_comment":0,"rttpg_featured_image_url":{"full":["https:\/\/arantv.az\/wp-content\/uploads\/2021\/12\/FotoJet-2021-12-27T164354.664.jpg",620,413,false],"landscape":["https:\/\/arantv.az\/wp-content\/uploads\/2021\/12\/FotoJet-2021-12-27T164354.664.jpg",620,413,false],"portraits":["https:\/\/arantv.az\/wp-content\/uploads\/2021\/12\/FotoJet-2021-12-27T164354.664.jpg",620,413,false],"thumbnail":["https:\/\/arantv.az\/wp-content\/uploads\/2021\/12\/FotoJet-2021-12-27T164354.664-500x280.jpg",500,280,true],"medium":["https:\/\/arantv.az\/wp-content\/uploads\/2021\/12\/FotoJet-2021-12-27T164354.664-548x365.jpg",548,365,true],"large":["https:\/\/arantv.az\/wp-content\/uploads\/2021\/12\/FotoJet-2021-12-27T164354.664.jpg",620,413,false],"1536x1536":["https:\/\/arantv.az\/wp-content\/uploads\/2021\/12\/FotoJet-2021-12-27T164354.664.jpg",620,413,false],"2048x2048":["https:\/\/arantv.az\/wp-content\/uploads\/2021\/12\/FotoJet-2021-12-27T164354.664.jpg",620,413,false],"post-thumbnail":["https:\/\/arantv.az\/wp-content\/uploads\/2021\/12\/FotoJet-2021-12-27T164354.664-240x172.jpg",240,172,true],"advps-thumb-one":["https:\/\/arantv.az\/wp-content\/uploads\/2021\/12\/FotoJet-2021-12-27T164354.664.jpg",620,413,false]},"rttpg_author":{"display_name":"V\u00fcsal Rafiqo\u011flu","author_link":"https:\/\/arantv.az\/?author=2"},"rttpg_comment":0,"rttpg_category":"<a href=\"https:\/\/arantv.az\/?cat=4\" rel=\"category\">Siyas\u0259t<\/a>","rttpg_excerpt":"\u201cBir ne\u00e7\u0259 g\u00fcn \u0259vv\u0259l Fransada prezidentliy\u0259 \u0259sas namiz\u0259d Valeri Pekrez Xank\u0259ndiy\u0259 qanunsuz s\u0259f\u0259r ed\u0259rk\u0259n \u00f6z\u00fc il\u0259 birlikd\u0259 bir ne\u00e7\u0259 deputat da apar\u0131b. Onlar Xank\u0259ndid\u0259 \u201cFrankofoniya\u201d t\u0259\u015fkilat\u0131n\u0131 ziyar\u0259t edib v\u0259 binaya Qaraba\u011fdak\u0131 separat\u00e7\u0131lar\u0131n \u201cbayra\u011f\u0131\u201dn\u0131 as\u0131blar. Bu, art\u0131q \u201cq\u0131rm\u0131z\u0131 x\u0259tt\u201di ke\u00e7m\u0259k dem\u0259kdir. Birincisi, \u0259razid\u0259ki s\u00fclhm\u0259raml\u0131lar gedi\u015f-g\u0259li\u015f\u0259 n\u0259zar\u0259t etmir, v\u0259zif\u0259l\u0259rin\u0259 uy\u011fun davranm\u0131rlar. \u0130kincisi, xan\u0131m Pekrezin qanunsuz s\u0259f\u0259ri, o&hellip;","_links":{"self":[{"href":"https:\/\/arantv.az\/index.php?rest_route=\/wp\/v2\/posts\/420019"}],"collection":[{"href":"https:\/\/arantv.az\/index.php?rest_route=\/wp\/v2\/posts"}],"about":[{"href":"https:\/\/arantv.az\/index.php?rest_route=\/wp\/v2\/types\/post"}],"author":[{"embeddable":true,"href":"https:\/\/arantv.az\/index.php?rest_route=\/wp\/v2\/users\/2"}],"replies":[{"embeddable":true,"href":"https:\/\/arantv.az\/index.php?rest_route=%2Fwp%2Fv2%2Fcomments&post=420019"}],"version-history":[{"count":0,"href":"https:\/\/arantv.az\/index.php?rest_route=\/wp\/v2\/posts\/420019\/revisions"}],"wp:featuredmedia":[{"embeddable":true,"href":"https:\/\/arantv.az\/index.php?rest_route=\/wp\/v2\/media\/420020"}],"wp:attachment":[{"href":"https:\/\/arantv.az\/index.php?rest_route=%2Fwp%2Fv2%2Fmedia&parent=420019"}],"wp:term":[{"taxonomy":"category","embeddable":true,"href":"https:\/\/arantv.az\/index.php?rest_route=%2Fwp%2Fv2%2Fcategories&post=420019"},{"taxonomy":"post_tag","embeddable":true,"href":"https:\/\/arantv.az\/index.php?rest_route=%2Fwp%2Fv2%2Ftags&post=420019"}],"curies":[{"name":"wp","href":"https:\/\/api.w.org\/{rel}","templated":true}]}}