{"id":420022,"date":"2021-12-27T16:44:15","date_gmt":"2021-12-27T13:44:15","guid":{"rendered":"http:\/\/arantv.az\/?p=420022"},"modified":"2021-12-27T16:44:15","modified_gmt":"2021-12-27T13:44:15","slug":"nazird%c9%99n-v%c9%99t%c9%99n-muharib%c9%99si-istirakcilarinin-%c9%99lillik-t%c9%99yinati-il%c9%99-bagli-aciqlama-video","status":"publish","type":"post","link":"https:\/\/arantv.az\/?p=420022","title":{"rendered":"Nazird\u0259n V\u0259t\u0259n m\u00fcharib\u0259si i\u015ftirak\u00e7\u0131lar\u0131n\u0131n \u0259lillik t\u0259yinat\u0131 il\u0259 ba\u011fl\u0131 A\u00c7IQLAMA &#8211; V\u0130DEO"},"content":{"rendered":"<p>\u201c2500 V\u0259t\u0259n m\u00fcharib\u0259si i\u015ftirak\u00e7\u0131s\u0131na \u0259lillik t\u0259yin edilib. Dig\u0259rl\u0259rinin is\u0259 m\u00fcalic\u0259l\u0259ri davam etdikc\u0259 bu proses yekunla\u015fd\u0131r\u0131lacaq\u201d.<\/p>\n<article class=\"news\">\n<div class=\"news-inner\">\n<p>Bunu jurnalistl\u0259r\u0259 a\u00e7\u0131qlamas\u0131nda \u0259m\u0259k v\u0259 \u0259halinin sosial m\u00fcdafi\u0259si naziri Sahil Babayev deyib.<\/p>\n<p>\u201cCari il \u0259rzind\u0259 d\u00f6vl\u0259t ba\u015f\u00e7\u0131s\u0131n\u0131n f\u0259rman\u0131 il\u0259 \u00f6z sa\u011flaml\u0131\u011f\u0131n\u0131 itir\u0259n q\u0259hr\u0259manlar\u0131m\u0131z\u0131n sosial m\u00fcavin\u0259tl\u0259ri, t\u0259qa\u00fcdl\u0259ri art\u0131r\u0131l\u0131b, onlara m\u0259nzill\u0259r, avtomobill\u0259r, reabilitasiya vasit\u0259l\u0259ri t\u0259qdim olunub\u201d, &#8211; dey\u0259 S.Babayev qeyd edib.<\/p>\n<p>Nazir \u0259lav\u0259 edib ki, \u0259zalar\u0131n\u0131 itir\u0259nl\u0259rin v\u0259 k\u0259skin sa\u011flaml\u0131q x\u0259sar\u0259ti alanlar\u0131n ham\u0131s\u0131n\u0131n \u0259lilliyi t\u0259yin olunub.<\/p>\n<p>\u018ftrafl\u0131 s\u00fcjeti t\u0259qdim edirik:<\/p>\n<div><iframe loading=\"lazy\" title=\"YouTube video player\" src=\"https:\/\/www.youtube.com\/embed\/49C45Ow_FXM\" width=\"560\" height=\"315\" frameborder=\"0\" allowfullscreen=\"allowfullscreen\" data-mce-fragment=\"1\"><\/iframe><\/div>\n<\/div>\n<\/article>\n","protected":false},"excerpt":{"rendered":"<p>\u201c2500 V\u0259t\u0259n m\u00fcharib\u0259si i\u015ftirak\u00e7\u0131s\u0131na \u0259lillik t\u0259yin edilib. Dig\u0259rl\u0259rinin is\u0259 m\u00fcalic\u0259l\u0259ri davam etdikc\u0259 bu proses yekunla\u015fd\u0131r\u0131lacaq\u201d. Bunu jurnalistl\u0259r\u0259 a\u00e7\u0131qlamas\u0131nda \u0259m\u0259k v\u0259 \u0259halinin sosial m\u00fcdafi\u0259si naziri Sahil Babayev deyib. \u201cCari il \u0259rzind\u0259 d\u00f6vl\u0259t ba\u015f\u00e7\u0131s\u0131n\u0131n f\u0259rman\u0131 il\u0259 \u00f6z sa\u011flaml\u0131\u011f\u0131n\u0131 itir\u0259n q\u0259hr\u0259manlar\u0131m\u0131z\u0131n sosial m\u00fcavin\u0259tl\u0259ri, t\u0259qa\u00fcdl\u0259ri art\u0131r\u0131l\u0131b, onlara m\u0259nzill\u0259r, avtomobill\u0259r, reabilitasiya vasit\u0259l\u0259ri t\u0259qdim olunub\u201d, &#8211; dey\u0259 S.Babayev qeyd edib. Nazir \u0259lav\u0259 edib ki, \u0259zalar\u0131n\u0131 itir\u0259nl\u0259rin v\u0259 k\u0259skin sa\u011flaml\u0131q x\u0259sar\u0259ti alanlar\u0131n ham\u0131s\u0131n\u0131n \u0259lilliyi t\u0259yin olunub. \u018ftrafl\u0131 s\u00fcjeti t\u0259qdim edirik:<\/p>\n","protected":false},"author":2,"featured_media":324810,"comment_status":"closed","ping_status":"closed","sticky":false,"template":"","format":"standard","meta":{"om_disable_all_campaigns":false,"_monsterinsights_skip_tracking":false,"_monsterinsights_sitenote_active":false,"_monsterinsights_sitenote_note":"","_monsterinsights_sitenote_category":0},"categories":[26],"tags":[],"aioseo_notices":[],"gutentor_comment":0,"rttpg_featured_image_url":{"full":["https:\/\/arantv.az\/wp-content\/uploads\/2021\/04\/1618228321_sahilbabayev.jpg",770,415,false],"landscape":["https:\/\/arantv.az\/wp-content\/uploads\/2021\/04\/1618228321_sahilbabayev.jpg",770,415,false],"portraits":["https:\/\/arantv.az\/wp-content\/uploads\/2021\/04\/1618228321_sahilbabayev.jpg",770,415,false],"thumbnail":["https:\/\/arantv.az\/wp-content\/uploads\/2021\/04\/1618228321_sahilbabayev-500x280.jpg",500,280,true],"medium":["https:\/\/arantv.az\/wp-content\/uploads\/2021\/04\/1618228321_sahilbabayev-660x356.jpg",660,356,true],"large":["https:\/\/arantv.az\/wp-content\/uploads\/2021\/04\/1618228321_sahilbabayev.jpg",640,345,false],"1536x1536":["https:\/\/arantv.az\/wp-content\/uploads\/2021\/04\/1618228321_sahilbabayev.jpg",770,415,false],"2048x2048":["https:\/\/arantv.az\/wp-content\/uploads\/2021\/04\/1618228321_sahilbabayev.jpg",770,415,false],"post-thumbnail":["https:\/\/arantv.az\/wp-content\/uploads\/2021\/04\/1618228321_sahilbabayev-240x172.jpg",240,172,true],"advps-thumb-one":["https:\/\/arantv.az\/wp-content\/uploads\/2021\/04\/1618228321_sahilbabayev.jpg",770,415,false]},"rttpg_author":{"display_name":"V\u00fcsal Rafiqo\u011flu","author_link":"https:\/\/arantv.az\/?author=2"},"rttpg_comment":0,"rttpg_category":"<a href=\"https:\/\/arantv.az\/?cat=26\" rel=\"category\">Sosial<\/a>","rttpg_excerpt":"\u201c2500 V\u0259t\u0259n m\u00fcharib\u0259si i\u015ftirak\u00e7\u0131s\u0131na \u0259lillik t\u0259yin edilib. Dig\u0259rl\u0259rinin is\u0259 m\u00fcalic\u0259l\u0259ri davam etdikc\u0259 bu proses yekunla\u015fd\u0131r\u0131lacaq\u201d. Bunu jurnalistl\u0259r\u0259 a\u00e7\u0131qlamas\u0131nda \u0259m\u0259k v\u0259 \u0259halinin sosial m\u00fcdafi\u0259si naziri Sahil Babayev deyib. \u201cCari il \u0259rzind\u0259 d\u00f6vl\u0259t ba\u015f\u00e7\u0131s\u0131n\u0131n f\u0259rman\u0131 il\u0259 \u00f6z sa\u011flaml\u0131\u011f\u0131n\u0131 itir\u0259n q\u0259hr\u0259manlar\u0131m\u0131z\u0131n sosial m\u00fcavin\u0259tl\u0259ri, t\u0259qa\u00fcdl\u0259ri art\u0131r\u0131l\u0131b, onlara m\u0259nzill\u0259r, avtomobill\u0259r, reabilitasiya vasit\u0259l\u0259ri t\u0259qdim olunub\u201d, &#8211; dey\u0259 S.Babayev qeyd edib. Nazir&hellip;","_links":{"self":[{"href":"https:\/\/arantv.az\/index.php?rest_route=\/wp\/v2\/posts\/420022"}],"collection":[{"href":"https:\/\/arantv.az\/index.php?rest_route=\/wp\/v2\/posts"}],"about":[{"href":"https:\/\/arantv.az\/index.php?rest_route=\/wp\/v2\/types\/post"}],"author":[{"embeddable":true,"href":"https:\/\/arantv.az\/index.php?rest_route=\/wp\/v2\/users\/2"}],"replies":[{"embeddable":true,"href":"https:\/\/arantv.az\/index.php?rest_route=%2Fwp%2Fv2%2Fcomments&post=420022"}],"version-history":[{"count":0,"href":"https:\/\/arantv.az\/index.php?rest_route=\/wp\/v2\/posts\/420022\/revisions"}],"wp:featuredmedia":[{"embeddable":true,"href":"https:\/\/arantv.az\/index.php?rest_route=\/wp\/v2\/media\/324810"}],"wp:attachment":[{"href":"https:\/\/arantv.az\/index.php?rest_route=%2Fwp%2Fv2%2Fmedia&parent=420022"}],"wp:term":[{"taxonomy":"category","embeddable":true,"href":"https:\/\/arantv.az\/index.php?rest_route=%2Fwp%2Fv2%2Fcategories&post=420022"},{"taxonomy":"post_tag","embeddable":true,"href":"https:\/\/arantv.az\/index.php?rest_route=%2Fwp%2Fv2%2Ftags&post=420022"}],"curies":[{"name":"wp","href":"https:\/\/api.w.org\/{rel}","templated":true}]}}