{"id":420034,"date":"2021-12-27T16:57:02","date_gmt":"2021-12-27T13:57:02","guid":{"rendered":"http:\/\/arantv.az\/?p=420034"},"modified":"2021-12-27T16:57:02","modified_gmt":"2021-12-27T13:57:02","slug":"bu-gun-dunyada-50-milyondan-cox-az%c9%99rbaycanli-yasayir","status":"publish","type":"post","link":"https:\/\/arantv.az\/?p=420034","title":{"rendered":"Bu g\u00fcn d\u00fcnyada 50 milyondan \u00e7ox az\u0259rbaycanl\u0131 ya\u015fay\u0131r."},"content":{"rendered":"<div dir=\"auto\">Az\u0259rbaycanl\u0131lar minillikl\u0259r boyu \u00f6zl\u0259rinin tarixi torpa\u011f\u0131 olan Az\u0259rbaycan \u0259razisind\u0259 ya\u015fayaraq, b\u0259\u015f\u0259r sivilizasiyas\u0131na b\u00f6y\u00fck t\u00f6hf\u0259l\u0259r veribl\u0259r. M\u00fcharib\u0259l\u0259r, inqilablar, h\u0259rbi m\u00fcnaqi\u015f\u0259l\u0259r, d\u00fcnyada ged\u0259n ictimai-siyasi prosesl\u0259r n\u0259tic\u0259sind\u0259 Az\u0259rbaycan par\u00e7alan\u0131b, az\u0259rbaycanl\u0131lar\u0131n bir qismi yurd-yuvalar\u0131ndan did\u0259rgin sal\u0131n\u0131b, deportasiyalara m\u0259ruz qal\u0131b, i\u015f tapmaq, t\u0259hsil almaq m\u0259qs\u0259di il\u0259 do\u011fma V\u0259t\u0259ni t\u0259rk ed\u0259r\u0259k ba\u015fqa \u00f6lk\u0259l\u0259rd\u0259 m\u0259skunla\u015f\u0131blar. Haz\u0131rda d\u00fcnyan\u0131n h\u0259r yerind\u0259 az\u0259rbaycanl\u0131lar ya\u015fay\u0131rlar.<\/div>\n<div dir=\"auto\">Uzun bir d\u00f6vr V\u0259t\u0259nd\u0259 ya\u015fayan az\u0259rbaycanl\u0131lar ba\u015fqa \u00f6lk\u0259l\u0259rd\u0259 m\u0259skunla\u015fm\u0131\u015f h\u0259mv\u0259t\u0259nlil\u0259ri il\u0259 g\u00f6r\u00fc\u015fm\u0259k, \u0259laq\u0259l\u0259r yaratmaq imkan\u0131ndan m\u0259hrum olublar. Sovet d\u00f6vl\u0259tinin qada\u011falar\u0131 qarda\u015f\u0131n qarda\u015fla g\u00f6r\u00fc\u015fm\u0259yin\u0259 imkan vermirdi. Sovet rejiminin z\u0259ifl\u0259m\u0259y\u0259 ba\u015flad\u0131\u011f\u0131 1980-ci ill\u0259rin sonlar\u0131nda Az\u0259rbaycan xalq\u0131 \u00f6z h\u0259mv\u0259t\u0259nl\u0259ri il\u0259 \u0259laq\u0259l\u0259r yaratmaq \u00fc\u00e7\u00fcn s\u0259yl\u0259rini art\u0131rd\u0131.<\/div>\n<div dir=\"auto\">D\u00fcnya Az\u0259rbaycanl\u0131lar\u0131n\u0131n H\u0259mr\u0259ylik G\u00fcn\u00fcn\u00fcn \u0259sas\u0131 1989-cu il dekabr\u0131n ax\u0131rlar\u0131nda Nax\u00e7\u0131vanda s\u0259rh\u0259dl\u0259rin (SSR\u0130-\u0130ran s\u0259rh\u0259dl\u0259ri) da\u011f\u0131lmas\u0131 zaman\u0131 qoyuldu. \u015eimali v\u0259 C\u0259nubi Az\u0259rbaycan aras\u0131ndak\u0131 s\u0259rh\u0259d dir\u0259kl\u0259ri da\u011f\u0131d\u0131ld\u0131. Bu vaxt \u0130stanbulda t\u00fcrkdilli xalqlar\u0131n Konfrans\u0131 ke\u00e7irilirdi. Konfransda d\u00fcnya az\u0259rbaycanl\u0131lar\u0131n\u0131n h\u0259mr\u0259yliyinin qeyd olunmas\u0131na q\u0259rar verildi.<\/div>\n<div dir=\"auto\">1991-ci ilin 16 dekbr\u0131nda Nax\u00e7\u0131van Muxtar Respublikas\u0131n\u0131n Ali M\u0259clisinin s\u0259dri Heyd\u0259r \u018fliyev d\u00fcnya az\u0259rbaycanl\u0131lar\u0131n\u0131n birliyini yaratma\u011f\u0131n \u0259h\u0259miyy\u0259tini n\u0259z\u0259r\u0259 alaraq, dekabr\u0131n 31-ni D\u00fcnya Az\u0259rbaycanl\u0131lar\u0131n\u0131n H\u0259mr\u0259ylik G\u00fcn\u00fc elan etdi. Bel\u0259likl\u0259 b\u00fct\u00fcn az\u0259rbaycanl\u0131lar \u00fc\u00e7\u00fcn \u0259ziz olan 31 dekabr D\u00fcnya Az\u0259rbaycanl\u0131lar\u0131n\u0131n H\u0259mr\u0259ylik G\u00fcn\u00fc kimi qeyd edilir.<\/div>\n<div dir=\"auto\">D\u00fcnya Az\u0259rbaycanl\u0131lar\u0131n\u0131n H\u0259mr\u0259yliyi G\u00fcn\u00fcn\u00fcn qeyd edilm\u0259si art\u0131q b\u00fct\u00fcn d\u00fcnya az\u0259rbaycanl\u0131lar\u0131 \u00fc\u00e7\u00fcn z\u0259rur\u0259t\u0259 v\u0259 m\u0259n\u0259vi ehtiyaca \u00e7evrilib.<\/div>\n<div dir=\"auto\">Az\u0259rbaycanl\u0131lar\u0131n ya\u015fad\u0131qlar\u0131, f\u0259aliyy\u0259t g\u00f6st\u0259rdikl\u0259ri v\u0259 \u00e7oxluq t\u0259\u015fkil etdikl\u0259ri Avropa \u00f6lk\u0259l\u0259rind\u0259 bu tendensiya \u00f6z\u00fcn\u00fc y\u00fcks\u0259k s\u0259viyy\u0259d\u0259 g\u00f6st\u0259rir. Bu da ondan ir\u0259li g\u0259lir ki, Avropadak\u0131 Az\u0259rbaycan diaspor t\u0259\u015fkilatlar\u0131 \u00f6z q\u00fcvv\u0259l\u0259rini s\u0259f\u0259rb\u0259r etm\u0259kd\u0259 ard\u0131c\u0131ld\u0131rlar v\u0259 bu, ayr\u0131-ayr\u0131 c\u0259miyy\u0259t \u00fczvl\u0259ri \u00fc\u00e7\u00fcn bir araya g\u0259lm\u0259k, c\u0259miyy\u0259t v\u0259 qurumlar hal\u0131nda birl\u0259\u015fm\u0259k bax\u0131m\u0131ndan d\u00fcnyan\u0131n sivil n\u00f6qt\u0259l\u0259rind\u0259n biri olan Avropada m\u00fch\u00fcm \u0259h\u0259miyy\u0259t k\u0259sb edir.<\/div>\n<div dir=\"auto\">D\u00fcnya Az\u0259rbaycanl\u0131lar\u0131n\u0131n H\u0259mr\u0259yliyi G\u00fcn\u00fcn\u00fc d\u00fcnyan\u0131n onlarla \u00f6lk\u0259sind\u0259 ya\u015fayan az\u0259rbaycanl\u0131lar bayram kimi qeyd edir. Bu g\u00fcn Az\u0259rbaycan diasporu \u00fc\u00e7\u00fcn \u0259n m\u00fch\u00fcm bayrama \u00e7evrilib, Yeni \u0130l is\u0259 ikinci plana ke\u00e7ib. D\u00fcnya Az\u0259rbaycanl\u0131lar\u0131n\u0131n H\u0259mr\u0259yliyi G\u00fcn\u00fcn\u00fc h\u0259tta milliyy\u0259tc\u0259 az\u0259rbaycanl\u0131 olmay\u0131b, lakin Az\u0259rbaycanda do\u011fulub b\u00f6y\u00fcm\u00fc\u015f, Az\u0259rbaycan \u0259silli diaspor n\u00fcmay\u0259nd\u0259l\u0259ri d\u0259 qeyd edirl\u0259r.<\/div>\n<div dir=\"auto\">\u201cHam\u0131l\u0131qla H\u0259mr\u0259ylik G\u00fcn\u00fcm\u00fcz m\u00fcbar\u0259k olsun\u201d deyir, bu yeni ild\u04d9 h\u04d9r bir az\u0259rbaycanl\u0131ya can sa\u011fl\u0131\u011f\u0131, xo\u015fb\u04d9xt, firavan Qaraba\u011fl\u0131 h\u04d9yat v\u04d9 b\u00fct\u00fcn t\u00fcrk d\u00fcnyas\u0131na h\u04d9mr\u04d9y olma\u011f\u0131 arzulay\u0131r\u0131q.<\/div>\n<div dir=\"auto\">YAP B\u0259rd\u0259 rayon t\u0259\u015fkilat\u0131n\u0131n m\u0259sl\u0259h\u0259t\u00e7isi Elmir M\u0259mm\u0259dov<\/div>\n","protected":false},"excerpt":{"rendered":"<p>Az\u0259rbaycanl\u0131lar minillikl\u0259r boyu \u00f6zl\u0259rinin tarixi torpa\u011f\u0131 olan Az\u0259rbaycan \u0259razisind\u0259 ya\u015fayaraq, b\u0259\u015f\u0259r sivilizasiyas\u0131na b\u00f6y\u00fck t\u00f6hf\u0259l\u0259r veribl\u0259r. M\u00fcharib\u0259l\u0259r, inqilablar, h\u0259rbi m\u00fcnaqi\u015f\u0259l\u0259r, d\u00fcnyada ged\u0259n ictimai-siyasi prosesl\u0259r n\u0259tic\u0259sind\u0259 Az\u0259rbaycan par\u00e7alan\u0131b, az\u0259rbaycanl\u0131lar\u0131n bir qismi yurd-yuvalar\u0131ndan did\u0259rgin sal\u0131n\u0131b, deportasiyalara m\u0259ruz qal\u0131b, i\u015f tapmaq, t\u0259hsil almaq m\u0259qs\u0259di il\u0259 do\u011fma V\u0259t\u0259ni t\u0259rk ed\u0259r\u0259k ba\u015fqa \u00f6lk\u0259l\u0259rd\u0259 m\u0259skunla\u015f\u0131blar. Haz\u0131rda d\u00fcnyan\u0131n h\u0259r yerind\u0259 az\u0259rbaycanl\u0131lar ya\u015fay\u0131rlar. Uzun bir d\u00f6vr V\u0259t\u0259nd\u0259 ya\u015fayan az\u0259rbaycanl\u0131lar ba\u015fqa \u00f6lk\u0259l\u0259rd\u0259 m\u0259skunla\u015fm\u0131\u015f h\u0259mv\u0259t\u0259nlil\u0259ri il\u0259 g\u00f6r\u00fc\u015fm\u0259k, \u0259laq\u0259l\u0259r yaratmaq imkan\u0131ndan m\u0259hrum olublar. Sovet d\u00f6vl\u0259tinin qada\u011falar\u0131 qarda\u015f\u0131n qarda\u015fla g\u00f6r\u00fc\u015fm\u0259yin\u0259 imkan vermirdi. Sovet rejiminin z\u0259ifl\u0259m\u0259y\u0259 ba\u015flad\u0131\u011f\u0131 1980-ci ill\u0259rin sonlar\u0131nda Az\u0259rbaycan xalq\u0131 \u00f6z h\u0259mv\u0259t\u0259nl\u0259ri&hellip;<\/p>\n","protected":false},"author":2,"featured_media":420036,"comment_status":"closed","ping_status":"closed","sticky":false,"template":"","format":"standard","meta":{"om_disable_all_campaigns":false,"_monsterinsights_skip_tracking":false,"_monsterinsights_sitenote_active":false,"_monsterinsights_sitenote_note":"","_monsterinsights_sitenote_category":0},"categories":[19],"tags":[],"aioseo_notices":[],"gutentor_comment":0,"rttpg_featured_image_url":{"full":["https:\/\/arantv.az\/wp-content\/uploads\/2021\/12\/270082661_238425291761254_6091942168528334058_n.png",518,383,false],"landscape":["https:\/\/arantv.az\/wp-content\/uploads\/2021\/12\/270082661_238425291761254_6091942168528334058_n.png",518,383,false],"portraits":["https:\/\/arantv.az\/wp-content\/uploads\/2021\/12\/270082661_238425291761254_6091942168528334058_n.png",518,383,false],"thumbnail":["https:\/\/arantv.az\/wp-content\/uploads\/2021\/12\/270082661_238425291761254_6091942168528334058_n-500x280.png",500,280,true],"medium":["https:\/\/arantv.az\/wp-content\/uploads\/2021\/12\/270082661_238425291761254_6091942168528334058_n-494x365.png",494,365,true],"large":["https:\/\/arantv.az\/wp-content\/uploads\/2021\/12\/270082661_238425291761254_6091942168528334058_n.png",518,383,false],"1536x1536":["https:\/\/arantv.az\/wp-content\/uploads\/2021\/12\/270082661_238425291761254_6091942168528334058_n.png",518,383,false],"2048x2048":["https:\/\/arantv.az\/wp-content\/uploads\/2021\/12\/270082661_238425291761254_6091942168528334058_n.png",518,383,false],"post-thumbnail":["https:\/\/arantv.az\/wp-content\/uploads\/2021\/12\/270082661_238425291761254_6091942168528334058_n-240x172.png",240,172,true],"advps-thumb-one":["https:\/\/arantv.az\/wp-content\/uploads\/2021\/12\/270082661_238425291761254_6091942168528334058_n.png",518,383,false]},"rttpg_author":{"display_name":"V\u00fcsal Rafiqo\u011flu","author_link":"https:\/\/arantv.az\/?author=2"},"rttpg_comment":0,"rttpg_category":"<a href=\"https:\/\/arantv.az\/?cat=19\" rel=\"category\">G\u00fcnd\u0259m<\/a>","rttpg_excerpt":"Az\u0259rbaycanl\u0131lar minillikl\u0259r boyu \u00f6zl\u0259rinin tarixi torpa\u011f\u0131 olan Az\u0259rbaycan \u0259razisind\u0259 ya\u015fayaraq, b\u0259\u015f\u0259r sivilizasiyas\u0131na b\u00f6y\u00fck t\u00f6hf\u0259l\u0259r veribl\u0259r. M\u00fcharib\u0259l\u0259r, inqilablar, h\u0259rbi m\u00fcnaqi\u015f\u0259l\u0259r, d\u00fcnyada ged\u0259n ictimai-siyasi prosesl\u0259r n\u0259tic\u0259sind\u0259 Az\u0259rbaycan par\u00e7alan\u0131b, az\u0259rbaycanl\u0131lar\u0131n bir qismi yurd-yuvalar\u0131ndan did\u0259rgin sal\u0131n\u0131b, deportasiyalara m\u0259ruz qal\u0131b, i\u015f tapmaq, t\u0259hsil almaq m\u0259qs\u0259di il\u0259 do\u011fma V\u0259t\u0259ni t\u0259rk ed\u0259r\u0259k ba\u015fqa \u00f6lk\u0259l\u0259rd\u0259 m\u0259skunla\u015f\u0131blar. Haz\u0131rda d\u00fcnyan\u0131n h\u0259r yerind\u0259 az\u0259rbaycanl\u0131lar ya\u015fay\u0131rlar. Uzun&hellip;","_links":{"self":[{"href":"https:\/\/arantv.az\/index.php?rest_route=\/wp\/v2\/posts\/420034"}],"collection":[{"href":"https:\/\/arantv.az\/index.php?rest_route=\/wp\/v2\/posts"}],"about":[{"href":"https:\/\/arantv.az\/index.php?rest_route=\/wp\/v2\/types\/post"}],"author":[{"embeddable":true,"href":"https:\/\/arantv.az\/index.php?rest_route=\/wp\/v2\/users\/2"}],"replies":[{"embeddable":true,"href":"https:\/\/arantv.az\/index.php?rest_route=%2Fwp%2Fv2%2Fcomments&post=420034"}],"version-history":[{"count":0,"href":"https:\/\/arantv.az\/index.php?rest_route=\/wp\/v2\/posts\/420034\/revisions"}],"wp:featuredmedia":[{"embeddable":true,"href":"https:\/\/arantv.az\/index.php?rest_route=\/wp\/v2\/media\/420036"}],"wp:attachment":[{"href":"https:\/\/arantv.az\/index.php?rest_route=%2Fwp%2Fv2%2Fmedia&parent=420034"}],"wp:term":[{"taxonomy":"category","embeddable":true,"href":"https:\/\/arantv.az\/index.php?rest_route=%2Fwp%2Fv2%2Fcategories&post=420034"},{"taxonomy":"post_tag","embeddable":true,"href":"https:\/\/arantv.az\/index.php?rest_route=%2Fwp%2Fv2%2Ftags&post=420034"}],"curies":[{"name":"wp","href":"https:\/\/api.w.org\/{rel}","templated":true}]}}