{"id":421692,"date":"2021-12-31T14:43:52","date_gmt":"2021-12-31T11:43:52","guid":{"rendered":"http:\/\/arantv.az\/?p=421692"},"modified":"2021-12-31T14:43:52","modified_gmt":"2021-12-31T11:43:52","slug":"h%c9%99rbi-ekspert-sulhm%c9%99ramlilar-bolg%c9%99d%c9%99-konflikti-bitirm%c9%99kd%c9%99-maraqli-deyil-video","status":"publish","type":"post","link":"https:\/\/arantv.az\/?p=421692","title":{"rendered":"H\u0259rbi ekspert: \u201cS\u00fclhm\u0259raml\u0131lar b\u00f6lg\u0259d\u0259 konflikti bitirm\u0259kd\u0259 maraql\u0131 deyil\u201d &#8211; V\u0130DEO"},"content":{"rendered":"<p>Arxada qoyma\u011fa haz\u0131rla\u015fd\u0131\u011f\u0131m\u0131z il \u00f6lk\u0259mizin tarixi \u00fc\u00e7\u00fcn xeyli \u0259lam\u0259tdar say\u0131la bil\u0259c\u0259k hadis\u0259l\u0259rl\u0259 yadda\u015flarda qalacaq.<\/p>\n<article class=\"news\">\n<div class=\"news-inner\">\n<p>Art\u0131q\u00a0Az\u0259rbaycan, Erm\u0259nistan v\u0259 Rusiya liderl\u0259ri aras\u0131nda imzalanm\u0131\u015f \u00fc\u00e7t\u0259r\u0259fli b\u0259yanat\u0131n ikinci ilin\u0259 ke\u00e7irik. \u00d6t\u0259n bir il \u0259rzind\u0259 Erm\u0259nistan imza\u00a0atd\u0131\u011f\u0131 s\u0259n\u0259di he\u00e7\u0259 sayaraq d\u0259f\u0259l\u0259rl\u0259 Qaraba\u011fda t\u0259xribatlar t\u00f6r\u0259dib. Az\u0259rbaycan v\u0259 Erm\u0259nistan aras\u0131nda vaxta\u015f\u0131r\u0131 ba\u015f ver\u0259n at\u0131\u015fmalar fonunda M\u00fcdafi\u0259 Nazirliyi ilk d\u0259f\u0259 olaraq 11 avqustda Qaraba\u011fda Rusiya s\u00fclhm\u0259raml\u0131lar\u0131n\u0131n oldu\u011fu \u0259razil\u0259rd\u0259 erm\u0259ni q\u00fcvv\u0259l\u0259rinin qalmas\u0131ndan naraz\u0131l\u0131\u011f\u0131n\u0131 bildirib.<\/p>\n<p>\u00dc\u00e7t\u0259r\u0259fli b\u0259yanat\u0131n imzalamas\u0131ndan sonra Erm\u0259nistan\u0131n \u0259n geni\u015f t\u0259xribat\u0131 noyabr\u0131n 16-da d\u00f6vl\u0259t s\u0259rh\u0259dind\u0259 ba\u015f verib. Bel\u0259 ki, m\u0259nfur qon\u015fumuzun t\u0259xribat\u0131 n\u0259tic\u0259sind\u0259 Az\u0259rbaycan ordusu 7 \u015f\u0259hid verib, 10 h\u0259rbi qulluq\u00e7umuz da yaralan\u0131b. Erm\u0259nistan\u0131n d\u00f6vl\u0259t s\u0259rh\u0259dind\u0259 t\u00f6r\u0259tdiyi t\u0259xribat v\u0259 h\u0259rbi avant\u00fcra tam iflasa u\u011fray\u0131b. Lakin ekspertl\u0259r bu c\u00fcr t\u0259xribatlar\u0131n ba\u015f verm\u0259sind\u0259 \u0259sas g\u00fcnahkar kimi rus s\u00fclhm\u0259raml\u0131lar\u0131n\u0131 g\u00f6st\u0259rir. \u00c7\u00fcnki \u00fc\u00e7t\u0259r\u0259fli b\u0259yanat\u0131n \u0259sas m\u00fcdd\u0259alar\u0131ndan biri d\u0259 Qaraba\u011fda qalm\u0131\u015f silahl\u0131 erm\u0259ni t\u00f6r-t\u00f6k\u00fcnt\u00fcl\u0259rinin \u0259razid\u0259n \u00e7\u0131xar\u0131lmas\u0131 il\u0259 ba\u011fl\u0131 olub.<\/p>\n<p>Daha \u0259trafl\u0131 s\u00fcjetd\u0259:<\/p>\n<div><iframe loading=\"lazy\" title=\"YouTube video player\" src=\"https:\/\/www.youtube.com\/embed\/6QEX3mEx2I0\" width=\"560\" height=\"315\" frameborder=\"0\" allowfullscreen=\"allowfullscreen\" data-mce-fragment=\"1\"><\/iframe><\/div>\n<\/div>\n<\/article>\n","protected":false},"excerpt":{"rendered":"<p>Arxada qoyma\u011fa haz\u0131rla\u015fd\u0131\u011f\u0131m\u0131z il \u00f6lk\u0259mizin tarixi \u00fc\u00e7\u00fcn xeyli \u0259lam\u0259tdar say\u0131la bil\u0259c\u0259k hadis\u0259l\u0259rl\u0259 yadda\u015flarda qalacaq. Art\u0131q\u00a0Az\u0259rbaycan, Erm\u0259nistan v\u0259 Rusiya liderl\u0259ri aras\u0131nda imzalanm\u0131\u015f \u00fc\u00e7t\u0259r\u0259fli b\u0259yanat\u0131n ikinci ilin\u0259 ke\u00e7irik. \u00d6t\u0259n bir il \u0259rzind\u0259 Erm\u0259nistan imza\u00a0atd\u0131\u011f\u0131 s\u0259n\u0259di he\u00e7\u0259 sayaraq d\u0259f\u0259l\u0259rl\u0259 Qaraba\u011fda t\u0259xribatlar t\u00f6r\u0259dib. Az\u0259rbaycan v\u0259 Erm\u0259nistan aras\u0131nda vaxta\u015f\u0131r\u0131 ba\u015f ver\u0259n at\u0131\u015fmalar fonunda M\u00fcdafi\u0259 Nazirliyi ilk d\u0259f\u0259 olaraq 11 avqustda Qaraba\u011fda Rusiya s\u00fclhm\u0259raml\u0131lar\u0131n\u0131n oldu\u011fu \u0259razil\u0259rd\u0259 erm\u0259ni q\u00fcvv\u0259l\u0259rinin qalmas\u0131ndan naraz\u0131l\u0131\u011f\u0131n\u0131 bildirib. \u00dc\u00e7t\u0259r\u0259fli b\u0259yanat\u0131n imzalamas\u0131ndan sonra Erm\u0259nistan\u0131n \u0259n geni\u015f t\u0259xribat\u0131 noyabr\u0131n 16-da d\u00f6vl\u0259t s\u0259rh\u0259dind\u0259 ba\u015f verib. Bel\u0259 ki, m\u0259nfur qon\u015fumuzun t\u0259xribat\u0131 n\u0259tic\u0259sind\u0259 Az\u0259rbaycan ordusu 7 \u015f\u0259hid verib,&hellip;<\/p>\n","protected":false},"author":2,"featured_media":421693,"comment_status":"closed","ping_status":"closed","sticky":false,"template":"","format":"standard","meta":{"om_disable_all_campaigns":false,"_monsterinsights_skip_tracking":false,"_monsterinsights_sitenote_active":false,"_monsterinsights_sitenote_note":"","_monsterinsights_sitenote_category":0},"categories":[10],"tags":[],"aioseo_notices":[],"gutentor_comment":0,"rttpg_featured_image_url":{"full":["https:\/\/arantv.az\/wp-content\/uploads\/2021\/12\/a2198308-1eef-479b-9b18-5662e163f114.jpg",620,413,false],"landscape":["https:\/\/arantv.az\/wp-content\/uploads\/2021\/12\/a2198308-1eef-479b-9b18-5662e163f114.jpg",620,413,false],"portraits":["https:\/\/arantv.az\/wp-content\/uploads\/2021\/12\/a2198308-1eef-479b-9b18-5662e163f114.jpg",620,413,false],"thumbnail":["https:\/\/arantv.az\/wp-content\/uploads\/2021\/12\/a2198308-1eef-479b-9b18-5662e163f114-500x280.jpg",500,280,true],"medium":["https:\/\/arantv.az\/wp-content\/uploads\/2021\/12\/a2198308-1eef-479b-9b18-5662e163f114-548x365.jpg",548,365,true],"large":["https:\/\/arantv.az\/wp-content\/uploads\/2021\/12\/a2198308-1eef-479b-9b18-5662e163f114.jpg",620,413,false],"1536x1536":["https:\/\/arantv.az\/wp-content\/uploads\/2021\/12\/a2198308-1eef-479b-9b18-5662e163f114.jpg",620,413,false],"2048x2048":["https:\/\/arantv.az\/wp-content\/uploads\/2021\/12\/a2198308-1eef-479b-9b18-5662e163f114.jpg",620,413,false],"post-thumbnail":["https:\/\/arantv.az\/wp-content\/uploads\/2021\/12\/a2198308-1eef-479b-9b18-5662e163f114-240x172.jpg",240,172,true],"advps-thumb-one":["https:\/\/arantv.az\/wp-content\/uploads\/2021\/12\/a2198308-1eef-479b-9b18-5662e163f114.jpg",620,413,false]},"rttpg_author":{"display_name":"V\u00fcsal Rafiqo\u011flu","author_link":"https:\/\/arantv.az\/?author=2"},"rttpg_comment":0,"rttpg_category":"<a href=\"https:\/\/arantv.az\/?cat=10\" rel=\"category\">C\u0259bh\u0259d\u0259n X\u0259b\u0259r<\/a>","rttpg_excerpt":"Arxada qoyma\u011fa haz\u0131rla\u015fd\u0131\u011f\u0131m\u0131z il \u00f6lk\u0259mizin tarixi \u00fc\u00e7\u00fcn xeyli \u0259lam\u0259tdar say\u0131la bil\u0259c\u0259k hadis\u0259l\u0259rl\u0259 yadda\u015flarda qalacaq. Art\u0131q\u00a0Az\u0259rbaycan, Erm\u0259nistan v\u0259 Rusiya liderl\u0259ri aras\u0131nda imzalanm\u0131\u015f \u00fc\u00e7t\u0259r\u0259fli b\u0259yanat\u0131n ikinci ilin\u0259 ke\u00e7irik. \u00d6t\u0259n bir il \u0259rzind\u0259 Erm\u0259nistan imza\u00a0atd\u0131\u011f\u0131 s\u0259n\u0259di he\u00e7\u0259 sayaraq d\u0259f\u0259l\u0259rl\u0259 Qaraba\u011fda t\u0259xribatlar t\u00f6r\u0259dib. Az\u0259rbaycan v\u0259 Erm\u0259nistan aras\u0131nda vaxta\u015f\u0131r\u0131 ba\u015f ver\u0259n at\u0131\u015fmalar fonunda M\u00fcdafi\u0259 Nazirliyi ilk d\u0259f\u0259 olaraq 11 avqustda&hellip;","_links":{"self":[{"href":"https:\/\/arantv.az\/index.php?rest_route=\/wp\/v2\/posts\/421692"}],"collection":[{"href":"https:\/\/arantv.az\/index.php?rest_route=\/wp\/v2\/posts"}],"about":[{"href":"https:\/\/arantv.az\/index.php?rest_route=\/wp\/v2\/types\/post"}],"author":[{"embeddable":true,"href":"https:\/\/arantv.az\/index.php?rest_route=\/wp\/v2\/users\/2"}],"replies":[{"embeddable":true,"href":"https:\/\/arantv.az\/index.php?rest_route=%2Fwp%2Fv2%2Fcomments&post=421692"}],"version-history":[{"count":0,"href":"https:\/\/arantv.az\/index.php?rest_route=\/wp\/v2\/posts\/421692\/revisions"}],"wp:featuredmedia":[{"embeddable":true,"href":"https:\/\/arantv.az\/index.php?rest_route=\/wp\/v2\/media\/421693"}],"wp:attachment":[{"href":"https:\/\/arantv.az\/index.php?rest_route=%2Fwp%2Fv2%2Fmedia&parent=421692"}],"wp:term":[{"taxonomy":"category","embeddable":true,"href":"https:\/\/arantv.az\/index.php?rest_route=%2Fwp%2Fv2%2Fcategories&post=421692"},{"taxonomy":"post_tag","embeddable":true,"href":"https:\/\/arantv.az\/index.php?rest_route=%2Fwp%2Fv2%2Ftags&post=421692"}],"curies":[{"name":"wp","href":"https:\/\/api.w.org\/{rel}","templated":true}]}}