{"id":421695,"date":"2021-12-31T14:45:50","date_gmt":"2021-12-31T11:45:50","guid":{"rendered":"http:\/\/arantv.az\/?p=421695"},"modified":"2021-12-31T14:45:50","modified_gmt":"2021-12-31T11:45:50","slug":"bayram-gunl%c9%99ri-asan-xidm%c9%99t-v%c9%99-asan-kommunal-m%c9%99rk%c9%99zl%c9%99ri-isl%c9%99y%c9%99c%c9%99k","status":"publish","type":"post","link":"https:\/\/arantv.az\/?p=421695","title":{"rendered":"Bayram g\u00fcnl\u0259ri \u201cASAN xidm\u0259t\u201d v\u0259 \u201cASAN Kommunal\u201d m\u0259rk\u0259zl\u0259ri i\u015fl\u0259y\u0259c\u0259k?"},"content":{"rendered":"<p>D\u00fcnya Az\u0259rbaycanl\u0131lar\u0131n\u0131n H\u0259mr\u0259yliyi G\u00fcn\u00fc v\u0259 Yeni il bayram\u0131 il\u0259 \u0259laq\u0259dar olaraq dekabr\u0131n 31-d\u0259n yanvar\u0131n 4-d\u0259k \u201cASAN xidm\u0259t\u201d\u00a0v\u0259 \u201cASAN Kommunal\u201d\u00a0m\u0259rk\u0259zl\u0259rind\u0259 qeyri-i\u015f g\u00fcn\u00fc olacaq.<\/p>\n<p>Bu bar\u0259d\u0259\u00a0Az\u0259rbaycan Respublikas\u0131n\u0131n Prezidenti yan\u0131nda V\u0259t\u0259nda\u015flara Xidm\u0259t v\u0259 Sosial \u0130nnovasiyalar \u00fczr\u0259 D\u00f6vl\u0259t Agentliyinin ictimaiyy\u0259tl\u0259 \u0259laq\u0259l\u0259r \u015f\u00f6b\u0259sind\u0259n m\u0259lumat verilib.<\/p>\n<p>Bildirilib ki, yanvar\u0131n 5-d\u0259n etibar\u0259n v\u0259t\u0259nda\u015flar m\u0259rk\u0259zl\u0259r\u0259 m\u00fcraci\u0259t etm\u0259kl\u0259 m\u00fcvafiq xidm\u0259tl\u0259rd\u0259n yararlana bil\u0259rl\u0259r.<\/p>\n","protected":false},"excerpt":{"rendered":"<p>D\u00fcnya Az\u0259rbaycanl\u0131lar\u0131n\u0131n H\u0259mr\u0259yliyi G\u00fcn\u00fc v\u0259 Yeni il bayram\u0131 il\u0259 \u0259laq\u0259dar olaraq dekabr\u0131n 31-d\u0259n yanvar\u0131n 4-d\u0259k \u201cASAN xidm\u0259t\u201d\u00a0v\u0259 \u201cASAN Kommunal\u201d\u00a0m\u0259rk\u0259zl\u0259rind\u0259 qeyri-i\u015f g\u00fcn\u00fc olacaq. Bu bar\u0259d\u0259\u00a0Az\u0259rbaycan Respublikas\u0131n\u0131n Prezidenti yan\u0131nda V\u0259t\u0259nda\u015flara Xidm\u0259t v\u0259 Sosial \u0130nnovasiyalar \u00fczr\u0259 D\u00f6vl\u0259t Agentliyinin ictimaiyy\u0259tl\u0259 \u0259laq\u0259l\u0259r \u015f\u00f6b\u0259sind\u0259n m\u0259lumat verilib. Bildirilib ki, yanvar\u0131n 5-d\u0259n etibar\u0259n v\u0259t\u0259nda\u015flar m\u0259rk\u0259zl\u0259r\u0259 m\u00fcraci\u0259t etm\u0259kl\u0259 m\u00fcvafiq xidm\u0259tl\u0259rd\u0259n yararlana bil\u0259rl\u0259r.<\/p>\n","protected":false},"author":2,"featured_media":421696,"comment_status":"closed","ping_status":"closed","sticky":false,"template":"","format":"standard","meta":{"om_disable_all_campaigns":false,"_monsterinsights_skip_tracking":false,"_monsterinsights_sitenote_active":false,"_monsterinsights_sitenote_note":"","_monsterinsights_sitenote_category":0},"categories":[1],"tags":[],"aioseo_notices":[],"gutentor_comment":0,"rttpg_featured_image_url":{"full":["https:\/\/arantv.az\/wp-content\/uploads\/2021\/12\/d57b9db7-0593-432d-ad74-42c95f3b49b1.jpg",620,413,false],"landscape":["https:\/\/arantv.az\/wp-content\/uploads\/2021\/12\/d57b9db7-0593-432d-ad74-42c95f3b49b1.jpg",620,413,false],"portraits":["https:\/\/arantv.az\/wp-content\/uploads\/2021\/12\/d57b9db7-0593-432d-ad74-42c95f3b49b1.jpg",620,413,false],"thumbnail":["https:\/\/arantv.az\/wp-content\/uploads\/2021\/12\/d57b9db7-0593-432d-ad74-42c95f3b49b1-500x280.jpg",500,280,true],"medium":["https:\/\/arantv.az\/wp-content\/uploads\/2021\/12\/d57b9db7-0593-432d-ad74-42c95f3b49b1-548x365.jpg",548,365,true],"large":["https:\/\/arantv.az\/wp-content\/uploads\/2021\/12\/d57b9db7-0593-432d-ad74-42c95f3b49b1.jpg",620,413,false],"1536x1536":["https:\/\/arantv.az\/wp-content\/uploads\/2021\/12\/d57b9db7-0593-432d-ad74-42c95f3b49b1.jpg",620,413,false],"2048x2048":["https:\/\/arantv.az\/wp-content\/uploads\/2021\/12\/d57b9db7-0593-432d-ad74-42c95f3b49b1.jpg",620,413,false],"post-thumbnail":["https:\/\/arantv.az\/wp-content\/uploads\/2021\/12\/d57b9db7-0593-432d-ad74-42c95f3b49b1-240x172.jpg",240,172,true],"advps-thumb-one":["https:\/\/arantv.az\/wp-content\/uploads\/2021\/12\/d57b9db7-0593-432d-ad74-42c95f3b49b1.jpg",620,413,false]},"rttpg_author":{"display_name":"V\u00fcsal Rafiqo\u011flu","author_link":"https:\/\/arantv.az\/?author=2"},"rttpg_comment":0,"rttpg_category":"<a href=\"https:\/\/arantv.az\/?cat=1\" rel=\"category\">C\u0259miyy\u0259t<\/a>","rttpg_excerpt":"D\u00fcnya Az\u0259rbaycanl\u0131lar\u0131n\u0131n H\u0259mr\u0259yliyi G\u00fcn\u00fc v\u0259 Yeni il bayram\u0131 il\u0259 \u0259laq\u0259dar olaraq dekabr\u0131n 31-d\u0259n yanvar\u0131n 4-d\u0259k \u201cASAN xidm\u0259t\u201d\u00a0v\u0259 \u201cASAN Kommunal\u201d\u00a0m\u0259rk\u0259zl\u0259rind\u0259 qeyri-i\u015f g\u00fcn\u00fc olacaq. Bu bar\u0259d\u0259\u00a0Az\u0259rbaycan Respublikas\u0131n\u0131n Prezidenti yan\u0131nda V\u0259t\u0259nda\u015flara Xidm\u0259t v\u0259 Sosial \u0130nnovasiyalar \u00fczr\u0259 D\u00f6vl\u0259t Agentliyinin ictimaiyy\u0259tl\u0259 \u0259laq\u0259l\u0259r \u015f\u00f6b\u0259sind\u0259n m\u0259lumat verilib. Bildirilib ki, yanvar\u0131n 5-d\u0259n etibar\u0259n v\u0259t\u0259nda\u015flar m\u0259rk\u0259zl\u0259r\u0259 m\u00fcraci\u0259t etm\u0259kl\u0259 m\u00fcvafiq xidm\u0259tl\u0259rd\u0259n yararlana bil\u0259rl\u0259r.","_links":{"self":[{"href":"https:\/\/arantv.az\/index.php?rest_route=\/wp\/v2\/posts\/421695"}],"collection":[{"href":"https:\/\/arantv.az\/index.php?rest_route=\/wp\/v2\/posts"}],"about":[{"href":"https:\/\/arantv.az\/index.php?rest_route=\/wp\/v2\/types\/post"}],"author":[{"embeddable":true,"href":"https:\/\/arantv.az\/index.php?rest_route=\/wp\/v2\/users\/2"}],"replies":[{"embeddable":true,"href":"https:\/\/arantv.az\/index.php?rest_route=%2Fwp%2Fv2%2Fcomments&post=421695"}],"version-history":[{"count":0,"href":"https:\/\/arantv.az\/index.php?rest_route=\/wp\/v2\/posts\/421695\/revisions"}],"wp:featuredmedia":[{"embeddable":true,"href":"https:\/\/arantv.az\/index.php?rest_route=\/wp\/v2\/media\/421696"}],"wp:attachment":[{"href":"https:\/\/arantv.az\/index.php?rest_route=%2Fwp%2Fv2%2Fmedia&parent=421695"}],"wp:term":[{"taxonomy":"category","embeddable":true,"href":"https:\/\/arantv.az\/index.php?rest_route=%2Fwp%2Fv2%2Fcategories&post=421695"},{"taxonomy":"post_tag","embeddable":true,"href":"https:\/\/arantv.az\/index.php?rest_route=%2Fwp%2Fv2%2Ftags&post=421695"}],"curies":[{"name":"wp","href":"https:\/\/api.w.org\/{rel}","templated":true}]}}