{"id":421699,"date":"2021-12-31T14:47:04","date_gmt":"2021-12-31T11:47:04","guid":{"rendered":"http:\/\/arantv.az\/?p=421699"},"modified":"2021-12-31T14:47:04","modified_gmt":"2021-12-31T11:47:04","slug":"mehriban-%c9%99liyeva-v%c9%99-qizlarinin-autizmli-usaqlarla-s%c9%99mimi-dialoqu-video","status":"publish","type":"post","link":"https:\/\/arantv.az\/?p=421699","title":{"rendered":"Mehriban \u018fliyeva v\u0259 q\u0131zlar\u0131n\u0131n autizmli u\u015faqlarla s\u0259mimi dialoqu &#8211; V\u0130DEO"},"content":{"rendered":"<p>Bu g\u00fcn Az\u0259rbaycan\u0131n birinci vitse-prezidenti Mehriban \u018fliyeva, q\u0131zlar\u0131 Leyla \u018fliyeva v\u0259 Arzu \u018fliyeva yeni in\u015fa edil\u0259n Autizm M\u0259rk\u0259zinin a\u00e7\u0131l\u0131\u015f\u0131nda i\u015ftirak edibl\u0259r.<\/p>\n<article class=\"news\">\n<div class=\"news-inner\">\n<p>A\u00e7\u0131l\u0131\u015f v\u0259 bina il\u0259 tan\u0131\u015fl\u0131qdan sonra birinci vitse-prezidenti Mehriban \u018fliyeva, q\u0131zlar\u0131 Leyla \u018fliyeva v\u0259 Arzu \u018fliyeva m\u0259rk\u0259zd\u0259ki u\u015faqlarla g\u00f6r\u00fc\u015f\u00fcbl\u0259r.<\/p>\n<p>G\u00f6r\u00fc\u015f olduqca s\u0259mimi atmosferd\u0259 ke\u00e7ib. Bel\u0259 ki, Mehriban \u018fliyeva v\u0259 q\u0131zlar\u0131 u\u015faqlarla s\u00f6hb\u0259t edib, onlar\u0131n ifas\u0131nda mahn\u0131lara qulaq as\u0131blar. H\u0259m\u00e7inin Mehriban \u018fliyeva u\u015faqlarla birg\u0259 tort k\u0259sib, Leyla \u018fliyeva v\u0259 Arzu \u018fliyeva is\u0259 pianoda ifa edib.<\/p>\n<p>Birinci vitse-prezident Mehriban \u018fliyeva, q\u0131zlar\u0131 Leyla \u018fliyeva v\u0259 Arzu \u018fliyeva u\u015faqlarla xatir\u0259 \u015f\u0259kli \u00e7\u0259kdirm\u0259yi d\u0259 unutmay\u0131blar.<\/p>\n<div><iframe loading=\"lazy\" src=\"https:\/\/player.baku.tv\/embed\/48523\" width=\"560\" height=\"315\" frameborder=\"0\" allowfullscreen=\"allowfullscreen\" data-mce-fragment=\"1\"><\/iframe><\/div>\n<\/div>\n<\/article>\n","protected":false},"excerpt":{"rendered":"<p>Bu g\u00fcn Az\u0259rbaycan\u0131n birinci vitse-prezidenti Mehriban \u018fliyeva, q\u0131zlar\u0131 Leyla \u018fliyeva v\u0259 Arzu \u018fliyeva yeni in\u015fa edil\u0259n Autizm M\u0259rk\u0259zinin a\u00e7\u0131l\u0131\u015f\u0131nda i\u015ftirak edibl\u0259r. A\u00e7\u0131l\u0131\u015f v\u0259 bina il\u0259 tan\u0131\u015fl\u0131qdan sonra birinci vitse-prezidenti Mehriban \u018fliyeva, q\u0131zlar\u0131 Leyla \u018fliyeva v\u0259 Arzu \u018fliyeva m\u0259rk\u0259zd\u0259ki u\u015faqlarla g\u00f6r\u00fc\u015f\u00fcbl\u0259r. G\u00f6r\u00fc\u015f olduqca s\u0259mimi atmosferd\u0259 ke\u00e7ib. Bel\u0259 ki, Mehriban \u018fliyeva v\u0259 q\u0131zlar\u0131 u\u015faqlarla s\u00f6hb\u0259t edib, onlar\u0131n ifas\u0131nda mahn\u0131lara qulaq as\u0131blar. H\u0259m\u00e7inin Mehriban \u018fliyeva u\u015faqlarla birg\u0259 tort k\u0259sib, Leyla \u018fliyeva v\u0259 Arzu \u018fliyeva is\u0259 pianoda ifa edib. Birinci vitse-prezident Mehriban \u018fliyeva, q\u0131zlar\u0131 Leyla \u018fliyeva v\u0259 Arzu \u018fliyeva u\u015faqlarla xatir\u0259 \u015f\u0259kli \u00e7\u0259kdirm\u0259yi d\u0259&hellip;<\/p>\n","protected":false},"author":2,"featured_media":421700,"comment_status":"closed","ping_status":"closed","sticky":false,"template":"","format":"standard","meta":{"om_disable_all_campaigns":false,"_monsterinsights_skip_tracking":false,"_monsterinsights_sitenote_active":false,"_monsterinsights_sitenote_note":"","_monsterinsights_sitenote_category":0},"categories":[1],"tags":[],"aioseo_notices":[],"gutentor_comment":0,"rttpg_featured_image_url":{"full":["https:\/\/arantv.az\/wp-content\/uploads\/2021\/12\/d1b25f08-b210-47aa-bc28-88acb6c0747a.jpg",620,413,false],"landscape":["https:\/\/arantv.az\/wp-content\/uploads\/2021\/12\/d1b25f08-b210-47aa-bc28-88acb6c0747a.jpg",620,413,false],"portraits":["https:\/\/arantv.az\/wp-content\/uploads\/2021\/12\/d1b25f08-b210-47aa-bc28-88acb6c0747a.jpg",620,413,false],"thumbnail":["https:\/\/arantv.az\/wp-content\/uploads\/2021\/12\/d1b25f08-b210-47aa-bc28-88acb6c0747a-500x280.jpg",500,280,true],"medium":["https:\/\/arantv.az\/wp-content\/uploads\/2021\/12\/d1b25f08-b210-47aa-bc28-88acb6c0747a-548x365.jpg",548,365,true],"large":["https:\/\/arantv.az\/wp-content\/uploads\/2021\/12\/d1b25f08-b210-47aa-bc28-88acb6c0747a.jpg",620,413,false],"1536x1536":["https:\/\/arantv.az\/wp-content\/uploads\/2021\/12\/d1b25f08-b210-47aa-bc28-88acb6c0747a.jpg",620,413,false],"2048x2048":["https:\/\/arantv.az\/wp-content\/uploads\/2021\/12\/d1b25f08-b210-47aa-bc28-88acb6c0747a.jpg",620,413,false],"post-thumbnail":["https:\/\/arantv.az\/wp-content\/uploads\/2021\/12\/d1b25f08-b210-47aa-bc28-88acb6c0747a-240x172.jpg",240,172,true],"advps-thumb-one":["https:\/\/arantv.az\/wp-content\/uploads\/2021\/12\/d1b25f08-b210-47aa-bc28-88acb6c0747a.jpg",620,413,false]},"rttpg_author":{"display_name":"V\u00fcsal Rafiqo\u011flu","author_link":"https:\/\/arantv.az\/?author=2"},"rttpg_comment":0,"rttpg_category":"<a href=\"https:\/\/arantv.az\/?cat=1\" rel=\"category\">C\u0259miyy\u0259t<\/a>","rttpg_excerpt":"Bu g\u00fcn Az\u0259rbaycan\u0131n birinci vitse-prezidenti Mehriban \u018fliyeva, q\u0131zlar\u0131 Leyla \u018fliyeva v\u0259 Arzu \u018fliyeva yeni in\u015fa edil\u0259n Autizm M\u0259rk\u0259zinin a\u00e7\u0131l\u0131\u015f\u0131nda i\u015ftirak edibl\u0259r. A\u00e7\u0131l\u0131\u015f v\u0259 bina il\u0259 tan\u0131\u015fl\u0131qdan sonra birinci vitse-prezidenti Mehriban \u018fliyeva, q\u0131zlar\u0131 Leyla \u018fliyeva v\u0259 Arzu \u018fliyeva m\u0259rk\u0259zd\u0259ki u\u015faqlarla g\u00f6r\u00fc\u015f\u00fcbl\u0259r. G\u00f6r\u00fc\u015f olduqca s\u0259mimi atmosferd\u0259 ke\u00e7ib. Bel\u0259 ki, Mehriban \u018fliyeva v\u0259 q\u0131zlar\u0131 u\u015faqlarla s\u00f6hb\u0259t edib, onlar\u0131n&hellip;","_links":{"self":[{"href":"https:\/\/arantv.az\/index.php?rest_route=\/wp\/v2\/posts\/421699"}],"collection":[{"href":"https:\/\/arantv.az\/index.php?rest_route=\/wp\/v2\/posts"}],"about":[{"href":"https:\/\/arantv.az\/index.php?rest_route=\/wp\/v2\/types\/post"}],"author":[{"embeddable":true,"href":"https:\/\/arantv.az\/index.php?rest_route=\/wp\/v2\/users\/2"}],"replies":[{"embeddable":true,"href":"https:\/\/arantv.az\/index.php?rest_route=%2Fwp%2Fv2%2Fcomments&post=421699"}],"version-history":[{"count":0,"href":"https:\/\/arantv.az\/index.php?rest_route=\/wp\/v2\/posts\/421699\/revisions"}],"wp:featuredmedia":[{"embeddable":true,"href":"https:\/\/arantv.az\/index.php?rest_route=\/wp\/v2\/media\/421700"}],"wp:attachment":[{"href":"https:\/\/arantv.az\/index.php?rest_route=%2Fwp%2Fv2%2Fmedia&parent=421699"}],"wp:term":[{"taxonomy":"category","embeddable":true,"href":"https:\/\/arantv.az\/index.php?rest_route=%2Fwp%2Fv2%2Fcategories&post=421699"},{"taxonomy":"post_tag","embeddable":true,"href":"https:\/\/arantv.az\/index.php?rest_route=%2Fwp%2Fv2%2Ftags&post=421699"}],"curies":[{"name":"wp","href":"https:\/\/api.w.org\/{rel}","templated":true}]}}