{"id":421706,"date":"2021-12-31T14:54:17","date_gmt":"2021-12-31T11:54:17","guid":{"rendered":"http:\/\/arantv.az\/?p=421706"},"modified":"2021-12-31T14:54:17","modified_gmt":"2021-12-31T11:54:17","slug":"prezident-ilham-%c9%99liyev-kubali-h%c9%99mkarini-t%c9%99brik-edib-2","status":"publish","type":"post","link":"https:\/\/arantv.az\/?p=421706","title":{"rendered":"Prezident \u0130lham \u018fliyev kubal\u0131 h\u0259mkar\u0131n\u0131 t\u0259brik edib"},"content":{"rendered":"<p>Prezident \u0130lham \u018fliyev Kuba Prezidenti Migel Dias-Kanel Bermudes\u0259 t\u0259brik \u00fcnvanlay\u0131b.<\/p>\n<p><strong>ARANTV.AZ<\/strong>\u00a0 x\u0259b\u0259r verir ki, t\u0259brikd\u0259 qeyd edilib:<\/p>\n<p>H\u00f6rm\u0259tli c\u0259nab Prezident,<\/p>\n<p>Kuba Respublikas\u0131n\u0131n milli bayram\u0131 \u2013 Azadl\u0131q G\u00fcn\u00fc m\u00fcnasib\u0259til\u0259 Sizi v\u0259 Sizin siman\u0131zda b\u00fct\u00fcn xalq\u0131n\u0131z\u0131 \u00f6z ad\u0131mdan v\u0259 Az\u0259rbaycan xalq\u0131 ad\u0131ndan \u00fcr\u0259kd\u0259n t\u0259brik edir\u0259m.<\/p>\n<p>Az\u0259rbaycan-Kuba \u0259laq\u0259l\u0259rinin inki\u015faf\u0131 m\u0259mnunluq do\u011furur. COVID-19 pandemiyas\u0131 il\u0259 \u0259laq\u0259dar \u00f6lk\u0259l\u0259rimizin s\u0259m\u0259r\u0259li \u0259m\u0259kda\u015fl\u0131\u011f\u0131n\u0131 x\u00fcsusil\u0259 qeyd etm\u0259k ist\u0259yir\u0259m.<\/p>\n<p>\u0130nan\u0131ram ki, Az\u0259rbaycan il\u0259 Kuba aras\u0131ndak\u0131 dostluq m\u00fcnasib\u0259tl\u0259ri birg\u0259 s\u0259yl\u0259rimizl\u0259 bundan sonra da u\u011furla inki\u015faf ed\u0259c\u0259k, BMT v\u0259 Qo\u015fulmama H\u0259r\u0259kat\u0131 da daxil olmaqla \u00e7oxt\u0259r\u0259fli t\u0259sisatlarda \u0259m\u0259kda\u015fl\u0131\u011f\u0131m\u0131z davam ed\u0259c\u0259kdir.<\/p>\n<p>Bu \u0259lam\u0259tdar g\u00fcnd\u0259 Siz\u0259 \u0259n xo\u015f arzular\u0131m\u0131 yetirir, dost Kuba xalq\u0131na daim \u0259min-amanl\u0131q v\u0259 firavanl\u0131q arzulay\u0131ram.<\/p>\n","protected":false},"excerpt":{"rendered":"<p>Prezident \u0130lham \u018fliyev Kuba Prezidenti Migel Dias-Kanel Bermudes\u0259 t\u0259brik \u00fcnvanlay\u0131b. ARANTV.AZ\u00a0 x\u0259b\u0259r verir ki, t\u0259brikd\u0259 qeyd edilib: H\u00f6rm\u0259tli c\u0259nab Prezident, Kuba Respublikas\u0131n\u0131n milli bayram\u0131 \u2013 Azadl\u0131q G\u00fcn\u00fc m\u00fcnasib\u0259til\u0259 Sizi v\u0259 Sizin siman\u0131zda b\u00fct\u00fcn xalq\u0131n\u0131z\u0131 \u00f6z ad\u0131mdan v\u0259 Az\u0259rbaycan xalq\u0131 ad\u0131ndan \u00fcr\u0259kd\u0259n t\u0259brik edir\u0259m. Az\u0259rbaycan-Kuba \u0259laq\u0259l\u0259rinin inki\u015faf\u0131 m\u0259mnunluq do\u011furur. COVID-19 pandemiyas\u0131 il\u0259 \u0259laq\u0259dar \u00f6lk\u0259l\u0259rimizin s\u0259m\u0259r\u0259li \u0259m\u0259kda\u015fl\u0131\u011f\u0131n\u0131 x\u00fcsusil\u0259 qeyd etm\u0259k ist\u0259yir\u0259m. \u0130nan\u0131ram ki, Az\u0259rbaycan il\u0259 Kuba aras\u0131ndak\u0131 dostluq m\u00fcnasib\u0259tl\u0259ri birg\u0259 s\u0259yl\u0259rimizl\u0259 bundan sonra da u\u011furla inki\u015faf ed\u0259c\u0259k, BMT v\u0259 Qo\u015fulmama H\u0259r\u0259kat\u0131 da daxil olmaqla \u00e7oxt\u0259r\u0259fli t\u0259sisatlarda \u0259m\u0259kda\u015fl\u0131\u011f\u0131m\u0131z davam ed\u0259c\u0259kdir. Bu \u0259lam\u0259tdar g\u00fcnd\u0259&hellip;<\/p>\n","protected":false},"author":2,"featured_media":421707,"comment_status":"closed","ping_status":"closed","sticky":false,"template":"","format":"standard","meta":{"om_disable_all_campaigns":false,"_monsterinsights_skip_tracking":false,"_monsterinsights_sitenote_active":false,"_monsterinsights_sitenote_note":"","_monsterinsights_sitenote_category":0},"categories":[4],"tags":[],"aioseo_notices":[],"gutentor_comment":0,"rttpg_featured_image_url":{"full":["https:\/\/arantv.az\/wp-content\/uploads\/2021\/12\/1f490b64163138796921535129911087697-4.jpg",975,540,false],"landscape":["https:\/\/arantv.az\/wp-content\/uploads\/2021\/12\/1f490b64163138796921535129911087697-4.jpg",975,540,false],"portraits":["https:\/\/arantv.az\/wp-content\/uploads\/2021\/12\/1f490b64163138796921535129911087697-4.jpg",975,540,false],"thumbnail":["https:\/\/arantv.az\/wp-content\/uploads\/2021\/12\/1f490b64163138796921535129911087697-4-500x280.jpg",500,280,true],"medium":["https:\/\/arantv.az\/wp-content\/uploads\/2021\/12\/1f490b64163138796921535129911087697-4-660x365.jpg",660,365,true],"large":["https:\/\/arantv.az\/wp-content\/uploads\/2021\/12\/1f490b64163138796921535129911087697-4-840x465.jpg",640,354,true],"1536x1536":["https:\/\/arantv.az\/wp-content\/uploads\/2021\/12\/1f490b64163138796921535129911087697-4.jpg",975,540,false],"2048x2048":["https:\/\/arantv.az\/wp-content\/uploads\/2021\/12\/1f490b64163138796921535129911087697-4.jpg",975,540,false],"post-thumbnail":["https:\/\/arantv.az\/wp-content\/uploads\/2021\/12\/1f490b64163138796921535129911087697-4-240x172.jpg",240,172,true],"advps-thumb-one":["https:\/\/arantv.az\/wp-content\/uploads\/2021\/12\/1f490b64163138796921535129911087697-4.jpg",975,540,false]},"rttpg_author":{"display_name":"V\u00fcsal Rafiqo\u011flu","author_link":"https:\/\/arantv.az\/?author=2"},"rttpg_comment":0,"rttpg_category":"<a href=\"https:\/\/arantv.az\/?cat=4\" rel=\"category\">Siyas\u0259t<\/a>","rttpg_excerpt":"Prezident \u0130lham \u018fliyev Kuba Prezidenti Migel Dias-Kanel Bermudes\u0259 t\u0259brik \u00fcnvanlay\u0131b. ARANTV.AZ\u00a0 x\u0259b\u0259r verir ki, t\u0259brikd\u0259 qeyd edilib: H\u00f6rm\u0259tli c\u0259nab Prezident, Kuba Respublikas\u0131n\u0131n milli bayram\u0131 \u2013 Azadl\u0131q G\u00fcn\u00fc m\u00fcnasib\u0259til\u0259 Sizi v\u0259 Sizin siman\u0131zda b\u00fct\u00fcn xalq\u0131n\u0131z\u0131 \u00f6z ad\u0131mdan v\u0259 Az\u0259rbaycan xalq\u0131 ad\u0131ndan \u00fcr\u0259kd\u0259n t\u0259brik edir\u0259m. Az\u0259rbaycan-Kuba \u0259laq\u0259l\u0259rinin inki\u015faf\u0131 m\u0259mnunluq do\u011furur. COVID-19 pandemiyas\u0131 il\u0259 \u0259laq\u0259dar \u00f6lk\u0259l\u0259rimizin s\u0259m\u0259r\u0259li \u0259m\u0259kda\u015fl\u0131\u011f\u0131n\u0131&hellip;","_links":{"self":[{"href":"https:\/\/arantv.az\/index.php?rest_route=\/wp\/v2\/posts\/421706"}],"collection":[{"href":"https:\/\/arantv.az\/index.php?rest_route=\/wp\/v2\/posts"}],"about":[{"href":"https:\/\/arantv.az\/index.php?rest_route=\/wp\/v2\/types\/post"}],"author":[{"embeddable":true,"href":"https:\/\/arantv.az\/index.php?rest_route=\/wp\/v2\/users\/2"}],"replies":[{"embeddable":true,"href":"https:\/\/arantv.az\/index.php?rest_route=%2Fwp%2Fv2%2Fcomments&post=421706"}],"version-history":[{"count":0,"href":"https:\/\/arantv.az\/index.php?rest_route=\/wp\/v2\/posts\/421706\/revisions"}],"wp:featuredmedia":[{"embeddable":true,"href":"https:\/\/arantv.az\/index.php?rest_route=\/wp\/v2\/media\/421707"}],"wp:attachment":[{"href":"https:\/\/arantv.az\/index.php?rest_route=%2Fwp%2Fv2%2Fmedia&parent=421706"}],"wp:term":[{"taxonomy":"category","embeddable":true,"href":"https:\/\/arantv.az\/index.php?rest_route=%2Fwp%2Fv2%2Fcategories&post=421706"},{"taxonomy":"post_tag","embeddable":true,"href":"https:\/\/arantv.az\/index.php?rest_route=%2Fwp%2Fv2%2Ftags&post=421706"}],"curies":[{"name":"wp","href":"https:\/\/api.w.org\/{rel}","templated":true}]}}