{"id":421709,"date":"2021-12-31T15:04:15","date_gmt":"2021-12-31T12:04:15","guid":{"rendered":"http:\/\/arantv.az\/?p=421709"},"modified":"2021-12-31T15:04:15","modified_gmt":"2021-12-31T12:04:15","slug":"general-h%c9%99rbcil%c9%99r%c9%99-bayram-h%c9%99diyy%c9%99si-payladi-foto","status":"publish","type":"post","link":"https:\/\/arantv.az\/?p=421709","title":{"rendered":"General h\u0259rb\u00e7il\u0259r\u0259 bayram h\u0259diyy\u0259si paylad\u0131 &#8211; FOTO"},"content":{"rendered":"<p>M\u00fcdafi\u0259 nazirinin tap\u015f\u0131r\u0131\u011f\u0131na \u0259sas\u0259n m\u00fcdafi\u0259 nazirinin m\u00fcavini \u2013 Maddi-Texniki T\u0259minat Ba\u015f \u0130dar\u0259sinin r\u0259isi general-leytenant Nizam Osmanov D\u00fcnya Az\u0259rbaycanl\u0131lar\u0131n\u0131n H\u0259mr\u0259yliyi G\u00fcn\u00fc v\u0259 Yeni il bayram\u0131 m\u00fcnasib\u0259til\u0259 h\u0259rbi hiss\u0259l\u0259ri ziyar\u0259t edib.<\/p>\n<p>M\u00fcdafi\u0259 Nazirliyind\u0259n veril\u0259n x\u0259b\u0259r\u0259 g\u00f6r\u0259, h\u0259rbi qulluq\u00e7ular\u0131n sosial-m\u0259i\u015f\u0259t \u015f\u0259raiti v\u0259 maddi-texniki t\u0259minat\u0131 il\u0259 maraqlanan nazir m\u00fcavini m\u00fcdafi\u0259 nazirinin t\u0259brikini \u015f\u0259xsi hey\u0259t\u0259 \u00e7atd\u0131r\u0131b, onlara xidm\u0259tl\u0259rind\u0259 u\u011furlar arzulay\u0131b.<\/p>\n<p>General-leytenant N.Osmanov xidm\u0259tin daha yax\u015f\u0131 t\u0259\u015fkili, d\u00f6y\u00fc\u015f haz\u0131rl\u0131\u011f\u0131n\u0131n daim y\u00fcks\u0259k s\u0259viyy\u0259d\u0259 saxlan\u0131lmas\u0131, eyni zamanda maddi-texniki t\u0259minat\u0131n yax\u015f\u0131la\u015fd\u0131r\u0131lmas\u0131 istiqam\u0259tind\u0259 m\u00fcdafi\u0259 nazirinin m\u00fcvafiq tap\u015f\u0131r\u0131qlar\u0131n\u0131 aidiyy\u0259ti \u00fczr\u0259 \u00e7atd\u0131r\u0131b.<\/p>\n<p>Sonda h\u0259rbi qulluq\u00e7ulara bayram h\u0259diyy\u0259l\u0259ri t\u0259qdim edilib.<\/p>\n<p>&nbsp;<\/p>\n<div class=\"gallery\">\n<div class=\"gallery-i\"><img src=\"https:\/\/cdn.oxu.az\/uploads\/W1siZiIsIjIwMjEvMTIvMzEvMTUvMzgvNTEvMDVkZjA3OWQtZDc4OS00MzU4LWEzZjUtYTVhMjY3YjA1NWNkL2JjN2NjYWI3ODE0ZGUyY2E4ZDFhZDcwZWM5ZTZkOTdmLmpwZyJdLFsicCIsImVuY29kZSIsImpwZyIsIi1xdWFsaXR5IDgwIl0sWyJwIiwidGh1bWIiLCI1OTB4NTkwXHUwMDNlIl1d?sha=f4fbe95ff549ac8f\" alt=\"\" \/><\/p>\n<div class=\"gallery-i-caption\"><\/div>\n<\/div>\n<div class=\"gallery-i\"><img src=\"https:\/\/cdn.oxu.az\/uploads\/W1siZiIsIjIwMjEvMTIvMzEvMTUvMzgvNTMvYjU3OWNmMTktZTcwNi00MjM2LWIxYjEtODFiMGUwMTQ1YzM1Lzg4MTUxMWZmNWZjYmRhMGM0ZWI0ZGVkY2YwYTU0ZjdlLmpwZyJdLFsicCIsImVuY29kZSIsImpwZyIsIi1xdWFsaXR5IDgwIl0sWyJwIiwidGh1bWIiLCI1OTB4NTkwXHUwMDNlIl1d?sha=da03ecb74f28c84a\" alt=\"\" \/><\/p>\n<div class=\"gallery-i-caption\"><\/div>\n<\/div>\n<div class=\"gallery-i\"><img src=\"https:\/\/cdn.oxu.az\/uploads\/W1siZiIsIjIwMjEvMTIvMzEvMTUvMzgvNTYvNTAxNmU4ZGItMTBkYS00NWFjLTg1OTAtOTA4YjhiYWY4NTM2Lzc4OGUzZTEzNTMwNzQ2YWZkNTBjZTQwMGVhYTYyNjI0LmpwZyJdLFsicCIsImVuY29kZSIsImpwZyIsIi1xdWFsaXR5IDgwIl0sWyJwIiwidGh1bWIiLCI1OTB4NTkwXHUwMDNlIl1d?sha=7b8c5906c3a74ff6\" alt=\"\" \/><\/p>\n<div class=\"gallery-i-caption\"><\/div>\n<\/div>\n<div class=\"gallery-i\"><img src=\"https:\/\/cdn.oxu.az\/uploads\/W1siZiIsIjIwMjEvMTIvMzEvMTUvMzgvNTgvNWZjMDViZDYtMzdiZi00Y2U0LWJlZTgtM2U2MDgyNDgzM2VjLzg2YjhkMjIxOWI4ODU0ZGFjYjBlMDQ2ZmExYmYxODc3LmpwZyJdLFsicCIsImVuY29kZSIsImpwZyIsIi1xdWFsaXR5IDgwIl0sWyJwIiwidGh1bWIiLCI1OTB4NTkwXHUwMDNlIl1d?sha=5e6b682b8822c57a\" alt=\"\" \/><\/div>\n<\/div>\n","protected":false},"excerpt":{"rendered":"<p>M\u00fcdafi\u0259 nazirinin tap\u015f\u0131r\u0131\u011f\u0131na \u0259sas\u0259n m\u00fcdafi\u0259 nazirinin m\u00fcavini \u2013 Maddi-Texniki T\u0259minat Ba\u015f \u0130dar\u0259sinin r\u0259isi general-leytenant Nizam Osmanov D\u00fcnya Az\u0259rbaycanl\u0131lar\u0131n\u0131n H\u0259mr\u0259yliyi G\u00fcn\u00fc v\u0259 Yeni il bayram\u0131 m\u00fcnasib\u0259til\u0259 h\u0259rbi hiss\u0259l\u0259ri ziyar\u0259t edib. M\u00fcdafi\u0259 Nazirliyind\u0259n veril\u0259n x\u0259b\u0259r\u0259 g\u00f6r\u0259, h\u0259rbi qulluq\u00e7ular\u0131n sosial-m\u0259i\u015f\u0259t \u015f\u0259raiti v\u0259 maddi-texniki t\u0259minat\u0131 il\u0259 maraqlanan nazir m\u00fcavini m\u00fcdafi\u0259 nazirinin t\u0259brikini \u015f\u0259xsi hey\u0259t\u0259 \u00e7atd\u0131r\u0131b, onlara xidm\u0259tl\u0259rind\u0259 u\u011furlar arzulay\u0131b. General-leytenant N.Osmanov xidm\u0259tin daha yax\u015f\u0131 t\u0259\u015fkili, d\u00f6y\u00fc\u015f haz\u0131rl\u0131\u011f\u0131n\u0131n daim y\u00fcks\u0259k s\u0259viyy\u0259d\u0259 saxlan\u0131lmas\u0131, eyni zamanda maddi-texniki t\u0259minat\u0131n yax\u015f\u0131la\u015fd\u0131r\u0131lmas\u0131 istiqam\u0259tind\u0259 m\u00fcdafi\u0259 nazirinin m\u00fcvafiq tap\u015f\u0131r\u0131qlar\u0131n\u0131 aidiyy\u0259ti \u00fczr\u0259 \u00e7atd\u0131r\u0131b. Sonda h\u0259rbi qulluq\u00e7ulara bayram h\u0259diyy\u0259l\u0259ri t\u0259qdim edilib. &nbsp;<\/p>\n","protected":false},"author":2,"featured_media":421710,"comment_status":"closed","ping_status":"closed","sticky":false,"template":"","format":"standard","meta":{"om_disable_all_campaigns":false,"_monsterinsights_skip_tracking":false,"_monsterinsights_sitenote_active":false,"_monsterinsights_sitenote_note":"","_monsterinsights_sitenote_category":0},"categories":[26],"tags":[],"aioseo_notices":[],"gutentor_comment":0,"rttpg_featured_image_url":{"full":["https:\/\/arantv.az\/wp-content\/uploads\/2021\/12\/86b8d2219b8854dacb0e046fa1bf1877.jpg",586,465,false],"landscape":["https:\/\/arantv.az\/wp-content\/uploads\/2021\/12\/86b8d2219b8854dacb0e046fa1bf1877.jpg",586,465,false],"portraits":["https:\/\/arantv.az\/wp-content\/uploads\/2021\/12\/86b8d2219b8854dacb0e046fa1bf1877.jpg",586,465,false],"thumbnail":["https:\/\/arantv.az\/wp-content\/uploads\/2021\/12\/86b8d2219b8854dacb0e046fa1bf1877-500x280.jpg",500,280,true],"medium":["https:\/\/arantv.az\/wp-content\/uploads\/2021\/12\/86b8d2219b8854dacb0e046fa1bf1877-460x365.jpg",460,365,true],"large":["https:\/\/arantv.az\/wp-content\/uploads\/2021\/12\/86b8d2219b8854dacb0e046fa1bf1877.jpg",586,465,false],"1536x1536":["https:\/\/arantv.az\/wp-content\/uploads\/2021\/12\/86b8d2219b8854dacb0e046fa1bf1877.jpg",586,465,false],"2048x2048":["https:\/\/arantv.az\/wp-content\/uploads\/2021\/12\/86b8d2219b8854dacb0e046fa1bf1877.jpg",586,465,false],"post-thumbnail":["https:\/\/arantv.az\/wp-content\/uploads\/2021\/12\/86b8d2219b8854dacb0e046fa1bf1877-240x172.jpg",240,172,true],"advps-thumb-one":["https:\/\/arantv.az\/wp-content\/uploads\/2021\/12\/86b8d2219b8854dacb0e046fa1bf1877.jpg",586,465,false]},"rttpg_author":{"display_name":"V\u00fcsal Rafiqo\u011flu","author_link":"https:\/\/arantv.az\/?author=2"},"rttpg_comment":0,"rttpg_category":"<a href=\"https:\/\/arantv.az\/?cat=26\" rel=\"category\">Sosial<\/a>","rttpg_excerpt":"M\u00fcdafi\u0259 nazirinin tap\u015f\u0131r\u0131\u011f\u0131na \u0259sas\u0259n m\u00fcdafi\u0259 nazirinin m\u00fcavini \u2013 Maddi-Texniki T\u0259minat Ba\u015f \u0130dar\u0259sinin r\u0259isi general-leytenant Nizam Osmanov D\u00fcnya Az\u0259rbaycanl\u0131lar\u0131n\u0131n H\u0259mr\u0259yliyi G\u00fcn\u00fc v\u0259 Yeni il bayram\u0131 m\u00fcnasib\u0259til\u0259 h\u0259rbi hiss\u0259l\u0259ri ziyar\u0259t edib. M\u00fcdafi\u0259 Nazirliyind\u0259n veril\u0259n x\u0259b\u0259r\u0259 g\u00f6r\u0259, h\u0259rbi qulluq\u00e7ular\u0131n sosial-m\u0259i\u015f\u0259t \u015f\u0259raiti v\u0259 maddi-texniki t\u0259minat\u0131 il\u0259 maraqlanan nazir m\u00fcavini m\u00fcdafi\u0259 nazirinin t\u0259brikini \u015f\u0259xsi hey\u0259t\u0259 \u00e7atd\u0131r\u0131b, onlara xidm\u0259tl\u0259rind\u0259 u\u011furlar arzulay\u0131b.&hellip;","_links":{"self":[{"href":"https:\/\/arantv.az\/index.php?rest_route=\/wp\/v2\/posts\/421709"}],"collection":[{"href":"https:\/\/arantv.az\/index.php?rest_route=\/wp\/v2\/posts"}],"about":[{"href":"https:\/\/arantv.az\/index.php?rest_route=\/wp\/v2\/types\/post"}],"author":[{"embeddable":true,"href":"https:\/\/arantv.az\/index.php?rest_route=\/wp\/v2\/users\/2"}],"replies":[{"embeddable":true,"href":"https:\/\/arantv.az\/index.php?rest_route=%2Fwp%2Fv2%2Fcomments&post=421709"}],"version-history":[{"count":0,"href":"https:\/\/arantv.az\/index.php?rest_route=\/wp\/v2\/posts\/421709\/revisions"}],"wp:featuredmedia":[{"embeddable":true,"href":"https:\/\/arantv.az\/index.php?rest_route=\/wp\/v2\/media\/421710"}],"wp:attachment":[{"href":"https:\/\/arantv.az\/index.php?rest_route=%2Fwp%2Fv2%2Fmedia&parent=421709"}],"wp:term":[{"taxonomy":"category","embeddable":true,"href":"https:\/\/arantv.az\/index.php?rest_route=%2Fwp%2Fv2%2Fcategories&post=421709"},{"taxonomy":"post_tag","embeddable":true,"href":"https:\/\/arantv.az\/index.php?rest_route=%2Fwp%2Fv2%2Ftags&post=421709"}],"curies":[{"name":"wp","href":"https:\/\/api.w.org\/{rel}","templated":true}]}}