{"id":421715,"date":"2021-12-31T15:07:14","date_gmt":"2021-12-31T12:07:14","guid":{"rendered":"http:\/\/arantv.az\/?p=421715"},"modified":"2021-12-31T15:07:14","modified_gmt":"2021-12-31T12:07:14","slug":"h%c9%99mr%c9%99ylik-gunu-munasib%c9%99til%c9%99-videocarx-t%c9%99qdim-olunub-video","status":"publish","type":"post","link":"https:\/\/arantv.az\/?p=421715","title":{"rendered":"H\u0259mr\u0259ylik g\u00fcn\u00fc m\u00fcnasib\u0259til\u0259 video\u00e7arx t\u0259qdim olunub &#8211; V\u0130DEO"},"content":{"rendered":"<article class=\"news\">\n<div class=\"news-inner\">\n<p>D\u00fcnyan\u0131n m\u00fcxt\u0259lif \u00f6lk\u0259l\u0259rind\u0259 ya\u015fayan soyda\u015flar\u0131m\u0131z\u0131n i\u015ftirak\u0131 il\u0259 31 dekabr \u2013 D\u00fcnya Az\u0259rbaycanl\u0131lar\u0131n\u0131n H\u0259mr\u0259ylik G\u00fcn\u00fcn\u0259 h\u0259sr olunmu\u015f video\u00e7arx haz\u0131rlan\u0131b.<\/p>\n<p>Diasporla \u0130\u015f \u00fczr\u0259 D\u00f6vl\u0259t Komit\u0259sinin v\u0259 Az\u0259rbaycan Diasporuna D\u0259st\u0259k Fondunun d\u0259st\u0259yi il\u0259 \u0259rs\u0259y\u0259 g\u0259l\u0259n video\u00e7arxda h\u0259mv\u0259t\u0259nl\u0259rimiz ya\u015fad\u0131qlar\u0131 \u00f6lk\u0259l\u0259rd\u0259n Az\u0259rbaycan\u0131n D\u00f6vl\u0259t Himnini s\u0259sl\u0259ndirm\u0259kl\u0259 xalq\u0131m\u0131za t\u0259brikl\u0259rini \u00e7atd\u0131r\u0131blar, birlik v\u0259 h\u0259mr\u0259ylikl\u0259rini n\u00fcmayi\u015f etdiribl\u0259r.<\/p>\n<p>Video\u00e7arx\u0131n b\u0259dii hiss\u0259si AB\u015e-\u0131n Nyu York \u015f\u0259h\u0259rind\u0259 \u00e7\u0259kilib. D\u00f6vl\u0259t Himnimizin s\u00f6zl\u0259ri alt yaz\u0131 il\u0259 ingilis dilind\u0259 t\u0259qdim edilib. Video\u00e7arx \u201cD\u00fcnyan\u0131n haras\u0131nda olursan ol, \u0259g\u0259r az\u0259rbaycanl\u0131sansa, zaman yeti\u015f\u0259nd\u0259 ham\u0131 bir olub v\u0259 bir olacaq!\u201d fikri il\u0259 tamamlan\u0131b.<\/p>\n<div><iframe loading=\"lazy\" src=\"https:\/\/player.baku.tv\/embed\/48525\" width=\"560\" height=\"315\" frameborder=\"0\" allowfullscreen=\"allowfullscreen\" data-mce-fragment=\"1\"><\/iframe><\/div>\n<\/div>\n<\/article>\n","protected":false},"excerpt":{"rendered":"<p>D\u00fcnyan\u0131n m\u00fcxt\u0259lif \u00f6lk\u0259l\u0259rind\u0259 ya\u015fayan soyda\u015flar\u0131m\u0131z\u0131n i\u015ftirak\u0131 il\u0259 31 dekabr \u2013 D\u00fcnya Az\u0259rbaycanl\u0131lar\u0131n\u0131n H\u0259mr\u0259ylik G\u00fcn\u00fcn\u0259 h\u0259sr olunmu\u015f video\u00e7arx haz\u0131rlan\u0131b. Diasporla \u0130\u015f \u00fczr\u0259 D\u00f6vl\u0259t Komit\u0259sinin v\u0259 Az\u0259rbaycan Diasporuna D\u0259st\u0259k Fondunun d\u0259st\u0259yi il\u0259 \u0259rs\u0259y\u0259 g\u0259l\u0259n video\u00e7arxda h\u0259mv\u0259t\u0259nl\u0259rimiz ya\u015fad\u0131qlar\u0131 \u00f6lk\u0259l\u0259rd\u0259n Az\u0259rbaycan\u0131n D\u00f6vl\u0259t Himnini s\u0259sl\u0259ndirm\u0259kl\u0259 xalq\u0131m\u0131za t\u0259brikl\u0259rini \u00e7atd\u0131r\u0131blar, birlik v\u0259 h\u0259mr\u0259ylikl\u0259rini n\u00fcmayi\u015f etdiribl\u0259r. Video\u00e7arx\u0131n b\u0259dii hiss\u0259si AB\u015e-\u0131n Nyu York \u015f\u0259h\u0259rind\u0259 \u00e7\u0259kilib. D\u00f6vl\u0259t Himnimizin s\u00f6zl\u0259ri alt yaz\u0131 il\u0259 ingilis dilind\u0259 t\u0259qdim edilib. Video\u00e7arx \u201cD\u00fcnyan\u0131n haras\u0131nda olursan ol, \u0259g\u0259r az\u0259rbaycanl\u0131sansa, zaman yeti\u015f\u0259nd\u0259 ham\u0131 bir olub v\u0259 bir olacaq!\u201d fikri il\u0259 tamamlan\u0131b.<\/p>\n","protected":false},"author":2,"featured_media":421716,"comment_status":"closed","ping_status":"closed","sticky":false,"template":"","format":"standard","meta":{"om_disable_all_campaigns":false,"_monsterinsights_skip_tracking":false,"_monsterinsights_sitenote_active":false,"_monsterinsights_sitenote_note":"","_monsterinsights_sitenote_category":0},"categories":[26],"tags":[],"aioseo_notices":[],"gutentor_comment":0,"rttpg_featured_image_url":{"full":["https:\/\/arantv.az\/wp-content\/uploads\/2021\/12\/aa46478c-9451-4d37-b1ca-26af268546d0.jpg",620,413,false],"landscape":["https:\/\/arantv.az\/wp-content\/uploads\/2021\/12\/aa46478c-9451-4d37-b1ca-26af268546d0.jpg",620,413,false],"portraits":["https:\/\/arantv.az\/wp-content\/uploads\/2021\/12\/aa46478c-9451-4d37-b1ca-26af268546d0.jpg",620,413,false],"thumbnail":["https:\/\/arantv.az\/wp-content\/uploads\/2021\/12\/aa46478c-9451-4d37-b1ca-26af268546d0-500x280.jpg",500,280,true],"medium":["https:\/\/arantv.az\/wp-content\/uploads\/2021\/12\/aa46478c-9451-4d37-b1ca-26af268546d0-548x365.jpg",548,365,true],"large":["https:\/\/arantv.az\/wp-content\/uploads\/2021\/12\/aa46478c-9451-4d37-b1ca-26af268546d0.jpg",620,413,false],"1536x1536":["https:\/\/arantv.az\/wp-content\/uploads\/2021\/12\/aa46478c-9451-4d37-b1ca-26af268546d0.jpg",620,413,false],"2048x2048":["https:\/\/arantv.az\/wp-content\/uploads\/2021\/12\/aa46478c-9451-4d37-b1ca-26af268546d0.jpg",620,413,false],"post-thumbnail":["https:\/\/arantv.az\/wp-content\/uploads\/2021\/12\/aa46478c-9451-4d37-b1ca-26af268546d0-240x172.jpg",240,172,true],"advps-thumb-one":["https:\/\/arantv.az\/wp-content\/uploads\/2021\/12\/aa46478c-9451-4d37-b1ca-26af268546d0.jpg",620,413,false]},"rttpg_author":{"display_name":"V\u00fcsal Rafiqo\u011flu","author_link":"https:\/\/arantv.az\/?author=2"},"rttpg_comment":0,"rttpg_category":"<a href=\"https:\/\/arantv.az\/?cat=26\" rel=\"category\">Sosial<\/a>","rttpg_excerpt":"D\u00fcnyan\u0131n m\u00fcxt\u0259lif \u00f6lk\u0259l\u0259rind\u0259 ya\u015fayan soyda\u015flar\u0131m\u0131z\u0131n i\u015ftirak\u0131 il\u0259 31 dekabr \u2013 D\u00fcnya Az\u0259rbaycanl\u0131lar\u0131n\u0131n H\u0259mr\u0259ylik G\u00fcn\u00fcn\u0259 h\u0259sr olunmu\u015f video\u00e7arx haz\u0131rlan\u0131b. Diasporla \u0130\u015f \u00fczr\u0259 D\u00f6vl\u0259t Komit\u0259sinin v\u0259 Az\u0259rbaycan Diasporuna D\u0259st\u0259k Fondunun d\u0259st\u0259yi il\u0259 \u0259rs\u0259y\u0259 g\u0259l\u0259n video\u00e7arxda h\u0259mv\u0259t\u0259nl\u0259rimiz ya\u015fad\u0131qlar\u0131 \u00f6lk\u0259l\u0259rd\u0259n Az\u0259rbaycan\u0131n D\u00f6vl\u0259t Himnini s\u0259sl\u0259ndirm\u0259kl\u0259 xalq\u0131m\u0131za t\u0259brikl\u0259rini \u00e7atd\u0131r\u0131blar, birlik v\u0259 h\u0259mr\u0259ylikl\u0259rini n\u00fcmayi\u015f etdiribl\u0259r. Video\u00e7arx\u0131n b\u0259dii hiss\u0259si AB\u015e-\u0131n Nyu York \u015f\u0259h\u0259rind\u0259&hellip;","_links":{"self":[{"href":"https:\/\/arantv.az\/index.php?rest_route=\/wp\/v2\/posts\/421715"}],"collection":[{"href":"https:\/\/arantv.az\/index.php?rest_route=\/wp\/v2\/posts"}],"about":[{"href":"https:\/\/arantv.az\/index.php?rest_route=\/wp\/v2\/types\/post"}],"author":[{"embeddable":true,"href":"https:\/\/arantv.az\/index.php?rest_route=\/wp\/v2\/users\/2"}],"replies":[{"embeddable":true,"href":"https:\/\/arantv.az\/index.php?rest_route=%2Fwp%2Fv2%2Fcomments&post=421715"}],"version-history":[{"count":0,"href":"https:\/\/arantv.az\/index.php?rest_route=\/wp\/v2\/posts\/421715\/revisions"}],"wp:featuredmedia":[{"embeddable":true,"href":"https:\/\/arantv.az\/index.php?rest_route=\/wp\/v2\/media\/421716"}],"wp:attachment":[{"href":"https:\/\/arantv.az\/index.php?rest_route=%2Fwp%2Fv2%2Fmedia&parent=421715"}],"wp:term":[{"taxonomy":"category","embeddable":true,"href":"https:\/\/arantv.az\/index.php?rest_route=%2Fwp%2Fv2%2Fcategories&post=421715"},{"taxonomy":"post_tag","embeddable":true,"href":"https:\/\/arantv.az\/index.php?rest_route=%2Fwp%2Fv2%2Ftags&post=421715"}],"curies":[{"name":"wp","href":"https:\/\/api.w.org\/{rel}","templated":true}]}}