{"id":421747,"date":"2021-12-31T15:50:29","date_gmt":"2021-12-31T12:50:29","guid":{"rendered":"http:\/\/arantv.az\/?p=421747"},"modified":"2021-12-31T15:50:29","modified_gmt":"2021-12-31T12:50:29","slug":"quru-qosunlarin-komandani-h%c9%99rbi-hiss%c9%99l%c9%99ri-ziyar%c9%99t-edib-foto","status":"publish","type":"post","link":"https:\/\/arantv.az\/?p=421747","title":{"rendered":"Quru Qo\u015funlar\u0131n Komandan\u0131 h\u0259rbi hiss\u0259l\u0259ri ziyar\u0259t edib &#8211; FOTO"},"content":{"rendered":"<p>M\u00fcdafi\u0259 nazirinin tap\u015f\u0131r\u0131\u011f\u0131na \u0259sas\u0259n m\u00fcdafi\u0259 nazirinin m\u00fcavini \u2013 Quru Qo\u015funlar\u0131n komandan\u0131 general-leytenant \u018fnv\u0259r \u018ff\u0259ndiyev bayramlar m\u00fcnasib\u0259til\u0259 komandanl\u0131\u011f\u0131n tabeliyind\u0259ki h\u0259rbi hiss\u0259l\u0259rd\u0259 olub.<\/p>\n<p>Bu bar\u0259d\u0259 M\u00fcdafi\u0259 Nazirliyi m\u0259lumat yay\u0131b.<\/p>\n<div class=\"AdviadNativeVideo\"><\/div>\n<p>Bildirilib ki, nazir m\u00fcavini \u015f\u0259xsi hey\u0259tin sosial-m\u0259i\u015f\u0259t v\u0259 xidm\u0259t \u015f\u0259raiti il\u0259 maraqlan\u0131b.<\/p>\n<p>D\u00fcnya Az\u0259rbaycanl\u0131lar\u0131n\u0131n H\u0259mr\u0259yliyi G\u00fcn\u00fc v\u0259 Yeni il bayram\u0131 m\u00fcnasib\u0259til\u0259 m\u00fcdafi\u0259 nazirinin t\u0259briki \u015f\u0259xsi hey\u0259t\u0259 \u00e7atd\u0131r\u0131l\u0131b.<\/p>\n<p>General-leytenant \u018f.\u018ff\u0259ndiyev x\u00fcsusil\u0259 bayram g\u00fcnl\u0259rind\u0259 ay\u0131q-say\u0131ql\u0131\u011f\u0131n art\u0131r\u0131lmas\u0131, d\u00f6y\u00fc\u015f n\u00f6vb\u0259t\u00e7iliyinin v\u0259 qo\u015fun xidm\u0259tinin t\u0259\u015fkili, \u015f\u0259xsi hey\u0259tin d\u00f6y\u00fc\u015f qabiliyy\u0259tinin daha da y\u00fcks\u0259ldilm\u0259si il\u0259 ba\u011fl\u0131 m\u00fcvafiq tap\u015f\u0131r\u0131qlar verib.<\/p>\n<p>Sonda h\u0259rbi qulluq\u00e7ulara bayram sovqatlar\u0131 t\u0259qdim edilib v\u0259 h\u0259rbi xidm\u0259td\u0259 f\u0259rql\u0259n\u0259nl\u0259r t\u0259ltif olunub.<\/p>\n<p>&nbsp;<\/p>\n<div class=\"gallery\">\n<div class=\"gallery-i\"><img src=\"https:\/\/cdn.oxu.az\/uploads\/W1siZiIsIjIwMjEvMTIvMzEvMTYvMjQvMTAvMTA5YTU0YTgtZjhhZS00YzFkLTk2MTEtYmMxMzE4Y2M1OGYwL2NjZjdjMjQ4MjZkOGRmNzM1ZmFjMTI1ODdjMTA4YjIzLmpwZyJdLFsicCIsImVuY29kZSIsImpwZyIsIi1xdWFsaXR5IDgwIl0sWyJwIiwidGh1bWIiLCI1OTB4NTkwXHUwMDNlIl1d?sha=aeaf8dce53f4cdaf\" alt=\"\" \/><\/p>\n<div class=\"gallery-i-caption\"><\/div>\n<\/div>\n<div class=\"gallery-i\"><img src=\"https:\/\/cdn.oxu.az\/uploads\/W1siZiIsIjIwMjEvMTIvMzEvMTYvMjQvMTAvYzdiYmVlODYtZjY2MC00ODc5LThlMTEtNjViMjUyOWRhOTZmL2U0NmFlMjYwZmEwYzdmYjBlYTAxZDY5OGQ5ZjFiZTUzLmpwZyJdLFsicCIsImVuY29kZSIsImpwZyIsIi1xdWFsaXR5IDgwIl0sWyJwIiwidGh1bWIiLCI1OTB4NTkwXHUwMDNlIl1d?sha=d8b671e45bde26d2\" alt=\"\" \/><\/p>\n<div class=\"gallery-i-caption\"><\/div>\n<\/div>\n<div class=\"gallery-i\"><img src=\"https:\/\/cdn.oxu.az\/uploads\/W1siZiIsIjIwMjEvMTIvMzEvMTYvMjQvMTAvZjk5ZjM4NDEtNzM4My00NDk2LTgwYmEtYjNjYWIxNDc4MmE2LzA0ZjlkOTYzZDljN2RmNTM2OWY2Mjk3NWNhYWZkMGE1LmpwZyJdLFsicCIsImVuY29kZSIsImpwZyIsIi1xdWFsaXR5IDgwIl0sWyJwIiwidGh1bWIiLCI1OTB4NTkwXHUwMDNlIl1d?sha=4e7fcf4b57adbafa\" alt=\"\" \/><\/p>\n<div class=\"gallery-i-caption\"><\/div>\n<\/div>\n<div class=\"gallery-i\"><img src=\"https:\/\/cdn.oxu.az\/uploads\/W1siZiIsIjIwMjEvMTIvMzEvMTYvMjQvMTAvMzQ2ODNiMGUtMDliOS00NTEzLWI5MjMtYTIyYWUwNGEzM2M0L2E5ODI2MDEwNmJiZTUwZDJhY2IzYzJhNWJlNTUwZWI2LmpwZyJdLFsicCIsImVuY29kZSIsImpwZyIsIi1xdWFsaXR5IDgwIl0sWyJwIiwidGh1bWIiLCI1OTB4NTkwXHUwMDNlIl1d?sha=6a18209aebba3f83\" alt=\"\" \/><\/div>\n<\/div>\n","protected":false},"excerpt":{"rendered":"<p>M\u00fcdafi\u0259 nazirinin tap\u015f\u0131r\u0131\u011f\u0131na \u0259sas\u0259n m\u00fcdafi\u0259 nazirinin m\u00fcavini \u2013 Quru Qo\u015funlar\u0131n komandan\u0131 general-leytenant \u018fnv\u0259r \u018ff\u0259ndiyev bayramlar m\u00fcnasib\u0259til\u0259 komandanl\u0131\u011f\u0131n tabeliyind\u0259ki h\u0259rbi hiss\u0259l\u0259rd\u0259 olub. Bu bar\u0259d\u0259 M\u00fcdafi\u0259 Nazirliyi m\u0259lumat yay\u0131b. Bildirilib ki, nazir m\u00fcavini \u015f\u0259xsi hey\u0259tin sosial-m\u0259i\u015f\u0259t v\u0259 xidm\u0259t \u015f\u0259raiti il\u0259 maraqlan\u0131b. D\u00fcnya Az\u0259rbaycanl\u0131lar\u0131n\u0131n H\u0259mr\u0259yliyi G\u00fcn\u00fc v\u0259 Yeni il bayram\u0131 m\u00fcnasib\u0259til\u0259 m\u00fcdafi\u0259 nazirinin t\u0259briki \u015f\u0259xsi hey\u0259t\u0259 \u00e7atd\u0131r\u0131l\u0131b. General-leytenant \u018f.\u018ff\u0259ndiyev x\u00fcsusil\u0259 bayram g\u00fcnl\u0259rind\u0259 ay\u0131q-say\u0131ql\u0131\u011f\u0131n art\u0131r\u0131lmas\u0131, d\u00f6y\u00fc\u015f n\u00f6vb\u0259t\u00e7iliyinin v\u0259 qo\u015fun xidm\u0259tinin t\u0259\u015fkili, \u015f\u0259xsi hey\u0259tin d\u00f6y\u00fc\u015f qabiliyy\u0259tinin daha da y\u00fcks\u0259ldilm\u0259si il\u0259 ba\u011fl\u0131 m\u00fcvafiq tap\u015f\u0131r\u0131qlar verib. Sonda h\u0259rbi qulluq\u00e7ulara bayram sovqatlar\u0131 t\u0259qdim edilib v\u0259 h\u0259rbi xidm\u0259td\u0259 f\u0259rql\u0259n\u0259nl\u0259r&hellip;<\/p>\n","protected":false},"author":2,"featured_media":421748,"comment_status":"closed","ping_status":"closed","sticky":false,"template":"","format":"standard","meta":{"om_disable_all_campaigns":false,"_monsterinsights_skip_tracking":false,"_monsterinsights_sitenote_active":false,"_monsterinsights_sitenote_note":"","_monsterinsights_sitenote_category":0},"categories":[10],"tags":[],"aioseo_notices":[],"gutentor_comment":0,"rttpg_featured_image_url":{"full":["https:\/\/arantv.az\/wp-content\/uploads\/2021\/12\/ac980c18-f6f6-4f6e-bdeb-4f04ed630160.jpg",620,413,false],"landscape":["https:\/\/arantv.az\/wp-content\/uploads\/2021\/12\/ac980c18-f6f6-4f6e-bdeb-4f04ed630160.jpg",620,413,false],"portraits":["https:\/\/arantv.az\/wp-content\/uploads\/2021\/12\/ac980c18-f6f6-4f6e-bdeb-4f04ed630160.jpg",620,413,false],"thumbnail":["https:\/\/arantv.az\/wp-content\/uploads\/2021\/12\/ac980c18-f6f6-4f6e-bdeb-4f04ed630160-500x280.jpg",500,280,true],"medium":["https:\/\/arantv.az\/wp-content\/uploads\/2021\/12\/ac980c18-f6f6-4f6e-bdeb-4f04ed630160-548x365.jpg",548,365,true],"large":["https:\/\/arantv.az\/wp-content\/uploads\/2021\/12\/ac980c18-f6f6-4f6e-bdeb-4f04ed630160.jpg",620,413,false],"1536x1536":["https:\/\/arantv.az\/wp-content\/uploads\/2021\/12\/ac980c18-f6f6-4f6e-bdeb-4f04ed630160.jpg",620,413,false],"2048x2048":["https:\/\/arantv.az\/wp-content\/uploads\/2021\/12\/ac980c18-f6f6-4f6e-bdeb-4f04ed630160.jpg",620,413,false],"post-thumbnail":["https:\/\/arantv.az\/wp-content\/uploads\/2021\/12\/ac980c18-f6f6-4f6e-bdeb-4f04ed630160-240x172.jpg",240,172,true],"advps-thumb-one":["https:\/\/arantv.az\/wp-content\/uploads\/2021\/12\/ac980c18-f6f6-4f6e-bdeb-4f04ed630160.jpg",620,413,false]},"rttpg_author":{"display_name":"V\u00fcsal Rafiqo\u011flu","author_link":"https:\/\/arantv.az\/?author=2"},"rttpg_comment":0,"rttpg_category":"<a href=\"https:\/\/arantv.az\/?cat=10\" rel=\"category\">C\u0259bh\u0259d\u0259n X\u0259b\u0259r<\/a>","rttpg_excerpt":"M\u00fcdafi\u0259 nazirinin tap\u015f\u0131r\u0131\u011f\u0131na \u0259sas\u0259n m\u00fcdafi\u0259 nazirinin m\u00fcavini \u2013 Quru Qo\u015funlar\u0131n komandan\u0131 general-leytenant \u018fnv\u0259r \u018ff\u0259ndiyev bayramlar m\u00fcnasib\u0259til\u0259 komandanl\u0131\u011f\u0131n tabeliyind\u0259ki h\u0259rbi hiss\u0259l\u0259rd\u0259 olub. Bu bar\u0259d\u0259 M\u00fcdafi\u0259 Nazirliyi m\u0259lumat yay\u0131b. Bildirilib ki, nazir m\u00fcavini \u015f\u0259xsi hey\u0259tin sosial-m\u0259i\u015f\u0259t v\u0259 xidm\u0259t \u015f\u0259raiti il\u0259 maraqlan\u0131b. D\u00fcnya Az\u0259rbaycanl\u0131lar\u0131n\u0131n H\u0259mr\u0259yliyi G\u00fcn\u00fc v\u0259 Yeni il bayram\u0131 m\u00fcnasib\u0259til\u0259 m\u00fcdafi\u0259 nazirinin t\u0259briki \u015f\u0259xsi hey\u0259t\u0259 \u00e7atd\u0131r\u0131l\u0131b. General-leytenant&hellip;","_links":{"self":[{"href":"https:\/\/arantv.az\/index.php?rest_route=\/wp\/v2\/posts\/421747"}],"collection":[{"href":"https:\/\/arantv.az\/index.php?rest_route=\/wp\/v2\/posts"}],"about":[{"href":"https:\/\/arantv.az\/index.php?rest_route=\/wp\/v2\/types\/post"}],"author":[{"embeddable":true,"href":"https:\/\/arantv.az\/index.php?rest_route=\/wp\/v2\/users\/2"}],"replies":[{"embeddable":true,"href":"https:\/\/arantv.az\/index.php?rest_route=%2Fwp%2Fv2%2Fcomments&post=421747"}],"version-history":[{"count":0,"href":"https:\/\/arantv.az\/index.php?rest_route=\/wp\/v2\/posts\/421747\/revisions"}],"wp:featuredmedia":[{"embeddable":true,"href":"https:\/\/arantv.az\/index.php?rest_route=\/wp\/v2\/media\/421748"}],"wp:attachment":[{"href":"https:\/\/arantv.az\/index.php?rest_route=%2Fwp%2Fv2%2Fmedia&parent=421747"}],"wp:term":[{"taxonomy":"category","embeddable":true,"href":"https:\/\/arantv.az\/index.php?rest_route=%2Fwp%2Fv2%2Fcategories&post=421747"},{"taxonomy":"post_tag","embeddable":true,"href":"https:\/\/arantv.az\/index.php?rest_route=%2Fwp%2Fv2%2Ftags&post=421747"}],"curies":[{"name":"wp","href":"https:\/\/api.w.org\/{rel}","templated":true}]}}