{"id":421765,"date":"2021-12-31T16:45:46","date_gmt":"2021-12-31T13:45:46","guid":{"rendered":"http:\/\/arantv.az\/?p=421765"},"modified":"2021-12-31T16:45:46","modified_gmt":"2021-12-31T13:45:46","slug":"qazaxistanda-f%c9%99aliyy%c9%99t-gost%c9%99r%c9%99n-bas-redaktor-az%c9%99rbaycan-prezidentini-t%c9%99brik-edib","status":"publish","type":"post","link":"https:\/\/arantv.az\/?p=421765","title":{"rendered":"Qazax\u0131standa f\u0259aliyy\u0259t g\u00f6st\u0259r\u0259n ba\u015f redaktor Az\u0259rbaycan Prezidentini t\u0259brik edib"},"content":{"rendered":"<p>Qazax\u0131standa f\u0259aliyy\u0259t g\u00f6st\u0259r\u0259n \u201cAx\u0131ska\u201d q\u0259zetinin v\u0259 \u201cT\u00fcrk Birliyi\u201d jurnal\u0131n\u0131n ba\u015f redaktoru R\u00f6v\u015f\u0259n M\u0259mm\u0259do\u011flu Az\u0259rbaycan Respublikas\u0131n\u0131n Prezidenti \u0130lham \u018fliyev\u0259 t\u0259brik \u00fcnvanlay\u0131b.<\/p>\n<p><strong>ARANTV.AZ\u00a0<\/strong> x\u0259b\u0259r verir ki, m\u0259ktubda qeyd edilib:<\/p>\n<p>C\u0259nab Prezident,<\/p>\n<p>Sizi 60 illik yubileyiniz m\u00fcnasib\u0259til\u0259 s\u0259mimi-q\u0259lbd\u0259n t\u0259brik edir\u0259m.<\/p>\n<p>Az\u0259rbaycan xalq\u0131 \u015fansl\u0131 xalqd\u0131r ki, onun Sizin kimi lideri, Ali Ba\u015f Komandan\u0131 var. Xo\u015fb\u0259xt xalqd\u0131r ki, 30 il i\u015f\u011fal alt\u0131nda qalm\u0131\u015f V\u0259t\u0259n torpaqlar\u0131 Sizin r\u0259hb\u0259rliyinizl\u0259 azad edildi.<\/p>\n<p>\u201cAx\u0131ska\u201d q\u0259zeti v\u0259 \u201cT\u00fcrk Birliyi\u201d jurnal\u0131 h\u0259r zaman Az\u0259rbaycan\u0131n haqq s\u0259sini d\u00fcnyaya \u00e7atd\u0131rma\u011fa \u00e7al\u0131\u015f\u0131b. V\u0259t\u0259n m\u00fcharib\u0259si d\u00f6vr\u00fcnd\u0259 v\u0259 ondan sonra bu istiqam\u0259td\u0259 f\u0259aliyy\u0259timizi daha da geni\u015fl\u0259ndirdik. \u201cQaraba\u011f Az\u0259rbaycand\u0131r!\u201d adl\u0131 jurnal\u0131n x\u00fcsusi burax\u0131l\u0131\u015f\u0131n\u0131 t\u00fcrk, rus v\u0259 ingilis dill\u0259rind\u0259 yayd\u0131q.<\/p>\n<p>\u018fziz Prezident, Siz\u0259 uzun \u00f6m\u00fcr, cansa\u011fl\u0131\u011f\u0131, xo\u015fb\u0259xtlik, f\u0259aliyy\u0259tind\u0259 m\u00fcv\u0259ff\u0259qiyy\u0259tl\u0259r arzulay\u0131ram.<\/p>\n","protected":false},"excerpt":{"rendered":"<p>Qazax\u0131standa f\u0259aliyy\u0259t g\u00f6st\u0259r\u0259n \u201cAx\u0131ska\u201d q\u0259zetinin v\u0259 \u201cT\u00fcrk Birliyi\u201d jurnal\u0131n\u0131n ba\u015f redaktoru R\u00f6v\u015f\u0259n M\u0259mm\u0259do\u011flu Az\u0259rbaycan Respublikas\u0131n\u0131n Prezidenti \u0130lham \u018fliyev\u0259 t\u0259brik \u00fcnvanlay\u0131b. ARANTV.AZ\u00a0 x\u0259b\u0259r verir ki, m\u0259ktubda qeyd edilib: C\u0259nab Prezident, Sizi 60 illik yubileyiniz m\u00fcnasib\u0259til\u0259 s\u0259mimi-q\u0259lbd\u0259n t\u0259brik edir\u0259m. Az\u0259rbaycan xalq\u0131 \u015fansl\u0131 xalqd\u0131r ki, onun Sizin kimi lideri, Ali Ba\u015f Komandan\u0131 var. Xo\u015fb\u0259xt xalqd\u0131r ki, 30 il i\u015f\u011fal alt\u0131nda qalm\u0131\u015f V\u0259t\u0259n torpaqlar\u0131 Sizin r\u0259hb\u0259rliyinizl\u0259 azad edildi. \u201cAx\u0131ska\u201d q\u0259zeti v\u0259 \u201cT\u00fcrk Birliyi\u201d jurnal\u0131 h\u0259r zaman Az\u0259rbaycan\u0131n haqq s\u0259sini d\u00fcnyaya \u00e7atd\u0131rma\u011fa \u00e7al\u0131\u015f\u0131b. V\u0259t\u0259n m\u00fcharib\u0259si d\u00f6vr\u00fcnd\u0259 v\u0259 ondan sonra bu istiqam\u0259td\u0259 f\u0259aliyy\u0259timizi daha da geni\u015fl\u0259ndirdik.&hellip;<\/p>\n","protected":false},"author":2,"featured_media":421766,"comment_status":"closed","ping_status":"closed","sticky":false,"template":"","format":"standard","meta":{"om_disable_all_campaigns":false,"_monsterinsights_skip_tracking":false,"_monsterinsights_sitenote_active":false,"_monsterinsights_sitenote_note":"","_monsterinsights_sitenote_category":0},"categories":[4],"tags":[],"aioseo_notices":[],"gutentor_comment":0,"rttpg_featured_image_url":{"full":["https:\/\/arantv.az\/wp-content\/uploads\/2021\/12\/c90070e1160944587511941945410238910-2.jpg",975,540,false],"landscape":["https:\/\/arantv.az\/wp-content\/uploads\/2021\/12\/c90070e1160944587511941945410238910-2.jpg",975,540,false],"portraits":["https:\/\/arantv.az\/wp-content\/uploads\/2021\/12\/c90070e1160944587511941945410238910-2.jpg",975,540,false],"thumbnail":["https:\/\/arantv.az\/wp-content\/uploads\/2021\/12\/c90070e1160944587511941945410238910-2-500x280.jpg",500,280,true],"medium":["https:\/\/arantv.az\/wp-content\/uploads\/2021\/12\/c90070e1160944587511941945410238910-2-660x365.jpg",660,365,true],"large":["https:\/\/arantv.az\/wp-content\/uploads\/2021\/12\/c90070e1160944587511941945410238910-2-840x465.jpg",640,354,true],"1536x1536":["https:\/\/arantv.az\/wp-content\/uploads\/2021\/12\/c90070e1160944587511941945410238910-2.jpg",975,540,false],"2048x2048":["https:\/\/arantv.az\/wp-content\/uploads\/2021\/12\/c90070e1160944587511941945410238910-2.jpg",975,540,false],"post-thumbnail":["https:\/\/arantv.az\/wp-content\/uploads\/2021\/12\/c90070e1160944587511941945410238910-2-240x172.jpg",240,172,true],"advps-thumb-one":["https:\/\/arantv.az\/wp-content\/uploads\/2021\/12\/c90070e1160944587511941945410238910-2.jpg",975,540,false]},"rttpg_author":{"display_name":"V\u00fcsal Rafiqo\u011flu","author_link":"https:\/\/arantv.az\/?author=2"},"rttpg_comment":0,"rttpg_category":"<a href=\"https:\/\/arantv.az\/?cat=4\" rel=\"category\">Siyas\u0259t<\/a>","rttpg_excerpt":"Qazax\u0131standa f\u0259aliyy\u0259t g\u00f6st\u0259r\u0259n \u201cAx\u0131ska\u201d q\u0259zetinin v\u0259 \u201cT\u00fcrk Birliyi\u201d jurnal\u0131n\u0131n ba\u015f redaktoru R\u00f6v\u015f\u0259n M\u0259mm\u0259do\u011flu Az\u0259rbaycan Respublikas\u0131n\u0131n Prezidenti \u0130lham \u018fliyev\u0259 t\u0259brik \u00fcnvanlay\u0131b. ARANTV.AZ\u00a0 x\u0259b\u0259r verir ki, m\u0259ktubda qeyd edilib: C\u0259nab Prezident, Sizi 60 illik yubileyiniz m\u00fcnasib\u0259til\u0259 s\u0259mimi-q\u0259lbd\u0259n t\u0259brik edir\u0259m. Az\u0259rbaycan xalq\u0131 \u015fansl\u0131 xalqd\u0131r ki, onun Sizin kimi lideri, Ali Ba\u015f Komandan\u0131 var. Xo\u015fb\u0259xt xalqd\u0131r ki, 30 il&hellip;","_links":{"self":[{"href":"https:\/\/arantv.az\/index.php?rest_route=\/wp\/v2\/posts\/421765"}],"collection":[{"href":"https:\/\/arantv.az\/index.php?rest_route=\/wp\/v2\/posts"}],"about":[{"href":"https:\/\/arantv.az\/index.php?rest_route=\/wp\/v2\/types\/post"}],"author":[{"embeddable":true,"href":"https:\/\/arantv.az\/index.php?rest_route=\/wp\/v2\/users\/2"}],"replies":[{"embeddable":true,"href":"https:\/\/arantv.az\/index.php?rest_route=%2Fwp%2Fv2%2Fcomments&post=421765"}],"version-history":[{"count":0,"href":"https:\/\/arantv.az\/index.php?rest_route=\/wp\/v2\/posts\/421765\/revisions"}],"wp:featuredmedia":[{"embeddable":true,"href":"https:\/\/arantv.az\/index.php?rest_route=\/wp\/v2\/media\/421766"}],"wp:attachment":[{"href":"https:\/\/arantv.az\/index.php?rest_route=%2Fwp%2Fv2%2Fmedia&parent=421765"}],"wp:term":[{"taxonomy":"category","embeddable":true,"href":"https:\/\/arantv.az\/index.php?rest_route=%2Fwp%2Fv2%2Fcategories&post=421765"},{"taxonomy":"post_tag","embeddable":true,"href":"https:\/\/arantv.az\/index.php?rest_route=%2Fwp%2Fv2%2Ftags&post=421765"}],"curies":[{"name":"wp","href":"https:\/\/api.w.org\/{rel}","templated":true}]}}