{"id":421768,"date":"2021-12-31T16:46:58","date_gmt":"2021-12-31T13:46:58","guid":{"rendered":"http:\/\/arantv.az\/?p=421768"},"modified":"2021-12-31T16:46:58","modified_gmt":"2021-12-31T13:46:58","slug":"anders-opedaldan-az%c9%99rbaycan-bizim-on%c9%99mli-beyn%c9%99lxalq-t%c9%99r%c9%99fdasimizdir","status":"publish","type":"post","link":"https:\/\/arantv.az\/?p=421768","title":{"rendered":"Anders Opedaldan: Az\u0259rbaycan bizim \u00f6n\u0259mli beyn\u0259lxalq t\u0259r\u0259fda\u015f\u0131m\u0131zd\u0131r"},"content":{"rendered":"<p>Norve\u00e7in \u201cEquinor\u201d \u015firk\u0259tinin prezidenti v\u0259 Ba\u015f icra\u00e7\u0131 direktoru Anders Opedal Az\u0259rbaycan Respublikas\u0131n\u0131n Prezidenti \u0130lham \u018fliyev\u0259 t\u0259brik \u00fcnvanlay\u0131b.<\/p>\n<p><strong>ARANTV.AZ<\/strong> x\u0259b\u0259r verir ki, m\u0259ktubda qeyd edilir:<\/p>\n<p>Zati-alil\u0259ri,<\/p>\n<p>Sizi \u201cEquinor\u201d \u015firk\u0259ti ad\u0131ndan 60 illik yubileyiniz m\u00fcnasib\u0259til\u0259 t\u0259brik edir, Zati-aliniz\u0259 cansa\u011fl\u0131\u011f\u0131 v\u0259 xo\u015fb\u0259xtlik, dost Az\u0259rbaycana t\u0259r\u0259qqi v\u0259 firavanl\u0131q arzulay\u0131ram.<\/p>\n<p>\u201cEquinor\u201d \u015firk\u0259ti Az\u0259rbaycan il\u0259 enerji sektorunda \u0259m\u0259kda\u015fl\u0131qdan q\u00fcrur duyur. Az\u0259rbaycan bizim \u00f6n\u0259mli beyn\u0259lxalq t\u0259r\u0259fda\u015f\u0131m\u0131zd\u0131r. Biz qar\u015f\u0131dak\u0131 ill\u0259rd\u0259 \u0259m\u0259kda\u015fl\u0131\u011f\u0131m\u0131z\u0131 davam etdirm\u0259y\u0259 \u00fcmidvar\u0131q.<\/p>\n<p>C\u0259nab Prezident, f\u00fcrs\u0259td\u0259n istifad\u0259 ed\u0259r\u0259k, Sizi D\u00fcnya Az\u0259rbaycanl\u0131lar\u0131n\u0131n H\u0259mr\u0259yliyi G\u00fcn\u00fc v\u0259 Yeni il m\u00fcnasib\u0259til\u0259 d\u0259 t\u0259brik edir, Siz\u0259, ail\u0259niz\u0259 v\u0259 Az\u0259rbaycan xalq\u0131na \u0259n xo\u015f arzular\u0131m\u0131 \u00e7atd\u0131r\u0131ram.<\/p>\n","protected":false},"excerpt":{"rendered":"<p>Norve\u00e7in \u201cEquinor\u201d \u015firk\u0259tinin prezidenti v\u0259 Ba\u015f icra\u00e7\u0131 direktoru Anders Opedal Az\u0259rbaycan Respublikas\u0131n\u0131n Prezidenti \u0130lham \u018fliyev\u0259 t\u0259brik \u00fcnvanlay\u0131b. ARANTV.AZ x\u0259b\u0259r verir ki, m\u0259ktubda qeyd edilir: Zati-alil\u0259ri, Sizi \u201cEquinor\u201d \u015firk\u0259ti ad\u0131ndan 60 illik yubileyiniz m\u00fcnasib\u0259til\u0259 t\u0259brik edir, Zati-aliniz\u0259 cansa\u011fl\u0131\u011f\u0131 v\u0259 xo\u015fb\u0259xtlik, dost Az\u0259rbaycana t\u0259r\u0259qqi v\u0259 firavanl\u0131q arzulay\u0131ram. \u201cEquinor\u201d \u015firk\u0259ti Az\u0259rbaycan il\u0259 enerji sektorunda \u0259m\u0259kda\u015fl\u0131qdan q\u00fcrur duyur. Az\u0259rbaycan bizim \u00f6n\u0259mli beyn\u0259lxalq t\u0259r\u0259fda\u015f\u0131m\u0131zd\u0131r. Biz qar\u015f\u0131dak\u0131 ill\u0259rd\u0259 \u0259m\u0259kda\u015fl\u0131\u011f\u0131m\u0131z\u0131 davam etdirm\u0259y\u0259 \u00fcmidvar\u0131q. C\u0259nab Prezident, f\u00fcrs\u0259td\u0259n istifad\u0259 ed\u0259r\u0259k, Sizi D\u00fcnya Az\u0259rbaycanl\u0131lar\u0131n\u0131n H\u0259mr\u0259yliyi G\u00fcn\u00fc v\u0259 Yeni il m\u00fcnasib\u0259til\u0259 d\u0259 t\u0259brik edir, Siz\u0259, ail\u0259niz\u0259 v\u0259 Az\u0259rbaycan xalq\u0131na \u0259n xo\u015f&hellip;<\/p>\n","protected":false},"author":2,"featured_media":421769,"comment_status":"closed","ping_status":"closed","sticky":false,"template":"","format":"standard","meta":{"om_disable_all_campaigns":false,"_monsterinsights_skip_tracking":false,"_monsterinsights_sitenote_active":false,"_monsterinsights_sitenote_note":"","_monsterinsights_sitenote_category":0},"categories":[4],"tags":[],"aioseo_notices":[],"gutentor_comment":0,"rttpg_featured_image_url":{"full":["https:\/\/arantv.az\/wp-content\/uploads\/2021\/12\/488e4104162651257436873681910218592-1.jpg",975,540,false],"landscape":["https:\/\/arantv.az\/wp-content\/uploads\/2021\/12\/488e4104162651257436873681910218592-1.jpg",975,540,false],"portraits":["https:\/\/arantv.az\/wp-content\/uploads\/2021\/12\/488e4104162651257436873681910218592-1.jpg",975,540,false],"thumbnail":["https:\/\/arantv.az\/wp-content\/uploads\/2021\/12\/488e4104162651257436873681910218592-1-500x280.jpg",500,280,true],"medium":["https:\/\/arantv.az\/wp-content\/uploads\/2021\/12\/488e4104162651257436873681910218592-1-660x365.jpg",660,365,true],"large":["https:\/\/arantv.az\/wp-content\/uploads\/2021\/12\/488e4104162651257436873681910218592-1-840x465.jpg",640,354,true],"1536x1536":["https:\/\/arantv.az\/wp-content\/uploads\/2021\/12\/488e4104162651257436873681910218592-1.jpg",975,540,false],"2048x2048":["https:\/\/arantv.az\/wp-content\/uploads\/2021\/12\/488e4104162651257436873681910218592-1.jpg",975,540,false],"post-thumbnail":["https:\/\/arantv.az\/wp-content\/uploads\/2021\/12\/488e4104162651257436873681910218592-1-240x172.jpg",240,172,true],"advps-thumb-one":["https:\/\/arantv.az\/wp-content\/uploads\/2021\/12\/488e4104162651257436873681910218592-1.jpg",975,540,false]},"rttpg_author":{"display_name":"V\u00fcsal Rafiqo\u011flu","author_link":"https:\/\/arantv.az\/?author=2"},"rttpg_comment":0,"rttpg_category":"<a href=\"https:\/\/arantv.az\/?cat=4\" rel=\"category\">Siyas\u0259t<\/a>","rttpg_excerpt":"Norve\u00e7in \u201cEquinor\u201d \u015firk\u0259tinin prezidenti v\u0259 Ba\u015f icra\u00e7\u0131 direktoru Anders Opedal Az\u0259rbaycan Respublikas\u0131n\u0131n Prezidenti \u0130lham \u018fliyev\u0259 t\u0259brik \u00fcnvanlay\u0131b. ARANTV.AZ x\u0259b\u0259r verir ki, m\u0259ktubda qeyd edilir: Zati-alil\u0259ri, Sizi \u201cEquinor\u201d \u015firk\u0259ti ad\u0131ndan 60 illik yubileyiniz m\u00fcnasib\u0259til\u0259 t\u0259brik edir, Zati-aliniz\u0259 cansa\u011fl\u0131\u011f\u0131 v\u0259 xo\u015fb\u0259xtlik, dost Az\u0259rbaycana t\u0259r\u0259qqi v\u0259 firavanl\u0131q arzulay\u0131ram. \u201cEquinor\u201d \u015firk\u0259ti Az\u0259rbaycan il\u0259 enerji sektorunda \u0259m\u0259kda\u015fl\u0131qdan q\u00fcrur duyur. Az\u0259rbaycan&hellip;","_links":{"self":[{"href":"https:\/\/arantv.az\/index.php?rest_route=\/wp\/v2\/posts\/421768"}],"collection":[{"href":"https:\/\/arantv.az\/index.php?rest_route=\/wp\/v2\/posts"}],"about":[{"href":"https:\/\/arantv.az\/index.php?rest_route=\/wp\/v2\/types\/post"}],"author":[{"embeddable":true,"href":"https:\/\/arantv.az\/index.php?rest_route=\/wp\/v2\/users\/2"}],"replies":[{"embeddable":true,"href":"https:\/\/arantv.az\/index.php?rest_route=%2Fwp%2Fv2%2Fcomments&post=421768"}],"version-history":[{"count":0,"href":"https:\/\/arantv.az\/index.php?rest_route=\/wp\/v2\/posts\/421768\/revisions"}],"wp:featuredmedia":[{"embeddable":true,"href":"https:\/\/arantv.az\/index.php?rest_route=\/wp\/v2\/media\/421769"}],"wp:attachment":[{"href":"https:\/\/arantv.az\/index.php?rest_route=%2Fwp%2Fv2%2Fmedia&parent=421768"}],"wp:term":[{"taxonomy":"category","embeddable":true,"href":"https:\/\/arantv.az\/index.php?rest_route=%2Fwp%2Fv2%2Fcategories&post=421768"},{"taxonomy":"post_tag","embeddable":true,"href":"https:\/\/arantv.az\/index.php?rest_route=%2Fwp%2Fv2%2Ftags&post=421768"}],"curies":[{"name":"wp","href":"https:\/\/api.w.org\/{rel}","templated":true}]}}