{"id":421771,"date":"2021-12-31T16:48:23","date_gmt":"2021-12-31T13:48:23","guid":{"rendered":"http:\/\/arantv.az\/?p=421771"},"modified":"2021-12-31T16:48:23","modified_gmt":"2021-12-31T13:48:23","slug":"dovl%c9%99t-xalq-ordu-birliyi","status":"publish","type":"post","link":"https:\/\/arantv.az\/?p=421771","title":{"rendered":"D\u00f6vl\u0259t-xalq-ordu birliyi"},"content":{"rendered":"<div class=\"content lead font-weight-normal\">\n<p><strong>Nax\u00e7\u0131van Qarnizonu M\u0259rk\u0259zi Hospital\u0131na bayram sovqat\u0131 apar\u0131l\u0131b<\/strong><\/p>\n<p>\u201cXalq, d\u00f6vl\u0259t orduya \u00fcmid edir, orduya g\u00fcv\u0259nir. Ordu is\u0259 xalq\u0131n, d\u00f6vl\u0259tin d\u0259st\u0259yin\u0259 g\u00fcv\u0259nir\u201d, &#8211; dey\u0259n \u00fcmummilli liderimiz Heyd\u0259r \u018fliyevin Nax\u00e7\u0131vanda \u0259sas\u0131n\u0131 qoydu\u011fu milli h\u0259mr\u0259ylik bu g\u00fcn m\u00fcst\u0259qil Az\u0259rbaycanda inki\u015faf\u0131n v\u0259 sabitliyin \u0259sas t\u0259minat\u0131d\u0131r. D\u00fcnya az\u0259rbaycanl\u0131lar\u0131n\u0131 vahid ideologiya \u0259traf\u0131nda birl\u0259\u015fdir\u0259n h\u0259mr\u0259ylik bayram\u0131 bu g\u00fcn xalq-ordu birliyinin d\u0259 \u0259sas\u0131n\u0131 t\u0259\u015fkil edir. Bunun n\u0259tic\u0259sidir ki, \u00f6lk\u0259 Prezidenti c\u0259nab \u0130lham \u018fliyevin r\u0259hb\u0259rliyi il\u0259 ordumuz V\u0259t\u0259n m\u00fcharib\u0259sind\u0259 tarixi Q\u0259l\u0259b\u0259 qazand\u0131. Nax\u00e7\u0131van Muxtar Respublikas\u0131nda da h\u0259mr\u0259ylik bayram\u0131nda \u0259sg\u0259rl\u0259rl\u0259 g\u00f6r\u00fc\u015fl\u0259rin ke\u00e7irilm\u0259si, sovqatlar\u0131n apar\u0131lmas\u0131 bu birliyin daha bir n\u00fcmun\u0259si kimi m\u00fch\u00fcm \u0259h\u0259miyy\u0259t\u0259 malikdir.<\/p>\n<p>Nax\u00e7\u0131van Muxtar Respublikas\u0131 Ali M\u0259clisinin m\u0259tbuat xidm\u0259tind\u0259n\u00a0dekabr\u0131n 31-d\u0259 &#8211; D\u00fcnya Az\u0259rbaycanl\u0131lar\u0131n\u0131n H\u0259mr\u0259ylik G\u00fcn\u00fcnd\u0259 Nax\u00e7\u0131van Muxtar Respublikas\u0131 Ali M\u0259clisinin S\u0259dri Vasif Tal\u0131bov Nax\u00e7\u0131van Qarnizonu M\u0259rk\u0259zi Hospital\u0131na g\u0259lib, burada m\u00fcalic\u0259 olunan h\u0259rbi qulluq\u00e7ularla g\u00f6r\u00fc\u015f\u00fcb, onlar\u0131n s\u0259hh\u0259ti il\u0259 maraqlan\u0131b.<\/p>\n<p>\u018flahidd\u0259 \u00dcmumqo\u015fun Ordu komandan\u0131, general-polkovnik K\u0259r\u0259m Mustafayev Ali M\u0259clisin S\u0259drin\u0259 raport verib.<\/p>\n<p>Bildirilib ki, bu il \u00f6lk\u0259 Prezidentinin i\u015ftirak\u0131 il\u0259 istifad\u0259y\u0259 veril\u0259n h\u0259rbi hospital regionun \u0259n m\u00fcasir s\u0259hiyy\u0259 oca\u011f\u0131d\u0131r. Hospitalda m\u00fcxt\u0259lif \u015f\u00f6b\u0259 v\u0259 b\u00f6lm\u0259l\u0259rin f\u0259aliyy\u0259t g\u00f6st\u0259rm\u0259si, el\u0259c\u0259 d\u0259 ixtisasl\u0131 h\u0259kiml\u0259rin olmas\u0131, \u0259n son tibbi avadanl\u0131qlarla t\u0259minat x\u0259st\u0259l\u0259rin h\u0259rt\u0259r\u0259fli m\u00fcayin\u0259 v\u0259 m\u00fcalic\u0259sin\u0259 imkan verir. Dig\u0259r bir t\u0259r\u0259fd\u0259n is\u0259 h\u0259rbi hiss\u0259l\u0259rd\u0259 \u015f\u0259xsi hey\u0259tin sa\u011flaml\u0131\u011f\u0131n\u0131n qorunmas\u0131na x\u00fcsusi diqq\u0259t yetirilir, iqlim \u015f\u0259raitin\u0259 uy\u011fun rejim qaydalar\u0131 v\u0259 qidalanma t\u0259tbiq olunur, d\u0259rman vasit\u0259l\u0259ri il\u0259 t\u0259minat v\u0259 ilkin tibbi yard\u0131m diqq\u0259td\u0259 saxlan\u0131l\u0131r. B\u00fct\u00fcn bunlar is\u0259 Nax\u00e7\u0131van Qarnizonu \u00fczr\u0259 \u015f\u0259xsi hey\u0259tin sa\u011flaml\u0131\u011f\u0131n\u0131 etibarl\u0131 qoruma\u011fa imkan verir, x\u0259st\u0259l\u0259rin say\u0131 azal\u0131r.<\/p>\n<p>H\u0259kim Anar \u018fliyev minn\u0259tdarl\u0131q ed\u0259r\u0259k deyib: \u201cBu g\u00fcn m\u00fcasir i\u015f \u015f\u0259raiti yarad\u0131lan hospitalda xidm\u0259t edirik. Yarad\u0131lan \u015f\u0259raitd\u0259n istifad\u0259 ed\u0259r\u0259k h\u0259rbi qulluq\u00e7ular\u0131n sa\u011flaml\u0131\u011f\u0131n\u0131n ke\u015fiyind\u0259 dururuq. D\u00fcnya Az\u0259rbaycanl\u0131lar\u0131n\u0131n H\u0259mr\u0259ylik G\u00fcn\u00fc v\u0259 Yeni il bayram\u0131 m\u00fcnasib\u0259til\u0259 kollektiv ad\u0131ndan t\u0259brikl\u0259rimizi \u00e7atd\u0131r\u0131r v\u0259 \u0259min edirik ki, bundan sonra da s\u0259yl\u0259 \u00e7al\u0131\u015faca\u011f\u0131q\u201d.<\/p>\n<p>Nax\u00e7\u0131van Muxtar Respublikas\u0131 Ali M\u0259clisinin S\u0259dri Vasif Tal\u0131bov \u0259sg\u0259rl\u0259ri v\u0259 tibbi hey\u0259ti D\u00fcnya Az\u0259rbaycanl\u0131lar\u0131n\u0131n H\u0259mr\u0259ylik G\u00fcn\u00fc m\u00fcnasib\u0259til\u0259 t\u0259brik ed\u0259r\u0259k deyib: M\u00fcasir hospitalda \u00e7al\u0131\u015fmaq h\u0259kiml\u0259r\u0259 pe\u015f\u0259l\u0259rini daha yax\u015f\u0131 icra etm\u0259l\u0259rin\u0259 imkan verir. \u018fvv\u0259lki hospitalda tibbi hey\u0259tin f\u0259aliyy\u0259ti \u00fc\u00e7\u00fcn \u00e7\u0259tinlikl\u0259r yaran\u0131rd\u0131. Bu g\u00fcn is\u0259 x\u0259st\u0259l\u0259r\u0259 keyfiyy\u0259tli tibbi xidm\u0259t g\u00f6st\u0259rm\u0259k \u00fc\u00e7\u00fcn b\u00fct\u00fcn \u015f\u0259rait vard\u0131r.<\/p>\n<p>\u018fsg\u0259r Eldar \u0130manov v\u0259 zabit Elbrus Ta\u011f\u0131yev yarad\u0131lan \u015f\u0259rait\u0259 v\u0259 g\u00f6st\u0259ril\u0259n diqq\u0259t\u0259 g\u00f6r\u0259 minn\u0259tdarl\u0131q edibl\u0259r.<\/p>\n<p>Ali M\u0259clisin S\u0259dri yem\u0259kxanada olub, h\u0259rbi qulluq\u00e7ular\u0131n qidalanmas\u0131 il\u0259 maraqlan\u0131b, hospitalda m\u00fclki \u015f\u0259xsl\u0259r \u00fc\u00e7\u00fcn d\u0259 tibbi xidm\u0259tin t\u0259\u015fkili v\u0259 kadr i\u015finin diqq\u0259td\u0259 saxlan\u0131lmas\u0131 bar\u0259d\u0259 tap\u015f\u0131r\u0131qlar verib.<\/p>\n<p>Hospitalda m\u00fcalic\u0259 alan \u0259sg\u0259rl\u0259r\u0259 v\u0259 tibb hey\u0259tin\u0259 bayram h\u0259diyy\u0259l\u0259ri paylan\u0131b, g\u0259tirilmi\u015f \u0259rzaq m\u0259hsullar\u0131 m\u0259tb\u0259x\u0259 t\u0259hvil verilib.<\/p>\n<p><strong>* * *<\/strong><\/p>\n<p>H\u0259min g\u00fcn Nax\u00e7\u0131van Muxtar Respublikas\u0131 Psixi v\u0259 A\u011fciy\u0259r X\u0259st\u0259likl\u0259ri dispanserl\u0259rind\u0259, Onkoloji v\u0259 Yoluxucu X\u0259st\u0259likl\u0259r m\u0259rk\u0259zl\u0259rind\u0259 d\u0259 x\u0259st\u0259l\u0259r\u0259 v\u0259 tibb i\u015f\u00e7il\u0259rin\u0259 h\u0259diyy\u0259l\u0259r paylan\u0131l\u0131b, g\u0259tirilmi\u015f \u0259rzaq m\u0259hsullar\u0131 anbarlara t\u0259hvil verilib.<\/p>\n<p>AZ\u018fRTAC<\/p>\n<div class=\"clearfix\"><\/div>\n<\/div>\n<div class=\"fotorama--hidden\"><\/div>\n<div id=\"galleryList\" class=\"fotorama fotorama1640958410655\" data-nav=\"thumbs\" data-width=\"100%\" data-thumbwidth=\"90\" data-thumbheight=\"60\" data-allowfullscreen=\"true\" data-autoplay=\"3000\" data-ratio=\"1.5\" data-keyboard=\"true\" data-fit=\"contain\">\n<div class=\"fotorama__wrap fotorama__wrap--css3 fotorama__wrap--slide fotorama__wrap--toggle-arrows fotorama__wrap--no-controls\">\n<div class=\"fotorama__stage fotorama__pointer\">\n<div class=\"fotorama__fullscreen-icon\" tabindex=\"0\" role=\"button\"><\/div>\n<div class=\"fotorama__stage__shaft\">\n<div class=\"fotorama__stage__frame fotorama__loaded fotorama__loaded--img\"><img class=\"fotorama__img\" src=\"https:\/\/ikisahil.az\/photo\/0x0_2\/upload\/gallery\/2021\/12\/31\/-105e8224164095657691281299910912832.jpg\" \/><\/div>\n<div class=\"fotorama__stage__frame fotorama__loaded fotorama__loaded--img fotorama__active\"><img class=\"fotorama__img\" src=\"https:\/\/ikisahil.az\/photo\/0x0_2\/upload\/gallery\/2021\/12\/31\/-649a066d164095658035504984910284140.jpg\" \/><\/div>\n<div class=\"fotorama__stage__frame fotorama__loaded fotorama__loaded--img\"><img class=\"fotorama__img\" src=\"https:\/\/ikisahil.az\/photo\/0x0_2\/upload\/gallery\/2021\/12\/31\/-2222f99f164095658147921770211027508.jpg\" \/><\/div>\n<\/div>\n<div class=\"fotorama__arr fotorama__arr--prev\" tabindex=\"0\" role=\"button\"><\/div>\n<div class=\"fotorama__arr fotorama__arr--next\" tabindex=\"0\" role=\"button\"><\/div>\n<div class=\"fotorama__video-close\"><\/div>\n<\/div>\n<div class=\"fotorama__nav-wrap\">\n<div class=\"fotorama__nav fotorama__nav--thumbs\">\n<div class=\"fotorama__nav__shaft\">\n<div class=\"fotorama__thumb-border\"><\/div>\n<div class=\"fotorama__nav__frame fotorama__nav__frame--thumb\" tabindex=\"0\" role=\"button\">\n<div class=\"fotorama__thumb fotorama__loaded fotorama__loaded--img\"><img class=\"fotorama__img\" src=\"https:\/\/ikisahil.az\/photo\/150x100_2\/upload\/gallery\/2021\/12\/31\/-c154d855164095657083083716011008971.jpg\" \/><\/div>\n<\/div>\n<div class=\"fotorama__nav__frame fotorama__nav__frame--thumb\" tabindex=\"0\" role=\"button\">\n<div class=\"fotorama__thumb fotorama__loaded fotorama__loaded--img\"><img class=\"fotorama__img\" src=\"https:\/\/ikisahil.az\/photo\/150x100_2\/upload\/gallery\/2021\/12\/31\/-105e8224164095657691281299910912832.jpg\" \/><\/div>\n<\/div>\n<div class=\"fotorama__nav__frame fotorama__nav__frame--thumb fotorama__active\" tabindex=\"0\" role=\"button\">\n<div class=\"fotorama__thumb fotorama__loaded fotorama__loaded--img\"><img class=\"fotorama__img\" src=\"https:\/\/ikisahil.az\/photo\/150x100_2\/upload\/gallery\/2021\/12\/31\/-649a066d164095658035504984910284140.jpg\" \/><\/div>\n<\/div>\n<div class=\"fotorama__nav__frame fotorama__nav__frame--thumb\" tabindex=\"0\" role=\"button\">\n<div class=\"fotorama__thumb fotorama__loaded fotorama__loaded--img\"><img class=\"fotorama__img\" src=\"https:\/\/ikisahil.az\/photo\/150x100_2\/upload\/gallery\/2021\/12\/31\/-2222f99f164095658147921770211027508.jpg\" \/><\/div>\n<\/div>\n<\/div>\n<\/div>\n<\/div>\n<\/div>\n<\/div>\n<div class=\"sharing my-2 row no-gutters d-print-none\">\n<div class=\"col-md-3\"><\/div>\n<\/div>\n","protected":false},"excerpt":{"rendered":"<p>Nax\u00e7\u0131van Qarnizonu M\u0259rk\u0259zi Hospital\u0131na bayram sovqat\u0131 apar\u0131l\u0131b \u201cXalq, d\u00f6vl\u0259t orduya \u00fcmid edir, orduya g\u00fcv\u0259nir. Ordu is\u0259 xalq\u0131n, d\u00f6vl\u0259tin d\u0259st\u0259yin\u0259 g\u00fcv\u0259nir\u201d, &#8211; dey\u0259n \u00fcmummilli liderimiz Heyd\u0259r \u018fliyevin Nax\u00e7\u0131vanda \u0259sas\u0131n\u0131 qoydu\u011fu milli h\u0259mr\u0259ylik bu g\u00fcn m\u00fcst\u0259qil Az\u0259rbaycanda inki\u015faf\u0131n v\u0259 sabitliyin \u0259sas t\u0259minat\u0131d\u0131r. D\u00fcnya az\u0259rbaycanl\u0131lar\u0131n\u0131 vahid ideologiya \u0259traf\u0131nda birl\u0259\u015fdir\u0259n h\u0259mr\u0259ylik bayram\u0131 bu g\u00fcn xalq-ordu birliyinin d\u0259 \u0259sas\u0131n\u0131 t\u0259\u015fkil edir. Bunun n\u0259tic\u0259sidir ki, \u00f6lk\u0259 Prezidenti c\u0259nab \u0130lham \u018fliyevin r\u0259hb\u0259rliyi il\u0259 ordumuz V\u0259t\u0259n m\u00fcharib\u0259sind\u0259 tarixi Q\u0259l\u0259b\u0259 qazand\u0131. Nax\u00e7\u0131van Muxtar Respublikas\u0131nda da h\u0259mr\u0259ylik bayram\u0131nda \u0259sg\u0259rl\u0259rl\u0259 g\u00f6r\u00fc\u015fl\u0259rin ke\u00e7irilm\u0259si, sovqatlar\u0131n apar\u0131lmas\u0131 bu birliyin daha bir n\u00fcmun\u0259si kimi m\u00fch\u00fcm&hellip;<\/p>\n","protected":false},"author":2,"featured_media":421772,"comment_status":"closed","ping_status":"closed","sticky":false,"template":"","format":"standard","meta":{"om_disable_all_campaigns":false,"_monsterinsights_skip_tracking":false,"_monsterinsights_sitenote_active":false,"_monsterinsights_sitenote_note":"","_monsterinsights_sitenote_category":0},"categories":[4],"tags":[],"aioseo_notices":[],"gutentor_comment":0,"rttpg_featured_image_url":{"full":["https:\/\/arantv.az\/wp-content\/uploads\/2021\/12\/d010396c164095654990697194310925454.jpg",975,540,false],"landscape":["https:\/\/arantv.az\/wp-content\/uploads\/2021\/12\/d010396c164095654990697194310925454.jpg",975,540,false],"portraits":["https:\/\/arantv.az\/wp-content\/uploads\/2021\/12\/d010396c164095654990697194310925454.jpg",975,540,false],"thumbnail":["https:\/\/arantv.az\/wp-content\/uploads\/2021\/12\/d010396c164095654990697194310925454-500x280.jpg",500,280,true],"medium":["https:\/\/arantv.az\/wp-content\/uploads\/2021\/12\/d010396c164095654990697194310925454-660x365.jpg",660,365,true],"large":["https:\/\/arantv.az\/wp-content\/uploads\/2021\/12\/d010396c164095654990697194310925454-840x465.jpg",640,354,true],"1536x1536":["https:\/\/arantv.az\/wp-content\/uploads\/2021\/12\/d010396c164095654990697194310925454.jpg",975,540,false],"2048x2048":["https:\/\/arantv.az\/wp-content\/uploads\/2021\/12\/d010396c164095654990697194310925454.jpg",975,540,false],"post-thumbnail":["https:\/\/arantv.az\/wp-content\/uploads\/2021\/12\/d010396c164095654990697194310925454-240x172.jpg",240,172,true],"advps-thumb-one":["https:\/\/arantv.az\/wp-content\/uploads\/2021\/12\/d010396c164095654990697194310925454.jpg",975,540,false]},"rttpg_author":{"display_name":"V\u00fcsal Rafiqo\u011flu","author_link":"https:\/\/arantv.az\/?author=2"},"rttpg_comment":0,"rttpg_category":"<a href=\"https:\/\/arantv.az\/?cat=4\" rel=\"category\">Siyas\u0259t<\/a>","rttpg_excerpt":"Nax\u00e7\u0131van Qarnizonu M\u0259rk\u0259zi Hospital\u0131na bayram sovqat\u0131 apar\u0131l\u0131b \u201cXalq, d\u00f6vl\u0259t orduya \u00fcmid edir, orduya g\u00fcv\u0259nir. Ordu is\u0259 xalq\u0131n, d\u00f6vl\u0259tin d\u0259st\u0259yin\u0259 g\u00fcv\u0259nir\u201d, &#8211; dey\u0259n \u00fcmummilli liderimiz Heyd\u0259r \u018fliyevin Nax\u00e7\u0131vanda \u0259sas\u0131n\u0131 qoydu\u011fu milli h\u0259mr\u0259ylik bu g\u00fcn m\u00fcst\u0259qil Az\u0259rbaycanda inki\u015faf\u0131n v\u0259 sabitliyin \u0259sas t\u0259minat\u0131d\u0131r. D\u00fcnya az\u0259rbaycanl\u0131lar\u0131n\u0131 vahid ideologiya \u0259traf\u0131nda birl\u0259\u015fdir\u0259n h\u0259mr\u0259ylik bayram\u0131 bu g\u00fcn xalq-ordu birliyinin d\u0259 \u0259sas\u0131n\u0131 t\u0259\u015fkil&hellip;","_links":{"self":[{"href":"https:\/\/arantv.az\/index.php?rest_route=\/wp\/v2\/posts\/421771"}],"collection":[{"href":"https:\/\/arantv.az\/index.php?rest_route=\/wp\/v2\/posts"}],"about":[{"href":"https:\/\/arantv.az\/index.php?rest_route=\/wp\/v2\/types\/post"}],"author":[{"embeddable":true,"href":"https:\/\/arantv.az\/index.php?rest_route=\/wp\/v2\/users\/2"}],"replies":[{"embeddable":true,"href":"https:\/\/arantv.az\/index.php?rest_route=%2Fwp%2Fv2%2Fcomments&post=421771"}],"version-history":[{"count":0,"href":"https:\/\/arantv.az\/index.php?rest_route=\/wp\/v2\/posts\/421771\/revisions"}],"wp:featuredmedia":[{"embeddable":true,"href":"https:\/\/arantv.az\/index.php?rest_route=\/wp\/v2\/media\/421772"}],"wp:attachment":[{"href":"https:\/\/arantv.az\/index.php?rest_route=%2Fwp%2Fv2%2Fmedia&parent=421771"}],"wp:term":[{"taxonomy":"category","embeddable":true,"href":"https:\/\/arantv.az\/index.php?rest_route=%2Fwp%2Fv2%2Fcategories&post=421771"},{"taxonomy":"post_tag","embeddable":true,"href":"https:\/\/arantv.az\/index.php?rest_route=%2Fwp%2Fv2%2Ftags&post=421771"}],"curies":[{"name":"wp","href":"https:\/\/api.w.org\/{rel}","templated":true}]}}