{"id":421775,"date":"2021-12-31T16:50:24","date_gmt":"2021-12-31T13:50:24","guid":{"rendered":"http:\/\/arantv.az\/?p=421775"},"modified":"2021-12-31T16:50:24","modified_gmt":"2021-12-31T13:50:24","slug":"regionlarin-sosial-iqtisadi-inkisafinin-t%c9%99sviq-edilm%c9%99si-t%c9%99r%c9%99qqi-ucun-xususi-t%c9%99klifl%c9%99r","status":"publish","type":"post","link":"https:\/\/arantv.az\/?p=421775","title":{"rendered":"Regionlar\u0131n sosial-iqtisadi inki\u015faf\u0131n\u0131n t\u0259\u015fviq edilm\u0259si: T\u0259r\u0259qqi \u00fc\u00e7\u00fcn X\u00dcSUS\u0130 T\u018fKL\u0130FL\u018fR"},"content":{"rendered":"<blockquote><p><strong>6.3.11. regionlar\u0131n sosial-iqtisadi inki\u015faf\u0131n\u0131n t\u0259\u015fviq edilm\u0259si;<\/strong><\/p><\/blockquote>\n<p><strong>Az\u0259rbaycan\u0131n t\u0259r\u0259qqisi yaln\u0131z paytaxt Bak\u0131n\u0131n hesab\u0131na deyil, regionlar\u0131m\u0131z\u0131n sosial-iqtisadi inki\u015faf\u0131 da hesab\u0131na ba\u015f verir. \u018fvv\u0259lki d\u00f6vrl\u0259 m\u00fcqayis\u0259d\u0259 b\u00f6lg\u0259l\u0259rimiz \u0259h\u0259miyy\u0259tli d\u0259r\u0259c\u0259d\u0259 d\u0259yi\u015fib. Regionlar\u0131n sosial-iqtisadi inki\u015faf\u0131 proqramlar\u0131 \u00e7\u0259r\u00e7iv\u0259sind\u0259 g\u00f6r\u00fcl\u0259n i\u015fl\u0259r b\u00f6lg\u0259l\u0259rimizin inki\u015faf potensial\u0131n\u0131n artmas\u0131na, biznes v\u0259 investisiya m\u00fchitinin, infrastruktur t\u0259minat\u0131n\u0131n yax\u015f\u0131la\u015fmas\u0131na, \u0259halinin rifah\u0131n\u0131n y\u00fcks\u0259lm\u0259sin\u0259 \u015f\u0259rait yarad\u0131b. Bu g\u00fcn Az\u0259rbaycanda regionlar\u0131n inki\u015faf\u0131na \u00f6lk\u0259nin davaml\u0131 h\u0259yata ke\u00e7iril\u0259n sosial-iqtisadi inki\u015faf strategiyas\u0131n\u0131n m\u00fch\u00fcm t\u0259rkib hiss\u0259si kimi bax\u0131l\u0131r.<\/strong><\/p>\n<p>B\u0259s regionlar\u0131n z\u0259ngin iqtisadi potensial\u0131ndan s\u0259m\u0259r\u0259li istifad\u0259 il\u0259 ba\u011fl\u0131 hans\u0131 i\u015fl\u0259r g\u00f6r\u00fcl\u00fcr? Bu sah\u0259d\u0259 hans\u0131 probleml\u0259r m\u00f6vcuddur? Regionlarda f\u0259aliyy\u0259t g\u00f6st\u0259r\u0259n sahibkarlar \u00fc\u00e7\u00fcn daha hans\u0131 t\u0259\u015fviq v\u0259 g\u00fcz\u0259\u015ft mexanizml\u0259ri t\u0259klif oluna bil\u0259r?<\/p>\n<p><strong><a href=\"https:\/\/publika.az\/\" target=\"_blank\" rel=\"noopener\">Publika.az<\/a>\u00a0<\/strong>regionlar\u0131n sosial-iqtisadi inki\u015faf\u0131n\u0131n t\u0259\u015fviq edilm\u0259si, bu sah\u0259d\u0259 m\u00f6vcud durumu v\u0259 mane olan s\u0259b\u0259bl\u0259ri ara\u015fd\u0131r\u0131b.<\/p>\n<blockquote><p><strong>\u201cBirba\u015fa bazar deyil, emal m\u00fc\u0259ssis\u0259l\u0259rin\u0259 ixrac inki\u015faf\u0131 t\u0259min ed\u0259c\u0259k\u201d<\/strong><\/p><\/blockquote>\n<p>\u0130qtisad\u00e7\u0131 Eld\u0259niz \u018fmirovun s\u00f6zl\u0259rin\u0259 g\u00f6r\u0259, regionlar\u0131n z\u0259ngin iqtisadi potensial\u0131ndan s\u0259m\u0259r\u0259li istifad\u0259 \u00fc\u00e7\u00fcn ilk n\u00f6vb\u0259d\u0259 m\u00f6vcud sahibkarl\u0131q subyektl\u0259rinin t\u0259klifl\u0259ri v\u0259 ist\u0259kl\u0259ri dinl\u0259nilm\u0259li, z\u0259ruri istiqam\u0259tl\u0259r \u00fczr\u0259 maliyy\u0259 v\u0259saitl\u0259ri il\u0259 t\u0259min edilm\u0259lidir: \u201cH\u0259min \u015f\u0259xsl\u0259rin biznesinin daha dayan\u0131ql\u0131 v\u0259 inki\u015fafy\u00f6n\u00fcml\u00fc oldu\u011fu bilavasit\u0259 qiym\u0259tl\u0259ndirilm\u0259li, daha sonra t\u0259min edilm\u0259lidir. Dig\u0259r m\u0259s\u0259l\u0259 is\u0259 b\u00fct\u00fcn regionlar\u0131m\u0131zda k\u0259nd t\u0259s\u0259rr\u00fcfat\u0131 m\u0259hsullar\u0131n\u0131n birba\u015fa tarladan v\u0259 ya fermalardan bazarlara \u00e7\u0131xar\u0131lmas\u0131 deyil, oradan m\u0259hz emal m\u00fc\u0259ssis\u0259l\u0259rin\u0259 y\u00f6n\u0259ldilm\u0259sinin t\u0259min olunmas\u0131 il\u0259 ba\u011fl\u0131d\u0131r. Y\u0259ni d\u0259y\u0259r z\u0259nciri daha da uzad\u0131lmal\u0131 v\u0259 \u0259lav\u0259 d\u0259y\u0259rl\u0259r yarad\u0131lmal\u0131d\u0131r. \u0130st\u0259r heyvandarl\u0131q, ist\u0259rs\u0259 d\u0259 \u0259kin\u00e7ilik m\u0259shullar\u0131n\u0131n emal prosesi ke\u00e7dikd\u0259n sonra bazara ixrac\u0131 z\u0259ruridir. \u00c7\u00fcnki emal prosesi ke\u00e7mi\u015f m\u0259hsul daha d\u0259y\u0259rli olur v\u0259 \u0259lav\u0259 b\u00f6y\u00fck d\u0259y\u0259r yarad\u0131r. T\u0259\u015fviq v\u0259 icra mexanizml\u0259ri il\u0259 ba\u011fl\u0131 k\u0259nd t\u0259s\u0259rr\u00fcfat\u0131 m\u0259hsullar\u0131 \u00fczr\u0259 emal sah\u0259l\u0259rinin yarad\u0131lmas\u0131 \u00fc\u00e7\u00fcn sistemli g\u00fcz\u0259\u015ft mexanizml\u0259ri i\u015fl\u0259nib haz\u0131rlanmal\u0131d\u0131r ki, sahibkarlar \u00fc\u00e7\u00fcn m\u0259hsulun birba\u015fa bazara ixrac\u0131 deyil, emala y\u00f6n\u0259ldilm\u0259si daha motivasiya y\u00f6n\u00fcml\u00fc olsun\u201d.<\/p>\n<p><img loading=\"lazy\" src=\"https:\/\/publika.az\/storage\/2021\/04\/20\/eldeniz_emirov_iqtisadci.jpg\" alt=\"\" width=\"800\" height=\"433\" \/><\/p>\n<div class=\"AdviadNativeVideo\"><\/div>\n<p>Ekspert hesab edir ki, regionlar\u0131m\u0131zda olan fermerl\u0259rin bazara rahat \u00e7\u0131x\u0131\u015flar\u0131n\u0131n t\u0259min edilm\u0259si \u00fc\u00e7\u00fcn d\u0259st\u0259yin g\u00f6st\u0259rilm\u0259sin\u0259 b\u00f6y\u00fck ehtiyac var: \u201c\u0130nvestisiya layih\u0259l\u0259ri qiym\u0259tl\u0259ndirilm\u0259li, t\u0259hlill\u0259r apar\u0131lmal\u0131 v\u0259 m\u00f6vcudlar aras\u0131ndan daha uy\u011funu se\u00e7il\u0259r\u0259k ucuz maliyy\u0259 v\u0259saiti il\u0259 t\u0259min edilm\u0259lidir. Bu sah\u0259d\u0259 Ki\u00e7ik v\u0259 Orta Biznesin \u0130nki\u015faf\u0131 Agentliyi xeyli i\u015f g\u00f6r\u00fcr. Regionlarda sahibkarlarla g\u00f6r\u00fc\u015fl\u0259r ke\u00e7irilir, onlar\u0131n maarifl\u0259ndirilm\u0259si, maliyy\u0259 t\u0259minat\u0131 il\u0259 ba\u011fl\u0131 hans\u0131 istiqam\u0259tl\u0259rd\u0259 f\u0259aliyy\u0259tin g\u00f6st\u0259rilm\u0259si, el\u0259c\u0259 d\u0259 dig\u0259r \u00fcmumi f\u0259aliyy\u0259tin d\u0259st\u0259kl\u0259nm\u0259si istiqam\u0259tind\u0259 d\u00f6vl\u0259t qurumlar\u0131 il\u0259 \u0259laq\u0259l\u0259rin yarad\u0131lmas\u0131, probleml\u0259rin h\u0259lli istiqam\u0259tind\u0259 m\u00fcraci\u0259tl\u0259rin \u00fcnvanlanmas\u0131 il\u0259 ba\u011fl\u0131 \u00e7ox ciddi i\u015fl\u0259r g\u00f6r\u00fcl\u00fcr\u201d.<\/p>\n<p><strong>V\u0259t\u0259n m\u00fcharib\u0259sind\u0259 qazand\u0131\u011f\u0131m\u0131z Z\u0259f\u0259r n\u0259tic\u0259sind\u0259 i\u015f\u011faldan azad edilmi\u015f \u0259razil\u0259rin \u00f6lk\u0259nin \u00fcmumi iqtisadiyyat\u0131na reinteqrasiyas\u0131, yeni beyn\u0259lxalq v\u0259 regional n\u0259qliyyat-logistika d\u0259hlizl\u0259rinin imkanlar\u0131ndan faydalanmaqla Az\u0259rbaycan n\u0259 qazanacaq?<\/strong><\/p>\n<blockquote><p><strong>\u201cZ\u0259ng\u0259zur d\u0259hlizi regionun iqtisadi inki\u015faf\u0131 \u00fc\u00e7\u00fcn z\u0259min yaradacaq\u201d<\/strong><\/p><\/blockquote>\n<p>Eld\u0259niz \u018fmirov bildidirir ki, i\u015f\u011faldan azad olunan \u0259razil\u0259rimizin \u00e7ox b\u00f6y\u00fck iqtisadi potensial\u0131 var. X\u00fcsusil\u0259 d\u0259 bu \u0259razil\u0259rin co\u011frafi m\u00f6vqeyi \u015eimal, C\u0259nub, \u015e\u0259rq v\u0259 Q\u0259rb d\u0259hlizl\u0259rinin k\u0259si\u015fm\u0259 n\u00f6qt\u0259sidir: \u201cBir n\u00f6v bu \u0259razil\u0259ri koordinat sistemin\u0259 b\u0259nz\u0259ts\u0259k, ora m\u0259hz koordinat ba\u015flan\u011f\u0131c\u0131 olur. Bu da t\u0259bii olaraq logistik f\u0259aliyy\u0259tin t\u0259min olunmas\u0131nda, el\u0259c\u0259 d\u0259 o regionun iqtisadi inki\u015faf\u0131na nail olunmas\u0131 \u00fc\u00e7\u00fcn \u00e7ox b\u00f6y\u00fck \u0259h\u0259miyy\u0259t\u0259 malikdir. Z\u0259ng\u0259zur d\u0259hlizi d\u0259 dig\u0259r t\u0259r\u0259fd\u0259n bu \u00fcst\u00fcnl\u00fcy\u00fcn \u0259ld\u0259 olunmas\u0131na \u0259lav\u0259 f\u00fcrs\u0259tl\u0259r yarad\u0131r. Bel\u0259 ki, T\u00fcrkiy\u0259nin M\u0259rk\u0259zi Asiyaya \u00e7\u0131x\u0131\u015f\u0131 Z\u0259ng\u0259zur d\u0259hlizi vasit\u0259sil\u0259 daha operativ h\u0259yata ke\u00e7iril\u0259c\u0259k. Y\u0259ni bilavasit\u0259 T\u00fcrkiy\u0259nin Orta Asiya il\u0259 ticari d\u00f6vriyy\u0259sinin Z\u0259ng\u0259zur d\u0259hlizi \u00fcz\u0259rind\u0259n icra olunmas\u0131 regionun iqtisadi inki\u015faf\u0131 \u00fc\u00e7\u00fcn z\u0259min yaradacaq. \u0130\u015f\u011faldan azad edil\u0259n \u0259razil\u0259rd\u0259 olan hava limanlar\u0131 h\u0259rbi manevl\u0259r, siyasi m\u00f6vqeyin b\u0259rkidilm\u0259si \u00fc\u00e7\u00fcn deyil, eyni zamanda h\u0259min b\u00f6lg\u0259nin, b\u00fct\u00f6vl\u00fckd\u0259 is\u0259 \u00f6lk\u0259nin iqtisadiyyat\u0131n\u0131n q\u00fcdr\u0259tl\u0259nm\u0259sin\u0259 xidm\u0259t edir. \u00c7\u00fcnki orada h\u0259m logistik f\u0259aliyy\u0259t var. Bununla yana\u015f\u0131, turistik \u0259h\u0259miyy\u0259ti d\u0259 b\u00f6y\u00fck rol oynay\u0131r. M\u0259s\u0259l\u0259n, F\u00fczuli Beyn\u0259lxalq Hava Liman\u0131 bilavasit\u0259 Qaraba\u011f regionunun daxili turizmd\u0259n yararlanmas\u0131na xidm\u0259t ed\u0259n f\u0259aliyy\u0259t olacaq. Eyni zamanda orada s\u0259naye parklar\u0131n\u0131n yarad\u0131lmas\u0131 il\u0259 ba\u011fl\u0131 strateji q\u0259rarlar\u0131n verilm\u0259si bu regionun iqtisadi inki\u015faf\u0131na ciddi t\u00f6hf\u0259 ver\u0259n faktor olaraq \u00e7\u0131x\u0131\u015f edir\u201d.<\/p>\n<p><img loading=\"lazy\" src=\"https:\/\/publika.az\/storage\/2021\/12\/31\/elsad_memmedov.jpg\" alt=\"\" width=\"800\" height=\"499\" \/><\/p>\n<p><strong>\u0130qtisad\u00e7\u0131 ekspert, Az\u0259rbaycan D\u00f6vl\u0259t \u0130qtisad Universitetinin (UNEC) professoru El\u015fad M\u0259mm\u0259dov<\/strong>\u00a0qeyd edib ki, neftin t\u0259dric\u0259n enerji da\u015f\u0131y\u0131c\u0131s\u0131 kimi g\u00f6t\u00fcr\u00fclm\u0259si bax\u0131m\u0131ndan \u00f6lk\u0259 iqtisadiyyat\u0131nda \u00f6n\u0259mi azalmaqda olacaq: \u201cBu, qa\u00e7\u0131lmazd\u0131r. H\u0259m davaml\u0131 inki\u015faf \u00fc\u00e7\u00fcn yeni i\u015f yerl\u0259rinin a\u00e7\u0131lmas\u0131, qeyri-neft v\u0259 qeyri-xammal\u0131n inki\u015faf\u0131 \u00fc\u00e7\u00fcn, h\u0259m d\u0259 xarici bazara \u00e7\u0131x\u0131\u015f\u0131n, y\u0259ni ixrac m\u0259hsullar\u0131m\u0131z\u0131n co\u011frafiyas\u0131n\u0131n, \u0259n \u0259sas\u0131 t\u0259rkibinin \u015fax\u0259l\u0259ndirilm\u0259si, qeyri-neft sektorunun inki\u015faf\u0131 \u00fc\u00e7\u00fcn m\u00fctl\u0259q regioanl inki\u015faf\u0131 v\u0259 regional amill\u0259rin \u00f6n plana \u00e7\u0131xmas\u0131na istiqam\u0259tl\u0259nmi\u015f siyas\u0259tin yeridilm\u0259si vacibdir. Etiraf etm\u0259k laz\u0131md\u0131r ki, regionlar\u0131n sosial-iqtisadi inki\u015faf\u0131 il\u0259 ba\u011fl\u0131 bir \u00e7ox proqram m\u0259zmunlu s\u0259m\u0259dl\u0259r q\u0259bul v\u0259 icra olunub. Biz ilk n\u00f6vb\u0259d\u0259 \u00f6lk\u0259d\u0259ki \u0259n m\u00fch\u00fcm iqtisadi probleml\u0259rin h\u0259lli \u00fc\u00e7\u00fcn regional inki\u015faf\u0131 t\u0259min etm\u0259liyik. Birinci n\u00f6vb\u0259d\u0259 buraya inflyasiyan\u0131 aid etm\u0259k olar. \u0130nflyasiyas\u0131n\u0131 s\u00fcr\u0259tl\u0259 idxal edirik. \u00c7\u00fcnki idxaldan as\u0131l\u0131l\u0131\u011f\u0131m\u0131z y\u00fcks\u0259k s\u0259viyy\u0259d\u0259dir. D\u00fcnya bazar\u0131nda da apar\u0131c\u0131 \u0259mt\u0259\u0259 qruplar\u0131na qiym\u0259tl\u0259r k\u0259skin \u015f\u0259kild\u0259 art\u0131b. Buna g\u00f6r\u0259 d\u0259 regonlar\u0131n inki\u015faf\u0131na b\u00f6y\u00fck t\u00f6hf\u0259 verm\u0259liyik\u201d.<\/p>\n<p>E.M\u0259mm\u0259dov hesab edir ki, burada \u0259n \u00f6n\u0259mli m\u0259s\u0259l\u0259 investisiyalar\u0131n co\u011frafiyas\u0131nda v\u0259 strukturunda b\u00f6y\u00fck d\u0259yi\u015fiklikl\u0259r\u0259, eyni zamanda b\u00fct\u00f6vl\u00fckd\u0259 \u00f6lk\u0259 iqtisadiyyat\u0131na yat\u0131r\u0131lm\u0131\u015f s\u0259rmay\u0259l\u0259rin az\u013115% art\u0131m\u0131na nail olmaqd\u0131r: \u201cHesab edir\u0259m ki, bu istiqam\u0259td\u0259 2022-ci ild\u0259 daha \u00e7ox f\u0259aliyy\u0259t g\u00f6st\u0259rm\u0259liyik. Bu, h\u0259r zaman prioritet olmal\u0131d\u0131r. Bunun \u00fc\u00e7\u00fcn ilk n\u00f6vb\u0259d\u0259 regional bax\u0131mdan strateji planla\u015fd\u0131rmaya, m\u0259hsuldar q\u00fcvv\u0259l\u0259rin regionlarda tarazl\u0131 \u015f\u0259kild\u0259 yerl\u0259\u015fdirilm\u0259sin\u0259 istiqam\u0259tl\u0259nmi\u015f bir siyas\u0259t laz\u0131md\u0131r. H\u0259m\u00e7inin, bank kreditl\u0259\u015fm\u0259sinin investisiya y\u00f6n\u00fcml\u00fc olmas\u0131na ehtiyac var\u201d.<\/p>\n<blockquote><p><strong>\u201cKredit siyas\u0259ti yum\u015fald\u0131lmal\u0131d\u0131r\u201d<\/strong><\/p><\/blockquote>\n<p>\u0130qtisad\u00e7\u0131 vur\u011fulay\u0131b ki, sahibkarlar \u00fc\u00e7\u00fcn bu g\u00fcn m\u00fcasir iqtisadiyyatda \u0259n effektiv g\u00fcz\u0259\u015ft mexanizml\u0259ri bol kredit siyas\u0259tinin yum\u015fald\u0131lmas\u0131 v\u0259 \u015fax\u0259l\u0259ndirilm\u0259sidir: \u201cBu g\u00fcn sahibkarlar\u0131m\u0131z\u0131n bazarlarda m\u00f6vqel\u0259rinin g\u00fccl\u0259nm\u0259sini \u0259ng\u0259ll\u0259y\u0259n \u0259sas amil kredit faizl\u0259rinin y\u00fcks\u0259k olmas\u0131d\u0131r. Bununla yana\u015f\u0131, sahibkarlardan b\u00f6y\u00fck girov bazas\u0131 t\u0259l\u0259b olunur. Onlar\u0131n da \u0259ks\u0259riyy\u0259ti girov bazas\u0131na malik deyil. Kredit v\u0259 maliyy\u0259 resurslar\u0131na \u00e7\u0131x\u0131\u015f\u0131n asanla\u015fd\u0131r\u0131lmas\u0131 regional inki\u015faf\u0131 t\u0259min edir ki, bu da b\u00fct\u00f6vl\u00fckd\u0259 \u00f6lk\u0259nin iqtisadi inki\u015faf\u0131na z\u0259min yarad\u0131r. Vergi g\u00fcz\u0259\u015ftl\u0259ri var, m\u00fc\u0259yy\u0259n ixrac y\u00f6n\u00fcml\u00fc r\u00fcsumlarla da ba\u011fl\u0131 g\u00fcz\u0259\u015ftl\u0259r m\u00f6vcuddur. D\u00f6vl\u0259t qurumlar\u0131n\u0131n da say\u0131 kifay\u0259t q\u0259d\u0259r \u00e7oxdur. Amma kredit resurslar\u0131na \u00e7\u0131x\u0131\u015f olduqca m\u0259hdudd\u0131r. Bu sah\u0259d\u0259 islahatlara ehtiyac var\u201d.<\/p>\n<p><img loading=\"lazy\" src=\"https:\/\/publika.az\/storage\/2021\/12\/31\/ruslan_atakisiyev.jpg\" alt=\"\" width=\"800\" height=\"562\" \/><\/p>\n<blockquote><p><strong>\u201cPe\u015f\u0259kar v\u0259 y\u00fcks\u0259k t\u0259hsilli m\u00fct\u0259x\u0259ssisl\u0259rin regionlara c\u0259lb olunmas\u0131na ehtiyac var\u201d<\/strong><\/p><\/blockquote>\n<p><strong>\u0130qtisadi Resurslar\u0131n \u00d6yr\u0259nilm\u0259si M\u0259rk\u0259zinin s\u0259dri, iqtisad\u00e7\u0131 ekspert Ruslan Ataki\u015fiyev\u00a0<\/strong>xat\u0131rlad\u0131b ki,<strong>\u00a0<\/strong>regionlar\u0131n sosial-iqtisadi inki\u015faf\u0131 il\u0259 ba\u011fl\u0131 2004-c\u00fc ild\u0259n b\u0259ri bir ne\u00e7\u0259 d\u00f6vl\u0259t proqramlar\u0131 t\u0259sdiq olunub v\u0259 haz\u0131rda da d\u00f6vl\u0259t proqram\u0131 h\u0259yata ke\u00e7irilir: \u201cBu g\u00fcn\u0259 q\u0259d\u0259r regionlar\u0131n \u0259sas inki\u015faf strategiyas\u0131nda paytaxtla region aras\u0131nda qeyri-b\u0259rab\u0259r inki\u015faf\u0131n minimuma endirilm\u0259si, \u0259halinin rayonlardan iri \u015f\u0259h\u0259rl\u0259r\u0259 k\u00f6\u00e7\u00fcn\u00fcn &#8211; daxili miqrasiyan\u0131n azald\u0131lmas\u0131, regioanlarda yeni i\u015f yerl\u0259rinin a\u00e7\u0131lmas\u0131, pe\u015f\u0259kar xidm\u0259t sferas\u0131n\u0131n formala\u015fd\u0131rlmas\u0131 v\u0259 s. m\u0259s\u0259l\u0259l\u0259r n\u0259z\u0259rd\u0259 tutulub. O c\u00fcml\u0259d\u0259n regionlarda da infrastrukturun b\u0259rpas\u0131 m\u0259s\u0259l\u0259l\u0259ri prioritetdir. Bu g\u00fcn\u0259 kimi bu sah\u0259d\u0259 b\u00fct\u00fcn b\u00f6lg\u0259l\u0259rimizd\u0259 xeyli i\u015fl\u0259r g\u00f6r\u00fcl\u00fcb v\u0259 bu proses davam etdirilir. Ancaq buna baxmayaraq, h\u0259lli vacib probleml\u0259r var ki, onlar\u0131 h\u0259yata ke\u00e7irm\u0259k vacibdir.<\/p>\n<p>Bu g\u00fcn regionlarda k\u0259nd t\u0259s\u0259rr\u00fcfat\u0131n\u0131n inki\u015faf\u0131 h\u0259l\u0259 d\u0259 ekstensiv yolla h\u0259yata ke\u00e7irilir. \u018fl \u0259m\u0259yind\u0259n, daha \u00e7ox faydal\u0131l\u0131q \u0259msal\u0131 a\u015fa\u011f\u0131 olan vasit\u0259l\u0259rd\u0259n istifad\u0259 olunur. Buna g\u00f6r\u0259 d\u0259 k\u0259nd t\u0259s\u0259rr\u00fcfat\u0131n\u0131n inki\u015faf\u0131n\u0131n intensiv h\u0259yata ke\u00e7irilm\u0259si vacibdir. Emal s\u0259nayesinin inki\u015faf\u0131nda da bir s\u0131ra istiqam\u0259td\u0259 i\u015fl\u0259r davam etdirilm\u0259lidir. Pe\u015f\u0259kar v\u0259 y\u00fcks\u0259k t\u0259hsilli m\u00fct\u0259x\u0259ssisl\u0259rin, savadl\u0131 kadrlar\u0131n ged\u0259r\u0259k regionlarda \u00e7al\u0131\u015fmas\u0131 t\u0259\u015fviq olunmal\u0131d\u0131r. Bunun \u00fc\u00e7\u00fcn stimulla\u015fd\u0131r\u0131c\u0131 t\u0259dbirl\u0259r g\u00f6r\u00fclm\u0259lidir. K\u0259nd t\u0259s\u0259rr\u00fcfat\u0131n\u0131n inki\u015faf\u0131 il\u0259 ba\u011fl\u0131 h\u0259min m\u00fct\u0259x\u0259ssisl\u0259r s\u0259m\u0259r\u0259li t\u0259klifl\u0259r verm\u0259lidir.<strong>\u00a0<\/strong>B\u00f6lg\u0259l\u0259rd\u0259 suvarma sisteml\u0259ri daha da t\u0259kmill\u0259\u015fdirilm\u0259lidir ki, yay m\u00f6vs\u00fcm\u00fcnd\u0259 \u0259kin sah\u0259l\u0259rind\u0259, ba\u011flarda suvarmada \u00e7\u0259tinlik yaranmas\u0131n. Regionlarda aqrar xidm\u0259t sektoru daha \u00e7ox inki\u015faf etdirilm\u0259lidir. Dig\u0259r bir m\u0259s\u0259l\u0259 is\u0259 regionlarda s\u0259naye hablar\u0131n\u0131n yarad\u0131lmas\u0131n\u0131n geni\u015fl\u0259nm\u0259si il\u0259 ba\u011fl\u0131d\u0131r. Bu g\u00fcn s\u0259naye m\u0259h\u0259ll\u0259l\u0259ri, s\u0259naye parklar\u0131 yarad\u0131lsa da, b\u0259z\u0259n onlar bir m\u00fcdd\u0259td\u0259n sonra f\u0259aliyy\u0259tl\u0259rini dayand\u0131rmal\u0131 olurlar, ya da minimum s\u0259viyy\u0259d\u0259 i\u015fl\u0259rini qururlar ki, bu da ora qoyulan v\u0259saitin s\u0259m\u0259r\u0259sizliyin\u0259 g\u0259tirib \u00e7\u0131xar\u0131r\u201d.<\/p>\n<p>R.Ataki\u015fiyev deyir ki, regionlarda istehsal infrastruktur m\u0259hsullar\u0131n\u0131n h\u0259m daxili, h\u0259m d\u0259 d\u00fcnya bazar\u0131na \u00e7\u0131xar\u0131lmas\u0131 il\u0259 ba\u011fl\u0131 sistem t\u0259kmill\u0259\u015fdirilm\u0259lidir: \u201cBurada h\u0259m\u00e7inin, d\u00fcnya bazar\u0131na \u00e7\u0131xarmaq \u00fc\u00e7\u00fcn sertifikatla\u015fma, t\u0259l\u0259bl\u0259r\u0259 uy\u011funla\u015fma kimi m\u0259s\u0259l\u0259l\u0259rd\u0259 d\u00f6vl\u0259t \u00f6z t\u0259dbirl\u0259rini geni\u015fl\u0259ndirm\u0259lidir.<strong>\u00a0<\/strong>Sahibkarlar \u00fc\u00e7\u00fcn maliyy\u0259l\u0259\u015fm\u0259 metodlar\u0131n\u0131n t\u0259kmill\u0259\u015fdirilm\u0259sin\u0259 d\u0259 ehtiyac var. Riskl\u0259rin b\u00f6l\u00fc\u015fd\u00fcr\u00fclm\u0259si, qar\u015f\u0131l\u0131ql\u0131 \u0259m\u0259kda\u015fl\u0131q, \u015f\u0259rikliliy\u0259 \u0259saslanan bir s\u0131ra metodlar geni\u015fl\u0259ndirilm\u0259lidir. Regionlarda sahibkarl\u0131\u011f\u0131n inki\u015faf\u0131nda menecment, m\u00fcxt\u0259lif sah\u0259l\u0259r \u00fczr\u0259 idar\u0259etm\u0259, insan resurslar\u0131, marketinq, t\u0259chizat v\u0259 ortaq menecerl\u0259rin yeti\u015fdirilm\u0259si kimi t\u0259dbirl\u0259r daha da art\u0131r\u0131lmal\u0131d\u0131r. Regionlarda f\u0259aliyy\u0259t g\u00f6st\u0259r\u0259n s\u0259hmdar c\u0259miyy\u0259tl\u0259rd\u0259 koorparativ idar\u0259etm\u0259 standartlar\u0131n\u0131n t\u0259tbiqi daha da geni\u015fl\u0259ndirilm\u0259lidir. \u0130nfrastrukturun fasil\u0259siz t\u0259minat\u0131 m\u0259s\u0259l\u0259si da daha \u00e7ox diqq\u0259t yetirilm\u0259li sah\u0259l\u0259rd\u0259ndir. \u201cPrivate Public Partnership\u201d &#8211; d\u00f6vl\u0259t v\u0259 \u00f6z\u0259l sektorun \u0259m\u0259kda\u015fl\u0131\u011f\u0131n\u0131n art\u0131r\u0131lmas\u0131n da vacib m\u0259s\u0259l\u0259l\u0259rd\u0259ndir\u201d.<\/p>\n<p>Ekspert i\u015f\u011faldan azad olunan \u0259razil\u0259rin \u00f6lk\u0259nin \u00fcmumi iqtisadiyyata reinteqrasiyas\u0131ndan da dan\u0131\u015f\u0131b: \u201c\u0130\u015f\u011faldan azad olunan \u0259razil\u0259rin iqtisadiyyat\u0131n\u0131n \u00f6lk\u0259nin \u00fcmumi iqtisadiyyat\u0131na reinteqrasiyas\u0131 \u00fcmumi daxili m\u0259hsulun art\u0131m\u0131na \u00f6z t\u00f6hf\u0259sini ver\u0259c\u0259k. Eyni zamanda, regional n\u0259qliyyat v\u0259 logistika d\u0259hlizl\u0259rinin a\u00e7\u0131lmas\u0131 h\u0259min b\u00f6lg\u0259nin sahibkarlar\u0131n\u0131n dig\u0259r m\u0259rk\u0259zi \u015f\u0259h\u0259rl\u0259r\u0259 g\u0259lm\u0259d\u0259n d\u0259 oradan birba\u015fa olaraq m\u0259hsullar\u0131n\u0131 d\u00fcnya bazar\u0131na \u00e7\u0131xarma\u011fa imkan verir\u201d.<\/p>\n<p><strong>Akqabay M\u0131radov<\/strong><\/p>\n<p><strong>Yaz\u0131 Az\u0259rbaycan Respublikas\u0131n\u0131n Median\u0131n \u0130nki\u015faf\u0131 Agentliyinin (MED\u0130A) maliyy\u0259 yard\u0131m\u0131 il\u0259 haz\u0131rlan\u0131b.<\/strong><\/p>\n<p><strong><img loading=\"lazy\" src=\"https:\/\/publika.az\/storage\/2021\/07\/15\/medianin_inkisafi_agentliyi_logo_030721.jpg\" alt=\"\" width=\"800\" height=\"600\" \/><\/strong><\/p>\n","protected":false},"excerpt":{"rendered":"<p>6.3.11. regionlar\u0131n sosial-iqtisadi inki\u015faf\u0131n\u0131n t\u0259\u015fviq edilm\u0259si; Az\u0259rbaycan\u0131n t\u0259r\u0259qqisi yaln\u0131z paytaxt Bak\u0131n\u0131n hesab\u0131na deyil, regionlar\u0131m\u0131z\u0131n sosial-iqtisadi inki\u015faf\u0131 da hesab\u0131na ba\u015f verir. \u018fvv\u0259lki d\u00f6vrl\u0259 m\u00fcqayis\u0259d\u0259 b\u00f6lg\u0259l\u0259rimiz \u0259h\u0259miyy\u0259tli d\u0259r\u0259c\u0259d\u0259 d\u0259yi\u015fib. Regionlar\u0131n sosial-iqtisadi inki\u015faf\u0131 proqramlar\u0131 \u00e7\u0259r\u00e7iv\u0259sind\u0259 g\u00f6r\u00fcl\u0259n i\u015fl\u0259r b\u00f6lg\u0259l\u0259rimizin inki\u015faf potensial\u0131n\u0131n artmas\u0131na, biznes v\u0259 investisiya m\u00fchitinin, infrastruktur t\u0259minat\u0131n\u0131n yax\u015f\u0131la\u015fmas\u0131na, \u0259halinin rifah\u0131n\u0131n y\u00fcks\u0259lm\u0259sin\u0259 \u015f\u0259rait yarad\u0131b. Bu g\u00fcn Az\u0259rbaycanda regionlar\u0131n inki\u015faf\u0131na \u00f6lk\u0259nin davaml\u0131 h\u0259yata ke\u00e7iril\u0259n sosial-iqtisadi inki\u015faf strategiyas\u0131n\u0131n m\u00fch\u00fcm t\u0259rkib hiss\u0259si kimi bax\u0131l\u0131r. B\u0259s regionlar\u0131n z\u0259ngin iqtisadi potensial\u0131ndan s\u0259m\u0259r\u0259li istifad\u0259 il\u0259 ba\u011fl\u0131 hans\u0131 i\u015fl\u0259r g\u00f6r\u00fcl\u00fcr? Bu sah\u0259d\u0259 hans\u0131 probleml\u0259r m\u00f6vcuddur? Regionlarda f\u0259aliyy\u0259t g\u00f6st\u0259r\u0259n sahibkarlar \u00fc\u00e7\u00fcn daha&hellip;<\/p>\n","protected":false},"author":2,"featured_media":421776,"comment_status":"closed","ping_status":"closed","sticky":false,"template":"","format":"standard","meta":{"om_disable_all_campaigns":false,"_monsterinsights_skip_tracking":false,"_monsterinsights_sitenote_active":false,"_monsterinsights_sitenote_note":"","_monsterinsights_sitenote_category":0},"categories":[26],"tags":[],"aioseo_notices":[],"gutentor_comment":0,"rttpg_featured_image_url":{"full":["https:\/\/arantv.az\/wp-content\/uploads\/2021\/12\/116384918_untitleddesign.jpg",800,450,false],"landscape":["https:\/\/arantv.az\/wp-content\/uploads\/2021\/12\/116384918_untitleddesign.jpg",800,450,false],"portraits":["https:\/\/arantv.az\/wp-content\/uploads\/2021\/12\/116384918_untitleddesign.jpg",800,450,false],"thumbnail":["https:\/\/arantv.az\/wp-content\/uploads\/2021\/12\/116384918_untitleddesign-500x280.jpg",500,280,true],"medium":["https:\/\/arantv.az\/wp-content\/uploads\/2021\/12\/116384918_untitleddesign-649x365.jpg",649,365,true],"large":["https:\/\/arantv.az\/wp-content\/uploads\/2021\/12\/116384918_untitleddesign.jpg",640,360,false],"1536x1536":["https:\/\/arantv.az\/wp-content\/uploads\/2021\/12\/116384918_untitleddesign.jpg",800,450,false],"2048x2048":["https:\/\/arantv.az\/wp-content\/uploads\/2021\/12\/116384918_untitleddesign.jpg",800,450,false],"post-thumbnail":["https:\/\/arantv.az\/wp-content\/uploads\/2021\/12\/116384918_untitleddesign-240x172.jpg",240,172,true],"advps-thumb-one":["https:\/\/arantv.az\/wp-content\/uploads\/2021\/12\/116384918_untitleddesign.jpg",800,450,false]},"rttpg_author":{"display_name":"V\u00fcsal Rafiqo\u011flu","author_link":"https:\/\/arantv.az\/?author=2"},"rttpg_comment":0,"rttpg_category":"<a href=\"https:\/\/arantv.az\/?cat=26\" rel=\"category\">Sosial<\/a>","rttpg_excerpt":"6.3.11. regionlar\u0131n sosial-iqtisadi inki\u015faf\u0131n\u0131n t\u0259\u015fviq edilm\u0259si; Az\u0259rbaycan\u0131n t\u0259r\u0259qqisi yaln\u0131z paytaxt Bak\u0131n\u0131n hesab\u0131na deyil, regionlar\u0131m\u0131z\u0131n sosial-iqtisadi inki\u015faf\u0131 da hesab\u0131na ba\u015f verir. \u018fvv\u0259lki d\u00f6vrl\u0259 m\u00fcqayis\u0259d\u0259 b\u00f6lg\u0259l\u0259rimiz \u0259h\u0259miyy\u0259tli d\u0259r\u0259c\u0259d\u0259 d\u0259yi\u015fib. Regionlar\u0131n sosial-iqtisadi inki\u015faf\u0131 proqramlar\u0131 \u00e7\u0259r\u00e7iv\u0259sind\u0259 g\u00f6r\u00fcl\u0259n i\u015fl\u0259r b\u00f6lg\u0259l\u0259rimizin inki\u015faf potensial\u0131n\u0131n artmas\u0131na, biznes v\u0259 investisiya m\u00fchitinin, infrastruktur t\u0259minat\u0131n\u0131n yax\u015f\u0131la\u015fmas\u0131na, \u0259halinin rifah\u0131n\u0131n y\u00fcks\u0259lm\u0259sin\u0259 \u015f\u0259rait yarad\u0131b. Bu g\u00fcn Az\u0259rbaycanda regionlar\u0131n inki\u015faf\u0131na&hellip;","_links":{"self":[{"href":"https:\/\/arantv.az\/index.php?rest_route=\/wp\/v2\/posts\/421775"}],"collection":[{"href":"https:\/\/arantv.az\/index.php?rest_route=\/wp\/v2\/posts"}],"about":[{"href":"https:\/\/arantv.az\/index.php?rest_route=\/wp\/v2\/types\/post"}],"author":[{"embeddable":true,"href":"https:\/\/arantv.az\/index.php?rest_route=\/wp\/v2\/users\/2"}],"replies":[{"embeddable":true,"href":"https:\/\/arantv.az\/index.php?rest_route=%2Fwp%2Fv2%2Fcomments&post=421775"}],"version-history":[{"count":0,"href":"https:\/\/arantv.az\/index.php?rest_route=\/wp\/v2\/posts\/421775\/revisions"}],"wp:featuredmedia":[{"embeddable":true,"href":"https:\/\/arantv.az\/index.php?rest_route=\/wp\/v2\/media\/421776"}],"wp:attachment":[{"href":"https:\/\/arantv.az\/index.php?rest_route=%2Fwp%2Fv2%2Fmedia&parent=421775"}],"wp:term":[{"taxonomy":"category","embeddable":true,"href":"https:\/\/arantv.az\/index.php?rest_route=%2Fwp%2Fv2%2Fcategories&post=421775"},{"taxonomy":"post_tag","embeddable":true,"href":"https:\/\/arantv.az\/index.php?rest_route=%2Fwp%2Fv2%2Ftags&post=421775"}],"curies":[{"name":"wp","href":"https:\/\/api.w.org\/{rel}","templated":true}]}}