{"id":421778,"date":"2021-12-31T17:02:22","date_gmt":"2021-12-31T14:02:22","guid":{"rendered":"http:\/\/arantv.az\/?p=421778"},"modified":"2021-12-31T17:02:22","modified_gmt":"2021-12-31T14:02:22","slug":"bu-il-az%c9%99rbaycan-diplomatiyasi-nec%c9%99-yadda-qaldi-video","status":"publish","type":"post","link":"https:\/\/arantv.az\/?p=421778","title":{"rendered":"Bu il Az\u0259rbaycan diplomatiyas\u0131 nec\u0259 yadda qald\u0131? &#8211; V\u0130DEO"},"content":{"rendered":"<p>2021-c\u0131 il Az\u0259rbaycan \u00fc\u00e7\u00fcn bir \u00e7ox hadis\u0259l\u0259rl\u0259 yadda qald\u0131. \u00d6lk\u0259miz gerid\u0259 qalan m\u00fcdd\u0259t \u0259rzind\u0259 yaln\u0131z h\u0259rb meydan\u0131nda deyil, diplomatiya v\u0259 informasiya m\u00fcharib\u0259sind\u0259 d\u0259 \u00fcst\u00fcnl\u00fcy\u00fcn\u00fc d\u00fcnyaya n\u00fcmayi\u015f etdirdi.<\/p>\n<p>\u0130\u015f\u011fal\u00e7\u0131 Erm\u0259nistan\u0131n t\u0259klif etdiyimiz s\u00fclh m\u00fcqavil\u0259sini imzalamaqda maraql\u0131 olmas\u0131 da, Az\u0259rbaycan\u0131n dikt\u0259 ed\u0259n t\u0259r\u0259f oldu\u011funu s\u00fcbut etdi. B\u00fct\u00fcn bunlar \u0259dal\u0259t\u0259 v\u0259 beyn\u0259lxalq h\u00fcquqa \u0259saslanan m\u00f6vqeyimizin, u\u011furlu siyas\u0259timizin n\u0259tic\u0259sidir.<\/p>\n<article class=\"news\">\n<div class=\"news-inner\">\n<p>Gerid\u0259 qalan bir il \u0259rzind\u0259 Az\u0259rbaycan beyn\u0259lxalq arenada bir s\u0131ra u\u011furlara imza atd\u0131 v\u0259 beyn\u0259lxalq s\u0259viyy\u0259d\u0259 t\u0259\u015f\u0259bb\u00fcsl\u0259rimiz b\u00f6y\u00fck d\u0259st\u0259k qazand\u0131.<\/p>\n<p>T\u0259bii ki, g\u00f6r\u00fcl\u0259n i\u015fl\u0259r 2022-ci il\u0259 daha b\u00f6y\u00fck inamla, xo\u015f \u0259hval-ruhiyy\u0259 il\u0259 q\u0259d\u0259m qoyma\u011fa stimul verir. U\u011furlar\u0131m\u0131z\u0131n fonunda g\u0259l\u0259c\u0259y\u0259 b\u00f6y\u00fck nikbinlikl\u0259 baxmal\u0131y\u0131q. Az\u0259rbaycan 44 g\u00fcnd\u0259 30 ilin i\u015f\u011fal\u0131na son qoymaqla malik oldu\u011fu imkanlar\u0131, \u0259n \u0259sas\u0131 h\u0259yata ke\u00e7irdiyi siyas\u0259tin h\u0259d\u0259fl\u0259rini a\u00e7\u0131qlad\u0131.<\/p>\n<p>Qaraba\u011fl\u0131 v\u0259 \u015e\u0259rqi Z\u0259ng\u0259zurlu Az\u0259rbaycan\u0131 qar\u015f\u0131da b\u00f6y\u00fck u\u011furlar g\u00f6zl\u0259yir.<\/p>\n<p>Daha \u0259rtafl\u0131 Baku TV-nin s\u00fcjetind\u0259:<\/p>\n<div><iframe loading=\"lazy\" title=\"YouTube video player\" src=\"https:\/\/www.youtube.com\/embed\/CLEIQrgYKzg\" width=\"560\" height=\"315\" frameborder=\"0\" allowfullscreen=\"allowfullscreen\" data-mce-fragment=\"1\"><\/iframe><\/div>\n<\/div>\n<\/article>\n","protected":false},"excerpt":{"rendered":"<p>2021-c\u0131 il Az\u0259rbaycan \u00fc\u00e7\u00fcn bir \u00e7ox hadis\u0259l\u0259rl\u0259 yadda qald\u0131. \u00d6lk\u0259miz gerid\u0259 qalan m\u00fcdd\u0259t \u0259rzind\u0259 yaln\u0131z h\u0259rb meydan\u0131nda deyil, diplomatiya v\u0259 informasiya m\u00fcharib\u0259sind\u0259 d\u0259 \u00fcst\u00fcnl\u00fcy\u00fcn\u00fc d\u00fcnyaya n\u00fcmayi\u015f etdirdi. \u0130\u015f\u011fal\u00e7\u0131 Erm\u0259nistan\u0131n t\u0259klif etdiyimiz s\u00fclh m\u00fcqavil\u0259sini imzalamaqda maraql\u0131 olmas\u0131 da, Az\u0259rbaycan\u0131n dikt\u0259 ed\u0259n t\u0259r\u0259f oldu\u011funu s\u00fcbut etdi. B\u00fct\u00fcn bunlar \u0259dal\u0259t\u0259 v\u0259 beyn\u0259lxalq h\u00fcquqa \u0259saslanan m\u00f6vqeyimizin, u\u011furlu siyas\u0259timizin n\u0259tic\u0259sidir. Gerid\u0259 qalan bir il \u0259rzind\u0259 Az\u0259rbaycan beyn\u0259lxalq arenada bir s\u0131ra u\u011furlara imza atd\u0131 v\u0259 beyn\u0259lxalq s\u0259viyy\u0259d\u0259 t\u0259\u015f\u0259bb\u00fcsl\u0259rimiz b\u00f6y\u00fck d\u0259st\u0259k qazand\u0131. T\u0259bii ki, g\u00f6r\u00fcl\u0259n i\u015fl\u0259r 2022-ci il\u0259 daha b\u00f6y\u00fck inamla, xo\u015f \u0259hval-ruhiyy\u0259 il\u0259 q\u0259d\u0259m qoyma\u011fa stimul&hellip;<\/p>\n","protected":false},"author":2,"featured_media":421363,"comment_status":"closed","ping_status":"closed","sticky":false,"template":"","format":"standard","meta":{"om_disable_all_campaigns":false,"_monsterinsights_skip_tracking":false,"_monsterinsights_sitenote_active":false,"_monsterinsights_sitenote_note":"","_monsterinsights_sitenote_category":0},"categories":[19],"tags":[],"aioseo_notices":[],"gutentor_comment":0,"rttpg_featured_image_url":{"full":["https:\/\/arantv.az\/wp-content\/uploads\/2021\/12\/baki-1.jpg",620,390,false],"landscape":["https:\/\/arantv.az\/wp-content\/uploads\/2021\/12\/baki-1.jpg",620,390,false],"portraits":["https:\/\/arantv.az\/wp-content\/uploads\/2021\/12\/baki-1.jpg",620,390,false],"thumbnail":["https:\/\/arantv.az\/wp-content\/uploads\/2021\/12\/baki-1-500x280.jpg",500,280,true],"medium":["https:\/\/arantv.az\/wp-content\/uploads\/2021\/12\/baki-1-580x365.jpg",580,365,true],"large":["https:\/\/arantv.az\/wp-content\/uploads\/2021\/12\/baki-1.jpg",620,390,false],"1536x1536":["https:\/\/arantv.az\/wp-content\/uploads\/2021\/12\/baki-1.jpg",620,390,false],"2048x2048":["https:\/\/arantv.az\/wp-content\/uploads\/2021\/12\/baki-1.jpg",620,390,false],"post-thumbnail":["https:\/\/arantv.az\/wp-content\/uploads\/2021\/12\/baki-1-240x172.jpg",240,172,true],"advps-thumb-one":["https:\/\/arantv.az\/wp-content\/uploads\/2021\/12\/baki-1.jpg",620,390,false]},"rttpg_author":{"display_name":"V\u00fcsal Rafiqo\u011flu","author_link":"https:\/\/arantv.az\/?author=2"},"rttpg_comment":0,"rttpg_category":"<a href=\"https:\/\/arantv.az\/?cat=19\" rel=\"category\">G\u00fcnd\u0259m<\/a>","rttpg_excerpt":"2021-c\u0131 il Az\u0259rbaycan \u00fc\u00e7\u00fcn bir \u00e7ox hadis\u0259l\u0259rl\u0259 yadda qald\u0131. \u00d6lk\u0259miz gerid\u0259 qalan m\u00fcdd\u0259t \u0259rzind\u0259 yaln\u0131z h\u0259rb meydan\u0131nda deyil, diplomatiya v\u0259 informasiya m\u00fcharib\u0259sind\u0259 d\u0259 \u00fcst\u00fcnl\u00fcy\u00fcn\u00fc d\u00fcnyaya n\u00fcmayi\u015f etdirdi. \u0130\u015f\u011fal\u00e7\u0131 Erm\u0259nistan\u0131n t\u0259klif etdiyimiz s\u00fclh m\u00fcqavil\u0259sini imzalamaqda maraql\u0131 olmas\u0131 da, Az\u0259rbaycan\u0131n dikt\u0259 ed\u0259n t\u0259r\u0259f oldu\u011funu s\u00fcbut etdi. B\u00fct\u00fcn bunlar \u0259dal\u0259t\u0259 v\u0259 beyn\u0259lxalq h\u00fcquqa \u0259saslanan m\u00f6vqeyimizin, u\u011furlu siyas\u0259timizin n\u0259tic\u0259sidir.&hellip;","_links":{"self":[{"href":"https:\/\/arantv.az\/index.php?rest_route=\/wp\/v2\/posts\/421778"}],"collection":[{"href":"https:\/\/arantv.az\/index.php?rest_route=\/wp\/v2\/posts"}],"about":[{"href":"https:\/\/arantv.az\/index.php?rest_route=\/wp\/v2\/types\/post"}],"author":[{"embeddable":true,"href":"https:\/\/arantv.az\/index.php?rest_route=\/wp\/v2\/users\/2"}],"replies":[{"embeddable":true,"href":"https:\/\/arantv.az\/index.php?rest_route=%2Fwp%2Fv2%2Fcomments&post=421778"}],"version-history":[{"count":0,"href":"https:\/\/arantv.az\/index.php?rest_route=\/wp\/v2\/posts\/421778\/revisions"}],"wp:featuredmedia":[{"embeddable":true,"href":"https:\/\/arantv.az\/index.php?rest_route=\/wp\/v2\/media\/421363"}],"wp:attachment":[{"href":"https:\/\/arantv.az\/index.php?rest_route=%2Fwp%2Fv2%2Fmedia&parent=421778"}],"wp:term":[{"taxonomy":"category","embeddable":true,"href":"https:\/\/arantv.az\/index.php?rest_route=%2Fwp%2Fv2%2Fcategories&post=421778"},{"taxonomy":"post_tag","embeddable":true,"href":"https:\/\/arantv.az\/index.php?rest_route=%2Fwp%2Fv2%2Ftags&post=421778"}],"curies":[{"name":"wp","href":"https:\/\/api.w.org\/{rel}","templated":true}]}}