{"id":421783,"date":"2021-12-31T17:04:27","date_gmt":"2021-12-31T14:04:27","guid":{"rendered":"http:\/\/arantv.az\/?p=421783"},"modified":"2021-12-31T17:04:27","modified_gmt":"2021-12-31T14:04:27","slug":"2021-ci-ild%c9%99-qarabagda-gorul%c9%99n-b%c9%99rpa-v%c9%99-quruculuq-isl%c9%99ri-video","status":"publish","type":"post","link":"https:\/\/arantv.az\/?p=421783","title":{"rendered":"2021-ci ild\u0259 Qaraba\u011fda g\u00f6r\u00fcl\u0259n b\u0259rpa v\u0259 quruculuq i\u015fl\u0259ri &#8211; V\u0130DEO"},"content":{"rendered":"<p>\u018frazil\u0259rimiz i\u015f\u011faldan azad edil\u0259nd\u0259n d\u0259rhal sonra geni\u015fmiqyasl\u0131 b\u0259rpa v\u0259 quruculuq i\u015fl\u0259rin\u0259 start verilib.<\/p>\n<article class=\"news\">\n<div class=\"news-inner\">\n<p>Bir m\u0259qam\u0131 da x\u00fcsusi qeyd etm\u0259liyik ki, Az\u0259rbaycan yaln\u0131z \u00f6z\u00fcn\u00fcn maliyy\u0259 resurslar\u0131na arxalanaraq s\u0131f\u0131rdan yeni \u015f\u0259h\u0259r v\u0259 k\u0259ndl\u0259r sal\u0131r. \u201cZ\u0259f\u0259r Yolu\u201d kimi d\u0259y\u0259rl\u0259ndiril\u0259n F\u00fczuli-\u015eu\u015fa yolu \u00e7\u0259kilib. Qaraba\u011f\u0131n d\u00fcnyaya a\u00e7\u0131lan hava qap\u0131s\u0131 olan F\u00fczuli Beyn\u0259lxalq Hava Liman\u0131\u00a0a\u00e7\u0131l\u0131b.<\/p>\n<p>Elektrik enerjisi il\u0259 ba\u011fl\u0131 layih\u0259l\u0259r icra edilib v\u0259 edil\u0259c\u0259k. \u0130\u00e7m\u0259li su x\u0259tl\u0259rinin \u00e7\u0259kilm\u0259si, k\u0259nd t\u0259s\u0259rr\u00fcfat\u0131 i\u015fl\u0259ri, bir milyon insan\u0131n do\u011fma yurd-yuvas\u0131na qaytar\u0131lmas\u0131 v\u0259 dig\u0259r irih\u0259cmli i\u015fl\u0259r \u201cB\u00f6y\u00fck qay\u0131d\u0131\u015f\u201d \u00e7\u0259r\u00e7iv\u0259sind\u0259 realla\u015fd\u0131r\u0131lacaq.<\/p>\n<p>Daha \u0259trafl\u0131 s\u00fcjetd\u0259:<\/p>\n<div><iframe loading=\"lazy\" title=\"YouTube video player\" src=\"https:\/\/www.youtube.com\/embed\/8k_Iych_jVw\" width=\"560\" height=\"315\" frameborder=\"0\" allowfullscreen=\"allowfullscreen\" data-mce-fragment=\"1\"><\/iframe><\/div>\n<\/div>\n<\/article>\n","protected":false},"excerpt":{"rendered":"<p>\u018frazil\u0259rimiz i\u015f\u011faldan azad edil\u0259nd\u0259n d\u0259rhal sonra geni\u015fmiqyasl\u0131 b\u0259rpa v\u0259 quruculuq i\u015fl\u0259rin\u0259 start verilib. Bir m\u0259qam\u0131 da x\u00fcsusi qeyd etm\u0259liyik ki, Az\u0259rbaycan yaln\u0131z \u00f6z\u00fcn\u00fcn maliyy\u0259 resurslar\u0131na arxalanaraq s\u0131f\u0131rdan yeni \u015f\u0259h\u0259r v\u0259 k\u0259ndl\u0259r sal\u0131r. \u201cZ\u0259f\u0259r Yolu\u201d kimi d\u0259y\u0259rl\u0259ndiril\u0259n F\u00fczuli-\u015eu\u015fa yolu \u00e7\u0259kilib. Qaraba\u011f\u0131n d\u00fcnyaya a\u00e7\u0131lan hava qap\u0131s\u0131 olan F\u00fczuli Beyn\u0259lxalq Hava Liman\u0131\u00a0a\u00e7\u0131l\u0131b. Elektrik enerjisi il\u0259 ba\u011fl\u0131 layih\u0259l\u0259r icra edilib v\u0259 edil\u0259c\u0259k. \u0130\u00e7m\u0259li su x\u0259tl\u0259rinin \u00e7\u0259kilm\u0259si, k\u0259nd t\u0259s\u0259rr\u00fcfat\u0131 i\u015fl\u0259ri, bir milyon insan\u0131n do\u011fma yurd-yuvas\u0131na qaytar\u0131lmas\u0131 v\u0259 dig\u0259r irih\u0259cmli i\u015fl\u0259r \u201cB\u00f6y\u00fck qay\u0131d\u0131\u015f\u201d \u00e7\u0259r\u00e7iv\u0259sind\u0259 realla\u015fd\u0131r\u0131lacaq. Daha \u0259trafl\u0131 s\u00fcjetd\u0259:<\/p>\n","protected":false},"author":2,"featured_media":377223,"comment_status":"closed","ping_status":"closed","sticky":false,"template":"","format":"standard","meta":{"om_disable_all_campaigns":false,"_monsterinsights_skip_tracking":false,"_monsterinsights_sitenote_active":false,"_monsterinsights_sitenote_note":"","_monsterinsights_sitenote_category":0},"categories":[26],"tags":[],"aioseo_notices":[],"gutentor_comment":0,"rttpg_featured_image_url":{"full":["https:\/\/arantv.az\/wp-content\/uploads\/2021\/09\/qarabag3747576.jpg",750,499,false],"landscape":["https:\/\/arantv.az\/wp-content\/uploads\/2021\/09\/qarabag3747576.jpg",750,499,false],"portraits":["https:\/\/arantv.az\/wp-content\/uploads\/2021\/09\/qarabag3747576.jpg",750,499,false],"thumbnail":["https:\/\/arantv.az\/wp-content\/uploads\/2021\/09\/qarabag3747576-500x280.jpg",500,280,true],"medium":["https:\/\/arantv.az\/wp-content\/uploads\/2021\/09\/qarabag3747576-549x365.jpg",549,365,true],"large":["https:\/\/arantv.az\/wp-content\/uploads\/2021\/09\/qarabag3747576.jpg",640,426,false],"1536x1536":["https:\/\/arantv.az\/wp-content\/uploads\/2021\/09\/qarabag3747576.jpg",750,499,false],"2048x2048":["https:\/\/arantv.az\/wp-content\/uploads\/2021\/09\/qarabag3747576.jpg",750,499,false],"post-thumbnail":["https:\/\/arantv.az\/wp-content\/uploads\/2021\/09\/qarabag3747576-240x172.jpg",240,172,true],"advps-thumb-one":["https:\/\/arantv.az\/wp-content\/uploads\/2021\/09\/qarabag3747576.jpg",750,499,false]},"rttpg_author":{"display_name":"V\u00fcsal Rafiqo\u011flu","author_link":"https:\/\/arantv.az\/?author=2"},"rttpg_comment":0,"rttpg_category":"<a href=\"https:\/\/arantv.az\/?cat=26\" rel=\"category\">Sosial<\/a>","rttpg_excerpt":"\u018frazil\u0259rimiz i\u015f\u011faldan azad edil\u0259nd\u0259n d\u0259rhal sonra geni\u015fmiqyasl\u0131 b\u0259rpa v\u0259 quruculuq i\u015fl\u0259rin\u0259 start verilib. Bir m\u0259qam\u0131 da x\u00fcsusi qeyd etm\u0259liyik ki, Az\u0259rbaycan yaln\u0131z \u00f6z\u00fcn\u00fcn maliyy\u0259 resurslar\u0131na arxalanaraq s\u0131f\u0131rdan yeni \u015f\u0259h\u0259r v\u0259 k\u0259ndl\u0259r sal\u0131r. \u201cZ\u0259f\u0259r Yolu\u201d kimi d\u0259y\u0259rl\u0259ndiril\u0259n F\u00fczuli-\u015eu\u015fa yolu \u00e7\u0259kilib. Qaraba\u011f\u0131n d\u00fcnyaya a\u00e7\u0131lan hava qap\u0131s\u0131 olan F\u00fczuli Beyn\u0259lxalq Hava Liman\u0131\u00a0a\u00e7\u0131l\u0131b. Elektrik enerjisi il\u0259 ba\u011fl\u0131 layih\u0259l\u0259r icra&hellip;","_links":{"self":[{"href":"https:\/\/arantv.az\/index.php?rest_route=\/wp\/v2\/posts\/421783"}],"collection":[{"href":"https:\/\/arantv.az\/index.php?rest_route=\/wp\/v2\/posts"}],"about":[{"href":"https:\/\/arantv.az\/index.php?rest_route=\/wp\/v2\/types\/post"}],"author":[{"embeddable":true,"href":"https:\/\/arantv.az\/index.php?rest_route=\/wp\/v2\/users\/2"}],"replies":[{"embeddable":true,"href":"https:\/\/arantv.az\/index.php?rest_route=%2Fwp%2Fv2%2Fcomments&post=421783"}],"version-history":[{"count":0,"href":"https:\/\/arantv.az\/index.php?rest_route=\/wp\/v2\/posts\/421783\/revisions"}],"wp:featuredmedia":[{"embeddable":true,"href":"https:\/\/arantv.az\/index.php?rest_route=\/wp\/v2\/media\/377223"}],"wp:attachment":[{"href":"https:\/\/arantv.az\/index.php?rest_route=%2Fwp%2Fv2%2Fmedia&parent=421783"}],"wp:term":[{"taxonomy":"category","embeddable":true,"href":"https:\/\/arantv.az\/index.php?rest_route=%2Fwp%2Fv2%2Fcategories&post=421783"},{"taxonomy":"post_tag","embeddable":true,"href":"https:\/\/arantv.az\/index.php?rest_route=%2Fwp%2Fv2%2Ftags&post=421783"}],"curies":[{"name":"wp","href":"https:\/\/api.w.org\/{rel}","templated":true}]}}