{"id":421796,"date":"2021-12-31T20:04:31","date_gmt":"2021-12-31T17:04:31","guid":{"rendered":"http:\/\/arantv.az\/?p=421796"},"modified":"2021-12-31T20:04:31","modified_gmt":"2021-12-31T17:04:31","slug":"abs-s%c9%99firi-az%c9%99rbaycan-xalqini-t%c9%99brik-edib-foto","status":"publish","type":"post","link":"https:\/\/arantv.az\/?p=421796","title":{"rendered":"AB\u015e s\u0259firi Az\u0259rbaycan xalq\u0131n\u0131 t\u0259brik edib &#8211; FOTO"},"content":{"rendered":"<p>AB\u015e-\u0131n Az\u0259rbaycandak\u0131 s\u0259firi \u00d6rl Litzenberger Az\u0259rbaycan xalq\u0131n\u0131 Yeni il v\u0259 D\u00fcnya Az\u0259rbaycanl\u0131lar\u0131n\u0131n H\u0259mr\u0259yliyi G\u00fcn\u00fc m\u00fcnasib\u0259til\u0259 t\u0259brik edib.<\/p>\n<p>\u00d6rl Litzenbergerin t\u0259briki AB\u015e s\u0259firliyinin tviter hesab\u0131nda yay\u0131l\u0131b.<\/p>\n<p>\u201cAB\u015e S\u0259firliyinin ad\u0131ndan siz\u0259 xo\u015fb\u0259xt, sa\u011flam v\u0259 firavan Yeni \u0130l arzulay\u0131r v\u0259 D\u00fcnya Az\u0259rbaycanl\u0131lar\u0131n\u0131n H\u0259mr\u0259yliyi G\u00fcn\u00fc m\u00fcnasib\u0259til\u0259 t\u0259brik edirik!\u201d, &#8211; dey\u0259 t\u0259brikd\u0259 deyilir.<\/p>\n<div>\n<div class=\"twitter-tweet twitter-tweet-rendered\"><iframe id=\"twitter-widget-0\" class=\"\" title=\"Twitter Tweet\" src=\"https:\/\/platform.twitter.com\/embed\/Tweet.html?creatorScreenName=oxuaz&amp;dnt=false&amp;embedId=twitter-widget-0&amp;features=eyJ0ZndfZXhwZXJpbWVudHNfY29va2llX2V4cGlyYXRpb24iOnsiYnVja2V0IjoxMjA5NjAwLCJ2ZXJzaW9uIjpudWxsfSwidGZ3X2hvcml6b25fdHdlZXRfZW1iZWRfOTU1NSI6eyJidWNrZXQiOiJodGUiLCJ2ZXJzaW9uIjpudWxsfSwidGZ3X3NwYWNlX2NhcmQiOnsiYnVja2V0Ijoib2ZmIiwidmVyc2lvbiI6bnVsbH19&amp;frame=false&amp;hideCard=false&amp;hideThread=false&amp;id=1476942840412651525&amp;lang=en&amp;origin=https%3A%2F%2Foxu.az%2Fpolitics%2F560300&amp;sessionId=08300dcfc7c3579a58066de1ddd9801f8973f7f3&amp;siteScreenName=oxuaz&amp;theme=light&amp;widgetsVersion=9fd78d5%3A1638479056965&amp;width=550px\" frameborder=\"0\" scrolling=\"no\" allowfullscreen=\"allowfullscreen\" data-tweet-id=\"1476942840412651525\" data-mce-fragment=\"1\"><\/iframe><\/div>\n<\/div>\n<p>&nbsp;<\/p>\n","protected":false},"excerpt":{"rendered":"<p>AB\u015e-\u0131n Az\u0259rbaycandak\u0131 s\u0259firi \u00d6rl Litzenberger Az\u0259rbaycan xalq\u0131n\u0131 Yeni il v\u0259 D\u00fcnya Az\u0259rbaycanl\u0131lar\u0131n\u0131n H\u0259mr\u0259yliyi G\u00fcn\u00fc m\u00fcnasib\u0259til\u0259 t\u0259brik edib. \u00d6rl Litzenbergerin t\u0259briki AB\u015e s\u0259firliyinin tviter hesab\u0131nda yay\u0131l\u0131b. \u201cAB\u015e S\u0259firliyinin ad\u0131ndan siz\u0259 xo\u015fb\u0259xt, sa\u011flam v\u0259 firavan Yeni \u0130l arzulay\u0131r v\u0259 D\u00fcnya Az\u0259rbaycanl\u0131lar\u0131n\u0131n H\u0259mr\u0259yliyi G\u00fcn\u00fc m\u00fcnasib\u0259til\u0259 t\u0259brik edirik!\u201d, &#8211; dey\u0259 t\u0259brikd\u0259 deyilir. &nbsp;<\/p>\n","protected":false},"author":2,"featured_media":421797,"comment_status":"closed","ping_status":"closed","sticky":false,"template":"","format":"standard","meta":{"om_disable_all_campaigns":false,"_monsterinsights_skip_tracking":false,"_monsterinsights_sitenote_active":false,"_monsterinsights_sitenote_note":"","_monsterinsights_sitenote_category":0},"categories":[4],"tags":[],"aioseo_notices":[],"gutentor_comment":0,"rttpg_featured_image_url":{"full":["https:\/\/arantv.az\/wp-content\/uploads\/2021\/12\/FotoJet-89-1.jpg",620,413,false],"landscape":["https:\/\/arantv.az\/wp-content\/uploads\/2021\/12\/FotoJet-89-1.jpg",620,413,false],"portraits":["https:\/\/arantv.az\/wp-content\/uploads\/2021\/12\/FotoJet-89-1.jpg",620,413,false],"thumbnail":["https:\/\/arantv.az\/wp-content\/uploads\/2021\/12\/FotoJet-89-1-500x280.jpg",500,280,true],"medium":["https:\/\/arantv.az\/wp-content\/uploads\/2021\/12\/FotoJet-89-1-548x365.jpg",548,365,true],"large":["https:\/\/arantv.az\/wp-content\/uploads\/2021\/12\/FotoJet-89-1.jpg",620,413,false],"1536x1536":["https:\/\/arantv.az\/wp-content\/uploads\/2021\/12\/FotoJet-89-1.jpg",620,413,false],"2048x2048":["https:\/\/arantv.az\/wp-content\/uploads\/2021\/12\/FotoJet-89-1.jpg",620,413,false],"post-thumbnail":["https:\/\/arantv.az\/wp-content\/uploads\/2021\/12\/FotoJet-89-1-240x172.jpg",240,172,true],"advps-thumb-one":["https:\/\/arantv.az\/wp-content\/uploads\/2021\/12\/FotoJet-89-1.jpg",620,413,false]},"rttpg_author":{"display_name":"V\u00fcsal Rafiqo\u011flu","author_link":"https:\/\/arantv.az\/?author=2"},"rttpg_comment":0,"rttpg_category":"<a href=\"https:\/\/arantv.az\/?cat=4\" rel=\"category\">Siyas\u0259t<\/a>","rttpg_excerpt":"AB\u015e-\u0131n Az\u0259rbaycandak\u0131 s\u0259firi \u00d6rl Litzenberger Az\u0259rbaycan xalq\u0131n\u0131 Yeni il v\u0259 D\u00fcnya Az\u0259rbaycanl\u0131lar\u0131n\u0131n H\u0259mr\u0259yliyi G\u00fcn\u00fc m\u00fcnasib\u0259til\u0259 t\u0259brik edib. \u00d6rl Litzenbergerin t\u0259briki AB\u015e s\u0259firliyinin tviter hesab\u0131nda yay\u0131l\u0131b. \u201cAB\u015e S\u0259firliyinin ad\u0131ndan siz\u0259 xo\u015fb\u0259xt, sa\u011flam v\u0259 firavan Yeni \u0130l arzulay\u0131r v\u0259 D\u00fcnya Az\u0259rbaycanl\u0131lar\u0131n\u0131n H\u0259mr\u0259yliyi G\u00fcn\u00fc m\u00fcnasib\u0259til\u0259 t\u0259brik edirik!\u201d, &#8211; dey\u0259 t\u0259brikd\u0259 deyilir. &nbsp;","_links":{"self":[{"href":"https:\/\/arantv.az\/index.php?rest_route=\/wp\/v2\/posts\/421796"}],"collection":[{"href":"https:\/\/arantv.az\/index.php?rest_route=\/wp\/v2\/posts"}],"about":[{"href":"https:\/\/arantv.az\/index.php?rest_route=\/wp\/v2\/types\/post"}],"author":[{"embeddable":true,"href":"https:\/\/arantv.az\/index.php?rest_route=\/wp\/v2\/users\/2"}],"replies":[{"embeddable":true,"href":"https:\/\/arantv.az\/index.php?rest_route=%2Fwp%2Fv2%2Fcomments&post=421796"}],"version-history":[{"count":0,"href":"https:\/\/arantv.az\/index.php?rest_route=\/wp\/v2\/posts\/421796\/revisions"}],"wp:featuredmedia":[{"embeddable":true,"href":"https:\/\/arantv.az\/index.php?rest_route=\/wp\/v2\/media\/421797"}],"wp:attachment":[{"href":"https:\/\/arantv.az\/index.php?rest_route=%2Fwp%2Fv2%2Fmedia&parent=421796"}],"wp:term":[{"taxonomy":"category","embeddable":true,"href":"https:\/\/arantv.az\/index.php?rest_route=%2Fwp%2Fv2%2Fcategories&post=421796"},{"taxonomy":"post_tag","embeddable":true,"href":"https:\/\/arantv.az\/index.php?rest_route=%2Fwp%2Fv2%2Ftags&post=421796"}],"curies":[{"name":"wp","href":"https:\/\/api.w.org\/{rel}","templated":true}]}}