{"id":421799,"date":"2021-12-31T20:05:35","date_gmt":"2021-12-31T17:05:35","guid":{"rendered":"http:\/\/arantv.az\/?p=421799"},"modified":"2021-12-31T20:05:35","modified_gmt":"2021-12-31T17:05:35","slug":"ictimai-televiziya-kimin-kanalidir-mill%c9%99tin-ya-mill%c9%99t-v%c9%99kill%c9%99rinin-video","status":"publish","type":"post","link":"https:\/\/arantv.az\/?p=421799","title":{"rendered":"\u0130ctimai Televiziya kimin kanal\u0131d\u0131r &#8211; mill\u0259tin, ya mill\u0259t v\u0259kill\u0259rinin? &#8211; V\u0130DEO"},"content":{"rendered":"<p>\u201cMill\u0259t v\u0259kill\u0259rini \u0259l\u0259 salmaqla, s\u0259viyy\u0259siz \u015f\u0259kild\u0259 la\u011fla\u011f\u0131 il\u0259 el\u0259 bilirl\u0259r ki, c\u0259miyy\u0259td\u0259 reytinq qazanacaqlar\u201d.<\/p>\n<p>Bu s\u00f6zl\u0259ri mill\u0259t v\u0259kili Fazil Mustafa \u0130ctimai TV il\u0259 ba\u011fl\u0131 fikirl\u0259rini bildir\u0259rk\u0259n deyib.<\/p>\n<article class=\"news\">\n<div class=\"news-inner\">\n<p>Baku TV \u0259m\u0259kda\u015flar\u0131 \u0259halinin \u0130ctimai TV il\u0259 ba\u011fl\u0131 fikirl\u0259rini \u00f6yr\u0259nm\u0259k \u00fc\u00e7\u00fcn \u015f\u0259h\u0259r m\u0259rk\u0259zind\u0259 sor\u011fu ke\u00e7irib.<\/p>\n<p>\u018fhalinin b\u00f6y\u00fck \u0259ks\u0259riyy\u0259ti bildirib ki, \u0130ctimai TV-d\u0259 yeni r\u0259hb\u0259rlik t\u0259yin olunduqdan sonra kanal daha \u00e7ox inki\u015faf edib.<\/p>\n<p>Buradan da bel\u0259 q\u0259na\u0259t\u0259 g\u0259lm\u0259k m\u00fcmk\u00fcnd\u00fcr ki, \u0130ctimai TV mill\u0259t v\u0259kill\u0259rinin yox, mill\u0259tin kanal\u0131d\u0131r.<\/p>\n<p>Jurnalist Orxan Fikr\u0259to\u011flu deputatlar\u0131n \u0130TV il\u0259 ba\u011fl\u0131 s\u0259rt t\u0259nqidl\u0259rini dinl\u0259dikc\u0259 Mirz\u0259 C\u0259lilin \u201cAynalar\u201d f\u0259ls\u0259f\u0259sini, \u201cMolla N\u0259sr\u0259ddin\u201d jurnal\u0131n\u0131n \u00e7\u0131xd\u0131\u011f\u0131 d\u00f6n\u0259ml\u0259ri xat\u0131rlad\u0131\u011f\u0131n\u0131 deyib.<\/p>\n<p>S\u00f6z\u00fcged\u0259n s\u00fcjeti t\u0259qdim edirik:<\/p>\n<p><iframe loading=\"lazy\" title=\"YouTube video player\" src=\"https:\/\/www.youtube.com\/embed\/S6qoboklBxE\" width=\"560\" height=\"315\" frameborder=\"0\" allowfullscreen=\"allowfullscreen\" data-mce-fragment=\"1\"><\/iframe><\/p>\n<\/div>\n<\/article>\n","protected":false},"excerpt":{"rendered":"<p>\u201cMill\u0259t v\u0259kill\u0259rini \u0259l\u0259 salmaqla, s\u0259viyy\u0259siz \u015f\u0259kild\u0259 la\u011fla\u011f\u0131 il\u0259 el\u0259 bilirl\u0259r ki, c\u0259miyy\u0259td\u0259 reytinq qazanacaqlar\u201d. Bu s\u00f6zl\u0259ri mill\u0259t v\u0259kili Fazil Mustafa \u0130ctimai TV il\u0259 ba\u011fl\u0131 fikirl\u0259rini bildir\u0259rk\u0259n deyib. Baku TV \u0259m\u0259kda\u015flar\u0131 \u0259halinin \u0130ctimai TV il\u0259 ba\u011fl\u0131 fikirl\u0259rini \u00f6yr\u0259nm\u0259k \u00fc\u00e7\u00fcn \u015f\u0259h\u0259r m\u0259rk\u0259zind\u0259 sor\u011fu ke\u00e7irib. \u018fhalinin b\u00f6y\u00fck \u0259ks\u0259riyy\u0259ti bildirib ki, \u0130ctimai TV-d\u0259 yeni r\u0259hb\u0259rlik t\u0259yin olunduqdan sonra kanal daha \u00e7ox inki\u015faf edib. Buradan da bel\u0259 q\u0259na\u0259t\u0259 g\u0259lm\u0259k m\u00fcmk\u00fcnd\u00fcr ki, \u0130ctimai TV mill\u0259t v\u0259kill\u0259rinin yox, mill\u0259tin kanal\u0131d\u0131r. Jurnalist Orxan Fikr\u0259to\u011flu deputatlar\u0131n \u0130TV il\u0259 ba\u011fl\u0131 s\u0259rt t\u0259nqidl\u0259rini dinl\u0259dikc\u0259 Mirz\u0259 C\u0259lilin \u201cAynalar\u201d f\u0259ls\u0259f\u0259sini, \u201cMolla N\u0259sr\u0259ddin\u201d jurnal\u0131n\u0131n&hellip;<\/p>\n","protected":false},"author":2,"featured_media":421800,"comment_status":"closed","ping_status":"closed","sticky":false,"template":"","format":"standard","meta":{"om_disable_all_campaigns":false,"_monsterinsights_skip_tracking":false,"_monsterinsights_sitenote_active":false,"_monsterinsights_sitenote_note":"","_monsterinsights_sitenote_category":0},"categories":[26],"tags":[],"aioseo_notices":[],"gutentor_comment":0,"rttpg_featured_image_url":{"full":["https:\/\/arantv.az\/wp-content\/uploads\/2021\/12\/FotoJet-90-3.jpg",620,413,false],"landscape":["https:\/\/arantv.az\/wp-content\/uploads\/2021\/12\/FotoJet-90-3.jpg",620,413,false],"portraits":["https:\/\/arantv.az\/wp-content\/uploads\/2021\/12\/FotoJet-90-3.jpg",620,413,false],"thumbnail":["https:\/\/arantv.az\/wp-content\/uploads\/2021\/12\/FotoJet-90-3-500x280.jpg",500,280,true],"medium":["https:\/\/arantv.az\/wp-content\/uploads\/2021\/12\/FotoJet-90-3-548x365.jpg",548,365,true],"large":["https:\/\/arantv.az\/wp-content\/uploads\/2021\/12\/FotoJet-90-3.jpg",620,413,false],"1536x1536":["https:\/\/arantv.az\/wp-content\/uploads\/2021\/12\/FotoJet-90-3.jpg",620,413,false],"2048x2048":["https:\/\/arantv.az\/wp-content\/uploads\/2021\/12\/FotoJet-90-3.jpg",620,413,false],"post-thumbnail":["https:\/\/arantv.az\/wp-content\/uploads\/2021\/12\/FotoJet-90-3-240x172.jpg",240,172,true],"advps-thumb-one":["https:\/\/arantv.az\/wp-content\/uploads\/2021\/12\/FotoJet-90-3.jpg",620,413,false]},"rttpg_author":{"display_name":"V\u00fcsal Rafiqo\u011flu","author_link":"https:\/\/arantv.az\/?author=2"},"rttpg_comment":0,"rttpg_category":"<a href=\"https:\/\/arantv.az\/?cat=26\" rel=\"category\">Sosial<\/a>","rttpg_excerpt":"\u201cMill\u0259t v\u0259kill\u0259rini \u0259l\u0259 salmaqla, s\u0259viyy\u0259siz \u015f\u0259kild\u0259 la\u011fla\u011f\u0131 il\u0259 el\u0259 bilirl\u0259r ki, c\u0259miyy\u0259td\u0259 reytinq qazanacaqlar\u201d. Bu s\u00f6zl\u0259ri mill\u0259t v\u0259kili Fazil Mustafa \u0130ctimai TV il\u0259 ba\u011fl\u0131 fikirl\u0259rini bildir\u0259rk\u0259n deyib. Baku TV \u0259m\u0259kda\u015flar\u0131 \u0259halinin \u0130ctimai TV il\u0259 ba\u011fl\u0131 fikirl\u0259rini \u00f6yr\u0259nm\u0259k \u00fc\u00e7\u00fcn \u015f\u0259h\u0259r m\u0259rk\u0259zind\u0259 sor\u011fu ke\u00e7irib. \u018fhalinin b\u00f6y\u00fck \u0259ks\u0259riyy\u0259ti bildirib ki, \u0130ctimai TV-d\u0259 yeni r\u0259hb\u0259rlik t\u0259yin olunduqdan sonra kanal&hellip;","_links":{"self":[{"href":"https:\/\/arantv.az\/index.php?rest_route=\/wp\/v2\/posts\/421799"}],"collection":[{"href":"https:\/\/arantv.az\/index.php?rest_route=\/wp\/v2\/posts"}],"about":[{"href":"https:\/\/arantv.az\/index.php?rest_route=\/wp\/v2\/types\/post"}],"author":[{"embeddable":true,"href":"https:\/\/arantv.az\/index.php?rest_route=\/wp\/v2\/users\/2"}],"replies":[{"embeddable":true,"href":"https:\/\/arantv.az\/index.php?rest_route=%2Fwp%2Fv2%2Fcomments&post=421799"}],"version-history":[{"count":0,"href":"https:\/\/arantv.az\/index.php?rest_route=\/wp\/v2\/posts\/421799\/revisions"}],"wp:featuredmedia":[{"embeddable":true,"href":"https:\/\/arantv.az\/index.php?rest_route=\/wp\/v2\/media\/421800"}],"wp:attachment":[{"href":"https:\/\/arantv.az\/index.php?rest_route=%2Fwp%2Fv2%2Fmedia&parent=421799"}],"wp:term":[{"taxonomy":"category","embeddable":true,"href":"https:\/\/arantv.az\/index.php?rest_route=%2Fwp%2Fv2%2Fcategories&post=421799"},{"taxonomy":"post_tag","embeddable":true,"href":"https:\/\/arantv.az\/index.php?rest_route=%2Fwp%2Fv2%2Ftags&post=421799"}],"curies":[{"name":"wp","href":"https:\/\/api.w.org\/{rel}","templated":true}]}}