{"id":421802,"date":"2021-12-31T20:07:07","date_gmt":"2021-12-31T17:07:07","guid":{"rendered":"http:\/\/arantv.az\/?p=421802"},"modified":"2021-12-31T20:07:07","modified_gmt":"2021-12-31T17:07:07","slug":"qarabag-xronikasinin-75-ci-buraxilisi-moskvanin-qarabagda-rusm%c9%99ramli-missionerliyi-video","status":"publish","type":"post","link":"https:\/\/arantv.az\/?p=421802","title":{"rendered":"\u201cQaraba\u011f xronikas\u0131\u201dn\u0131n 75-ci burax\u0131l\u0131\u015f\u0131: \u201cMoskvan\u0131n Qaraba\u011fda Rusm\u0259raml\u0131 Missionerliyi \u201d- V\u0130DEO"},"content":{"rendered":"<p>Baku TV-nin efirind\u0259 yay\u0131mlanan \u201cQaraba\u011f xronikas\u0131\u201d verili\u015finin 75-ci burax\u0131l\u0131\u015f\u0131 efir\u0259 gedib.<br \/>\nVerili\u015fin apar\u0131c\u0131s\u0131, h\u0259rbi m\u00fcxbir F\u0259rdin \u0130sazad\u0259 bud\u0259f\u0259ki burax\u0131l\u0131\u015fda, Rusiyan\u0131n Qaraba\u011fdak\u0131 s\u00fclhm\u0259raml\u0131lar\u0131 haqq\u0131nda dan\u0131\u015f\u0131b.<\/p>\n<p>O bildirib ki, onlar s\u00fclhm\u0259raml\u0131 yox, Moskvan\u0131n Qaraba\u011fdak\u0131 Rusm\u0259raml\u0131 Missionerl\u0259ridir.<\/p>\n<p>\u201c2021-ci ilin son g\u00fcnl\u0259rind\u0259 bu m\u00f6vzuya toxunma\u011f\u0131m\u0131z\u0131n x\u00fcsusi v\u0259 olduqca vacib s\u0259b\u0259bl\u0259ri var. Bizim son 30 ild\u0259 qar\u015f\u0131m\u0131zda duran bir missiyam\u0131z var idi, o da i\u015f\u011fal alt\u0131nda olan torpaqlar\u0131m\u0131z\u0131 d\u00fc\u015fm\u0259n tapda\u011f\u0131ndan xilas etm\u0259k. Bu amala 2020-ci ilin pay\u0131z ay\u0131nda nail olduq. Bu g\u00fcn is\u0259 \u00e7iynimizin \u0259n a\u011f\u0131r y\u00fck\u00fc azad edil\u0259n torpaqlar\u0131 minalardan t\u0259mizl\u0259yib, dir\u00e7\u0259ldib yeni h\u0259yat verm\u0259kdir\u201d \u2013 dey\u0259, o qeyd edib.<\/p>\n<p>Daha \u0259trafl\u0131 s\u00f6z\u00fcged\u0259n s\u00fcjetd\u0259:<\/p>\n<div><iframe loading=\"lazy\" title=\"YouTube video player\" src=\"https:\/\/www.youtube.com\/embed\/WHN7SfQjglM\" width=\"560\" height=\"315\" frameborder=\"0\" allowfullscreen=\"allowfullscreen\" data-mce-fragment=\"1\"><\/iframe><\/div>\n<p>&nbsp;<\/p>\n","protected":false},"excerpt":{"rendered":"<p>Baku TV-nin efirind\u0259 yay\u0131mlanan \u201cQaraba\u011f xronikas\u0131\u201d verili\u015finin 75-ci burax\u0131l\u0131\u015f\u0131 efir\u0259 gedib. Verili\u015fin apar\u0131c\u0131s\u0131, h\u0259rbi m\u00fcxbir F\u0259rdin \u0130sazad\u0259 bud\u0259f\u0259ki burax\u0131l\u0131\u015fda, Rusiyan\u0131n Qaraba\u011fdak\u0131 s\u00fclhm\u0259raml\u0131lar\u0131 haqq\u0131nda dan\u0131\u015f\u0131b. O bildirib ki, onlar s\u00fclhm\u0259raml\u0131 yox, Moskvan\u0131n Qaraba\u011fdak\u0131 Rusm\u0259raml\u0131 Missionerl\u0259ridir. \u201c2021-ci ilin son g\u00fcnl\u0259rind\u0259 bu m\u00f6vzuya toxunma\u011f\u0131m\u0131z\u0131n x\u00fcsusi v\u0259 olduqca vacib s\u0259b\u0259bl\u0259ri var. Bizim son 30 ild\u0259 qar\u015f\u0131m\u0131zda duran bir missiyam\u0131z var idi, o da i\u015f\u011fal alt\u0131nda olan torpaqlar\u0131m\u0131z\u0131 d\u00fc\u015fm\u0259n tapda\u011f\u0131ndan xilas etm\u0259k. Bu amala 2020-ci ilin pay\u0131z ay\u0131nda nail olduq. Bu g\u00fcn is\u0259 \u00e7iynimizin \u0259n a\u011f\u0131r y\u00fck\u00fc azad edil\u0259n torpaqlar\u0131 minalardan t\u0259mizl\u0259yib, dir\u00e7\u0259ldib yeni h\u0259yat&hellip;<\/p>\n","protected":false},"author":2,"featured_media":421803,"comment_status":"closed","ping_status":"closed","sticky":false,"template":"","format":"standard","meta":{"om_disable_all_campaigns":false,"_monsterinsights_skip_tracking":false,"_monsterinsights_sitenote_active":false,"_monsterinsights_sitenote_note":"","_monsterinsights_sitenote_category":0},"categories":[26],"tags":[],"aioseo_notices":[],"gutentor_comment":0,"rttpg_featured_image_url":{"full":["https:\/\/arantv.az\/wp-content\/uploads\/2021\/12\/aa8b3fdf-70db-4981-87ea-d63b235ac89c-1-1.jpg",620,413,false],"landscape":["https:\/\/arantv.az\/wp-content\/uploads\/2021\/12\/aa8b3fdf-70db-4981-87ea-d63b235ac89c-1-1.jpg",620,413,false],"portraits":["https:\/\/arantv.az\/wp-content\/uploads\/2021\/12\/aa8b3fdf-70db-4981-87ea-d63b235ac89c-1-1.jpg",620,413,false],"thumbnail":["https:\/\/arantv.az\/wp-content\/uploads\/2021\/12\/aa8b3fdf-70db-4981-87ea-d63b235ac89c-1-1-500x280.jpg",500,280,true],"medium":["https:\/\/arantv.az\/wp-content\/uploads\/2021\/12\/aa8b3fdf-70db-4981-87ea-d63b235ac89c-1-1-548x365.jpg",548,365,true],"large":["https:\/\/arantv.az\/wp-content\/uploads\/2021\/12\/aa8b3fdf-70db-4981-87ea-d63b235ac89c-1-1.jpg",620,413,false],"1536x1536":["https:\/\/arantv.az\/wp-content\/uploads\/2021\/12\/aa8b3fdf-70db-4981-87ea-d63b235ac89c-1-1.jpg",620,413,false],"2048x2048":["https:\/\/arantv.az\/wp-content\/uploads\/2021\/12\/aa8b3fdf-70db-4981-87ea-d63b235ac89c-1-1.jpg",620,413,false],"post-thumbnail":["https:\/\/arantv.az\/wp-content\/uploads\/2021\/12\/aa8b3fdf-70db-4981-87ea-d63b235ac89c-1-1-240x172.jpg",240,172,true],"advps-thumb-one":["https:\/\/arantv.az\/wp-content\/uploads\/2021\/12\/aa8b3fdf-70db-4981-87ea-d63b235ac89c-1-1.jpg",620,413,false]},"rttpg_author":{"display_name":"V\u00fcsal Rafiqo\u011flu","author_link":"https:\/\/arantv.az\/?author=2"},"rttpg_comment":0,"rttpg_category":"<a href=\"https:\/\/arantv.az\/?cat=26\" rel=\"category\">Sosial<\/a>","rttpg_excerpt":"Baku TV-nin efirind\u0259 yay\u0131mlanan \u201cQaraba\u011f xronikas\u0131\u201d verili\u015finin 75-ci burax\u0131l\u0131\u015f\u0131 efir\u0259 gedib. Verili\u015fin apar\u0131c\u0131s\u0131, h\u0259rbi m\u00fcxbir F\u0259rdin \u0130sazad\u0259 bud\u0259f\u0259ki burax\u0131l\u0131\u015fda, Rusiyan\u0131n Qaraba\u011fdak\u0131 s\u00fclhm\u0259raml\u0131lar\u0131 haqq\u0131nda dan\u0131\u015f\u0131b. O bildirib ki, onlar s\u00fclhm\u0259raml\u0131 yox, Moskvan\u0131n Qaraba\u011fdak\u0131 Rusm\u0259raml\u0131 Missionerl\u0259ridir. \u201c2021-ci ilin son g\u00fcnl\u0259rind\u0259 bu m\u00f6vzuya toxunma\u011f\u0131m\u0131z\u0131n x\u00fcsusi v\u0259 olduqca vacib s\u0259b\u0259bl\u0259ri var. Bizim son 30 ild\u0259 qar\u015f\u0131m\u0131zda duran bir missiyam\u0131z&hellip;","_links":{"self":[{"href":"https:\/\/arantv.az\/index.php?rest_route=\/wp\/v2\/posts\/421802"}],"collection":[{"href":"https:\/\/arantv.az\/index.php?rest_route=\/wp\/v2\/posts"}],"about":[{"href":"https:\/\/arantv.az\/index.php?rest_route=\/wp\/v2\/types\/post"}],"author":[{"embeddable":true,"href":"https:\/\/arantv.az\/index.php?rest_route=\/wp\/v2\/users\/2"}],"replies":[{"embeddable":true,"href":"https:\/\/arantv.az\/index.php?rest_route=%2Fwp%2Fv2%2Fcomments&post=421802"}],"version-history":[{"count":0,"href":"https:\/\/arantv.az\/index.php?rest_route=\/wp\/v2\/posts\/421802\/revisions"}],"wp:featuredmedia":[{"embeddable":true,"href":"https:\/\/arantv.az\/index.php?rest_route=\/wp\/v2\/media\/421803"}],"wp:attachment":[{"href":"https:\/\/arantv.az\/index.php?rest_route=%2Fwp%2Fv2%2Fmedia&parent=421802"}],"wp:term":[{"taxonomy":"category","embeddable":true,"href":"https:\/\/arantv.az\/index.php?rest_route=%2Fwp%2Fv2%2Fcategories&post=421802"},{"taxonomy":"post_tag","embeddable":true,"href":"https:\/\/arantv.az\/index.php?rest_route=%2Fwp%2Fv2%2Ftags&post=421802"}],"curies":[{"name":"wp","href":"https:\/\/api.w.org\/{rel}","templated":true}]}}