{"id":423070,"date":"2022-01-06T16:32:33","date_gmt":"2022-01-06T13:32:33","guid":{"rendered":"http:\/\/arantv.az\/?p=423070"},"modified":"2022-01-06T16:32:33","modified_gmt":"2022-01-06T13:32:33","slug":"nomr%c9%99siz-masin-sur%c9%99nl%c9%99rin-n%c9%99z%c9%99rin%c9%99-dyp-x%c9%99b%c9%99rdarliq-etdi-video","status":"publish","type":"post","link":"https:\/\/arantv.az\/?p=423070","title":{"rendered":"N\u00f6mr\u0259siz ma\u015f\u0131n s\u00fcr\u0259nl\u0259rin N\u018fZ\u018fR\u0130N\u018f: DYP x\u0259b\u0259rdarl\u0131q etdi &#8211; V\u0130DEO"},"content":{"rendered":"<p>Avtomobilin d\u00f6vl\u0259t n\u00f6mr\u0259 ni\u015fan\u0131n\u0131 \u00e7\u0131xarmaqla yana\u015f\u0131 sayr\u0131\u015fan i\u015f\u0131qlardan istifad\u0259 etm\u0259kl\u0259 n\u0259qliyyat vasit\u0259sinin idar\u0259 edilm\u0259si\u00a0dig\u0259r h\u0259r\u0259k\u0259t i\u015ftirak\u00e7\u0131lar\u0131n\u0131n naraz\u0131l\u0131\u011f\u0131na s\u0259b\u0259b olub.<\/p>\n<p><strong>ARANTV.AZ<\/strong>\u00a0x\u0259b\u0259r verir ki, bununla ba\u011fl\u0131 videog\u00f6r\u00fcnt\u00fcl\u0259r sosial \u015f\u0259b\u0259k\u0259d\u0259 yay\u0131mlan\u0131b. Bel\u0259 ki, NAZ \u201cLifan\u201d markal\u0131 avtomobilin s\u00fcr\u00fcc\u00fcs\u00fc n\u0259qliyyat vasit\u0259sinin d\u00f6vl\u0259t n\u00f6mr\u0259 ni\u015fan\u0131n\u0131 \u00e7\u0131xar\u0131b.<\/p>\n<div class=\"AdviadNativeVideo\"><\/div>\n<p>S\u00fcr\u00fcc\u00fcn\u00fcn bu davran\u0131\u015f\u0131 is\u0259 dig\u0259r h\u0259r\u0259k\u0259t i\u015ftirak\u00e7\u0131lar\u0131 t\u0259r\u0259find\u0259n birm\u0259nal\u0131 qar\u015f\u0131lanmay\u0131b.<\/p>\n<p>M\u0259s\u0259l\u0259 il\u0259 ba\u011fl\u0131 Ba\u015f D\u00f6vl\u0259t Yol Polisi \u0130dar\u0259sinin r\u0259smisi polis polkovnik-leytenant\u0131 M\u00fcbariz A\u011fayev\u00a0Oxu.Az-a a\u00e7\u0131qlamas\u0131nda bildirib ki,\u00a0zaman-zaman b\u0259zi s\u00fcr\u00fcc\u00fcl\u0259rin n\u0259qliyyat vasit\u0259sinin d\u00f6vl\u0259t n\u00f6mr\u0259 ni\u015fan\u0131n\u0131 \u00e7\u0131xararaq h\u0259r\u0259k\u0259t etdikl\u0259rinin \u015fahidi oluruq:<\/p>\n<p>\u201cAyr\u0131-ayr\u0131 \u015f\u0259xsl\u0259rin idar\u0259 etdikl\u0259ri n\u0259qliyyat vasit\u0259l\u0259rinin d\u00f6vl\u0259t qeydiyyat ni\u015fan\u0131n\u0131 \u00e7\u0131xararaq, yol h\u0259r\u0259k\u0259tind\u0259 i\u015ftirak etm\u0259si qanunla yolverilm\u0259zdir. Bu kimi \u0259m\u0259ll\u0259r\u0259 yol ver\u0259nl\u0259rin \u0259sas m\u0259qs\u0259di yol h\u0259r\u0259k\u0259ti qaydalar\u0131n\u0131 pozduqlar\u0131 zaman, yollarda olan x\u00fcsusi texniki vasit\u0259l\u0259rd\u0259n yay\u0131nmaqd\u0131r. Bu da \u00f6z n\u00f6vb\u0259sind\u0259 qayda pozuntusu v\u0259 dig\u0259r h\u0259r\u0259k\u0259t i\u015ftirak\u00e7\u0131lar\u0131n\u0131n h\u00fcquqlar\u0131n\u0131n pozulmas\u0131 dem\u0259kdir.<\/p>\n<p>Bununla yana\u015f\u0131 qanunlara qar\u015f\u0131 ciddi h\u00f6rm\u0259tsizlikdir. Dig\u0259r t\u0259r\u0259fd\u0259n is\u0259 b\u0259z\u0259n d\u00f6vl\u0259t t\u0259r\u0259find\u0259n imtiyazl\u0131 \u015f\u0259xsl\u0259r\u0259 verilmi\u015f n\u0259qliyyat vasit\u0259l\u0259rin\u0259 qanunla qada\u011fan olunmu\u015f \u00f6rt\u00fckl\u0259r \u00e7\u0259kilmi\u015f, d\u00f6vl\u0259t qeydiyyat ni\u015fan\u0131 \u00e7\u0131xar\u0131lm\u0131\u015f v\u0259ziyy\u0259td\u0259, el\u0259c\u0259 d\u0259 sayr\u0131\u015fan i\u015f\u0131q cihazlar\u0131ndan istifad\u0259 edilm\u0259si hallar\u0131na rast g\u0259linir. Bu da \u00f6z n\u00f6vb\u0259sind\u0259 c\u0259miyy\u0259td\u0259 birm\u0259nal\u0131 qar\u015f\u0131lanm\u0131r. Haql\u0131 olaraq dig\u0259r h\u0259r\u0259k\u0259t i\u015ftirak\u00e7\u0131lar\u0131n\u0131n naraz\u0131l\u0131qlar\u0131na v\u0259 yersiz m\u00fcbahis\u0259l\u0259r\u0259 s\u0259b\u0259b olur. Odur ki, h\u0259r bir s\u00fcr\u00fcc\u00fc qayda pozuntusunun\u00a0mahiyy\u0259tini d\u00fczg\u00fcn ba\u015fa d\u00fc\u015fm\u0259li, n\u0259qliyyat vasit\u0259sini qanunlar\u0131n t\u0259l\u0259bin\u0259 riay\u0259t etm\u0259kl\u0259 idar\u0259 etm\u0259li, qanunlara v\u0259 dig\u0259r h\u0259r\u0259k\u0259t i\u015ftirak\u00e7\u0131lar\u0131na h\u00f6rm\u0259tl\u0259 yana\u015fmal\u0131d\u0131r\u201d.<\/p>\n<div><iframe id=\"instagram-embed-0\" class=\"instagram-media instagram-media-rendered\" src=\"https:\/\/www.instagram.com\/tv\/CYY7NCxKImY\/embed\/captioned\/?cr=1&amp;v=14&amp;wp=540&amp;rd=https%3A%2F%2Foxu.az&amp;rp=%2Fsociety%2F561691#%7B%22ci%22%3A0%2C%22os%22%3A5766%2C%22ls%22%3A4484.300000000047%2C%22le%22%3A4488%7D\" height=\"835\" frameborder=\"0\" scrolling=\"no\" allowfullscreen=\"allowfullscreen\" data-instgrm-payload-id=\"instagram-media-payload-0\" data-mce-fragment=\"1\"><\/iframe><\/div>\n","protected":false},"excerpt":{"rendered":"<p>Avtomobilin d\u00f6vl\u0259t n\u00f6mr\u0259 ni\u015fan\u0131n\u0131 \u00e7\u0131xarmaqla yana\u015f\u0131 sayr\u0131\u015fan i\u015f\u0131qlardan istifad\u0259 etm\u0259kl\u0259 n\u0259qliyyat vasit\u0259sinin idar\u0259 edilm\u0259si\u00a0dig\u0259r h\u0259r\u0259k\u0259t i\u015ftirak\u00e7\u0131lar\u0131n\u0131n naraz\u0131l\u0131\u011f\u0131na s\u0259b\u0259b olub. ARANTV.AZ\u00a0x\u0259b\u0259r verir ki, bununla ba\u011fl\u0131 videog\u00f6r\u00fcnt\u00fcl\u0259r sosial \u015f\u0259b\u0259k\u0259d\u0259 yay\u0131mlan\u0131b. Bel\u0259 ki, NAZ \u201cLifan\u201d markal\u0131 avtomobilin s\u00fcr\u00fcc\u00fcs\u00fc n\u0259qliyyat vasit\u0259sinin d\u00f6vl\u0259t n\u00f6mr\u0259 ni\u015fan\u0131n\u0131 \u00e7\u0131xar\u0131b. S\u00fcr\u00fcc\u00fcn\u00fcn bu davran\u0131\u015f\u0131 is\u0259 dig\u0259r h\u0259r\u0259k\u0259t i\u015ftirak\u00e7\u0131lar\u0131 t\u0259r\u0259find\u0259n birm\u0259nal\u0131 qar\u015f\u0131lanmay\u0131b. M\u0259s\u0259l\u0259 il\u0259 ba\u011fl\u0131 Ba\u015f D\u00f6vl\u0259t Yol Polisi \u0130dar\u0259sinin r\u0259smisi polis polkovnik-leytenant\u0131 M\u00fcbariz A\u011fayev\u00a0Oxu.Az-a a\u00e7\u0131qlamas\u0131nda bildirib ki,\u00a0zaman-zaman b\u0259zi s\u00fcr\u00fcc\u00fcl\u0259rin n\u0259qliyyat vasit\u0259sinin d\u00f6vl\u0259t n\u00f6mr\u0259 ni\u015fan\u0131n\u0131 \u00e7\u0131xararaq h\u0259r\u0259k\u0259t etdikl\u0259rinin \u015fahidi oluruq: \u201cAyr\u0131-ayr\u0131 \u015f\u0259xsl\u0259rin idar\u0259 etdikl\u0259ri n\u0259qliyyat vasit\u0259l\u0259rinin d\u00f6vl\u0259t qeydiyyat ni\u015fan\u0131n\u0131 \u00e7\u0131xararaq, yol&hellip;<\/p>\n","protected":false},"author":2,"featured_media":423071,"comment_status":"closed","ping_status":"closed","sticky":false,"template":"","format":"standard","meta":{"om_disable_all_campaigns":false,"_monsterinsights_skip_tracking":false,"_monsterinsights_sitenote_active":false,"_monsterinsights_sitenote_note":"","_monsterinsights_sitenote_category":0},"categories":[26],"tags":[],"aioseo_notices":[],"gutentor_comment":0,"rttpg_featured_image_url":{"full":["https:\/\/arantv.az\/wp-content\/uploads\/2022\/01\/FotoJet-2022-01-06T170310.999.jpg",620,413,false],"landscape":["https:\/\/arantv.az\/wp-content\/uploads\/2022\/01\/FotoJet-2022-01-06T170310.999.jpg",620,413,false],"portraits":["https:\/\/arantv.az\/wp-content\/uploads\/2022\/01\/FotoJet-2022-01-06T170310.999.jpg",620,413,false],"thumbnail":["https:\/\/arantv.az\/wp-content\/uploads\/2022\/01\/FotoJet-2022-01-06T170310.999-500x280.jpg",500,280,true],"medium":["https:\/\/arantv.az\/wp-content\/uploads\/2022\/01\/FotoJet-2022-01-06T170310.999-548x365.jpg",548,365,true],"large":["https:\/\/arantv.az\/wp-content\/uploads\/2022\/01\/FotoJet-2022-01-06T170310.999.jpg",620,413,false],"1536x1536":["https:\/\/arantv.az\/wp-content\/uploads\/2022\/01\/FotoJet-2022-01-06T170310.999.jpg",620,413,false],"2048x2048":["https:\/\/arantv.az\/wp-content\/uploads\/2022\/01\/FotoJet-2022-01-06T170310.999.jpg",620,413,false],"post-thumbnail":["https:\/\/arantv.az\/wp-content\/uploads\/2022\/01\/FotoJet-2022-01-06T170310.999-240x172.jpg",240,172,true],"advps-thumb-one":["https:\/\/arantv.az\/wp-content\/uploads\/2022\/01\/FotoJet-2022-01-06T170310.999.jpg",620,413,false]},"rttpg_author":{"display_name":"V\u00fcsal Rafiqo\u011flu","author_link":"https:\/\/arantv.az\/?author=2"},"rttpg_comment":0,"rttpg_category":"<a href=\"https:\/\/arantv.az\/?cat=26\" rel=\"category\">Sosial<\/a>","rttpg_excerpt":"Avtomobilin d\u00f6vl\u0259t n\u00f6mr\u0259 ni\u015fan\u0131n\u0131 \u00e7\u0131xarmaqla yana\u015f\u0131 sayr\u0131\u015fan i\u015f\u0131qlardan istifad\u0259 etm\u0259kl\u0259 n\u0259qliyyat vasit\u0259sinin idar\u0259 edilm\u0259si\u00a0dig\u0259r h\u0259r\u0259k\u0259t i\u015ftirak\u00e7\u0131lar\u0131n\u0131n naraz\u0131l\u0131\u011f\u0131na s\u0259b\u0259b olub. ARANTV.AZ\u00a0x\u0259b\u0259r verir ki, bununla ba\u011fl\u0131 videog\u00f6r\u00fcnt\u00fcl\u0259r sosial \u015f\u0259b\u0259k\u0259d\u0259 yay\u0131mlan\u0131b. Bel\u0259 ki, NAZ \u201cLifan\u201d markal\u0131 avtomobilin s\u00fcr\u00fcc\u00fcs\u00fc n\u0259qliyyat vasit\u0259sinin d\u00f6vl\u0259t n\u00f6mr\u0259 ni\u015fan\u0131n\u0131 \u00e7\u0131xar\u0131b. S\u00fcr\u00fcc\u00fcn\u00fcn bu davran\u0131\u015f\u0131 is\u0259 dig\u0259r h\u0259r\u0259k\u0259t i\u015ftirak\u00e7\u0131lar\u0131 t\u0259r\u0259find\u0259n birm\u0259nal\u0131 qar\u015f\u0131lanmay\u0131b. M\u0259s\u0259l\u0259 il\u0259 ba\u011fl\u0131 Ba\u015f&hellip;","_links":{"self":[{"href":"https:\/\/arantv.az\/index.php?rest_route=\/wp\/v2\/posts\/423070"}],"collection":[{"href":"https:\/\/arantv.az\/index.php?rest_route=\/wp\/v2\/posts"}],"about":[{"href":"https:\/\/arantv.az\/index.php?rest_route=\/wp\/v2\/types\/post"}],"author":[{"embeddable":true,"href":"https:\/\/arantv.az\/index.php?rest_route=\/wp\/v2\/users\/2"}],"replies":[{"embeddable":true,"href":"https:\/\/arantv.az\/index.php?rest_route=%2Fwp%2Fv2%2Fcomments&post=423070"}],"version-history":[{"count":0,"href":"https:\/\/arantv.az\/index.php?rest_route=\/wp\/v2\/posts\/423070\/revisions"}],"wp:featuredmedia":[{"embeddable":true,"href":"https:\/\/arantv.az\/index.php?rest_route=\/wp\/v2\/media\/423071"}],"wp:attachment":[{"href":"https:\/\/arantv.az\/index.php?rest_route=%2Fwp%2Fv2%2Fmedia&parent=423070"}],"wp:term":[{"taxonomy":"category","embeddable":true,"href":"https:\/\/arantv.az\/index.php?rest_route=%2Fwp%2Fv2%2Fcategories&post=423070"},{"taxonomy":"post_tag","embeddable":true,"href":"https:\/\/arantv.az\/index.php?rest_route=%2Fwp%2Fv2%2Ftags&post=423070"}],"curies":[{"name":"wp","href":"https:\/\/api.w.org\/{rel}","templated":true}]}}