{"id":423190,"date":"2022-01-07T13:15:35","date_gmt":"2022-01-07T10:15:35","guid":{"rendered":"http:\/\/arantv.az\/?p=423190"},"modified":"2022-01-07T13:16:21","modified_gmt":"2022-01-07T10:16:21","slug":"arvadinin-baltalayib-oldurduyu-m%c9%99mur-oglunun-goruntul%c9%99ri-foto","status":"publish","type":"post","link":"https:\/\/arantv.az\/?p=423190","title":{"rendered":"Arvad\u0131n\u0131n baltalay\u0131b \u00f6ld\u00fcrd\u00fcy\u00fc m\u0259mur o\u011flunun g\u00f6r\u00fcnt\u00fcl\u0259ri &#8211; FOTO"},"content":{"rendered":"<p>Az\u0259rbaycanda t\u00f6r\u0259dil\u0259n d\u0259h\u015f\u0259tli q\u0259tlin g\u00f6r\u00fcnt\u00fcl\u0259ri yay\u0131l\u0131b.<\/p>\n<p>Lent.az\u00a0A\u011fstafada h\u0259yat yolda\u015f\u0131 t\u0259r\u0259find\u0259n yataqda baltalanaraq \u00f6ld\u00fcr\u00fcl\u0259n m\u0259mur o\u011flunun \u0259n son fotolar\u0131n\u0131 \u0259ld\u0259 edib.<\/p>\n<div class=\"AdviadNativeVideo\"><\/div>\n<p>H\u0259min fotolar\u0131 t\u0259qdim edirik:<\/p>\n<p>&nbsp;<\/p>\n<div class=\"gallery\">\n<div class=\"gallery-i\">\n<p><img src=\"https:\/\/cdn.oxu.az\/uploads\/W1siZiIsIjIwMjIvMDEvMDcvMTIvMjMvMjcvMGNiNGM4OTYtZGNhOC00NDM4LTkxZjUtMTVmZmFjM2VjYzAyL2PEsW5heWV0IHlhdGFxZGEgb2x1IDFfMTY0MTUzOTk2NS5qcGciXSxbInAiLCJlbmNvZGUiLCJqcGciLCItcXVhbGl0eSA4MCJdLFsicCIsInRodW1iIiwiNTkweDU5MFx1MDAzZSJdXQ?sha=7f691cc5b0a5f840\" alt=\"\" \/><\/p>\n<div class=\"gallery-i-caption\"><\/div>\n<\/div>\n<div class=\"gallery-i\">\n<p><img src=\"https:\/\/cdn.oxu.az\/uploads\/W1siZiIsIjIwMjIvMDEvMDcvMTIvMjMvMjcvOTVlNDZjZjctM2RiOC00YTM4LTkxOGQtMGQ2YjM0NjhlNGE0L2PEsW5heWV0IHlhdGFxZGEgb2x1XzE2NDE1Mzk4ODguanBnIl0sWyJwIiwiZW5jb2RlIiwianBnIiwiLXF1YWxpdHkgODAiXSxbInAiLCJ0aHVtYiIsIjU5MHg1OTBcdTAwM2UiXV0?sha=bfb60a1f5c8f5aaf\" alt=\"\" \/><\/p>\n<div class=\"gallery-i-caption\"><\/div>\n<\/div>\n<\/div>\n<p>Xat\u0131rladaq ki, m\u0259lum hadis\u0259 yanvar\u0131n 4-d\u0259 A\u011fstafan\u0131n Da\u011f K\u0259s\u0259m\u0259n k\u0259ndind\u0259 qeyd\u0259 al\u0131n\u0131b.<\/p>\n<p>K\u0259nd sakini, 1984-c\u00fc il t\u0259v\u0259llu\u0308dlu\u0308 Elvin Abdullayev ya\u015fad\u0131\u011f\u0131 evd\u0259 arvad\u0131, 1985-ci il t\u0259v\u0259ll\u00fcdl\u00fc Aynur Abdullayeva t\u0259r\u0259find\u0259n ba\u015f\u0131ndan balta il\u0259 vurularaq \u00f6ld\u00fcr\u00fcl\u00fcb.<\/p>\n<p>Qeyd ed\u0259k ki, q\u0259tl\u0259 yetiril\u0259n E.Abdullayev D\u00f6vl\u0259t S\u0131\u011forta Agentliyin Qazax filial\u0131n\u0131n direktoru M\u00fcbariz Abdullayevin o\u011fludur.<\/p>\n<p>\u0130lkin m\u0259lumata g\u00f6r\u0259, E.Abdullayevin atas\u0131 il\u0259 m\u00fcnasib\u0259tl\u0259ri yax\u015f\u0131 olmay\u0131b. Bu s\u0259b\u0259bd\u0259n d\u0259 o, qay\u0131natas\u0131n\u0131n evind\u0259 qal\u0131rm\u0131\u015f.<\/p>\n<p>E.Abdullayevin h\u0259yat yolda\u015f\u0131 il\u0259 aralar\u0131nda tez-tez ail\u0259 m\u00fcnasib\u0259tl\u0259ri z\u0259minind\u0259 m\u00fcnaqi\u015f\u0259 olub.<\/p>\n","protected":false},"excerpt":{"rendered":"<p>Az\u0259rbaycanda t\u00f6r\u0259dil\u0259n d\u0259h\u015f\u0259tli q\u0259tlin g\u00f6r\u00fcnt\u00fcl\u0259ri yay\u0131l\u0131b. Lent.az\u00a0A\u011fstafada h\u0259yat yolda\u015f\u0131 t\u0259r\u0259find\u0259n yataqda baltalanaraq \u00f6ld\u00fcr\u00fcl\u0259n m\u0259mur o\u011flunun \u0259n son fotolar\u0131n\u0131 \u0259ld\u0259 edib. H\u0259min fotolar\u0131 t\u0259qdim edirik: &nbsp; Xat\u0131rladaq ki, m\u0259lum hadis\u0259 yanvar\u0131n 4-d\u0259 A\u011fstafan\u0131n Da\u011f K\u0259s\u0259m\u0259n k\u0259ndind\u0259 qeyd\u0259 al\u0131n\u0131b. K\u0259nd sakini, 1984-c\u00fc il t\u0259v\u0259llu\u0308dlu\u0308 Elvin Abdullayev ya\u015fad\u0131\u011f\u0131 evd\u0259 arvad\u0131, 1985-ci il t\u0259v\u0259ll\u00fcdl\u00fc Aynur Abdullayeva t\u0259r\u0259find\u0259n ba\u015f\u0131ndan balta il\u0259 vurularaq \u00f6ld\u00fcr\u00fcl\u00fcb. Qeyd ed\u0259k ki, q\u0259tl\u0259 yetiril\u0259n E.Abdullayev D\u00f6vl\u0259t S\u0131\u011forta Agentliyin Qazax filial\u0131n\u0131n direktoru M\u00fcbariz Abdullayevin o\u011fludur. \u0130lkin m\u0259lumata g\u00f6r\u0259, E.Abdullayevin atas\u0131 il\u0259 m\u00fcnasib\u0259tl\u0259ri yax\u015f\u0131 olmay\u0131b. Bu s\u0259b\u0259bd\u0259n d\u0259 o, qay\u0131natas\u0131n\u0131n evind\u0259 qal\u0131rm\u0131\u015f. E.Abdullayevin&hellip;<\/p>\n","protected":false},"author":2,"featured_media":423191,"comment_status":"closed","ping_status":"closed","sticky":false,"template":"","format":"standard","meta":{"om_disable_all_campaigns":false,"_monsterinsights_skip_tracking":false,"_monsterinsights_sitenote_active":false,"_monsterinsights_sitenote_note":"","_monsterinsights_sitenote_category":0},"categories":[5],"tags":[],"aioseo_notices":[],"gutentor_comment":0,"rttpg_featured_image_url":{"full":["https:\/\/arantv.az\/wp-content\/uploads\/2022\/01\/FotoJet-2022-01-07T122419.646.jpg",620,413,false],"landscape":["https:\/\/arantv.az\/wp-content\/uploads\/2022\/01\/FotoJet-2022-01-07T122419.646.jpg",620,413,false],"portraits":["https:\/\/arantv.az\/wp-content\/uploads\/2022\/01\/FotoJet-2022-01-07T122419.646.jpg",620,413,false],"thumbnail":["https:\/\/arantv.az\/wp-content\/uploads\/2022\/01\/FotoJet-2022-01-07T122419.646-500x280.jpg",500,280,true],"medium":["https:\/\/arantv.az\/wp-content\/uploads\/2022\/01\/FotoJet-2022-01-07T122419.646-548x365.jpg",548,365,true],"large":["https:\/\/arantv.az\/wp-content\/uploads\/2022\/01\/FotoJet-2022-01-07T122419.646.jpg",620,413,false],"1536x1536":["https:\/\/arantv.az\/wp-content\/uploads\/2022\/01\/FotoJet-2022-01-07T122419.646.jpg",620,413,false],"2048x2048":["https:\/\/arantv.az\/wp-content\/uploads\/2022\/01\/FotoJet-2022-01-07T122419.646.jpg",620,413,false],"post-thumbnail":["https:\/\/arantv.az\/wp-content\/uploads\/2022\/01\/FotoJet-2022-01-07T122419.646-240x172.jpg",240,172,true],"advps-thumb-one":["https:\/\/arantv.az\/wp-content\/uploads\/2022\/01\/FotoJet-2022-01-07T122419.646.jpg",620,413,false]},"rttpg_author":{"display_name":"V\u00fcsal Rafiqo\u011flu","author_link":"https:\/\/arantv.az\/?author=2"},"rttpg_comment":0,"rttpg_category":"<a href=\"https:\/\/arantv.az\/?cat=5\" rel=\"category\">Hadis\u0259<\/a>","rttpg_excerpt":"Az\u0259rbaycanda t\u00f6r\u0259dil\u0259n d\u0259h\u015f\u0259tli q\u0259tlin g\u00f6r\u00fcnt\u00fcl\u0259ri yay\u0131l\u0131b. Lent.az\u00a0A\u011fstafada h\u0259yat yolda\u015f\u0131 t\u0259r\u0259find\u0259n yataqda baltalanaraq \u00f6ld\u00fcr\u00fcl\u0259n m\u0259mur o\u011flunun \u0259n son fotolar\u0131n\u0131 \u0259ld\u0259 edib. H\u0259min fotolar\u0131 t\u0259qdim edirik: &nbsp; Xat\u0131rladaq ki, m\u0259lum hadis\u0259 yanvar\u0131n 4-d\u0259 A\u011fstafan\u0131n Da\u011f K\u0259s\u0259m\u0259n k\u0259ndind\u0259 qeyd\u0259 al\u0131n\u0131b. K\u0259nd sakini, 1984-c\u00fc il t\u0259v\u0259llu\u0308dlu\u0308 Elvin Abdullayev ya\u015fad\u0131\u011f\u0131 evd\u0259 arvad\u0131, 1985-ci il t\u0259v\u0259ll\u00fcdl\u00fc Aynur Abdullayeva t\u0259r\u0259find\u0259n ba\u015f\u0131ndan balta&hellip;","_links":{"self":[{"href":"https:\/\/arantv.az\/index.php?rest_route=\/wp\/v2\/posts\/423190"}],"collection":[{"href":"https:\/\/arantv.az\/index.php?rest_route=\/wp\/v2\/posts"}],"about":[{"href":"https:\/\/arantv.az\/index.php?rest_route=\/wp\/v2\/types\/post"}],"author":[{"embeddable":true,"href":"https:\/\/arantv.az\/index.php?rest_route=\/wp\/v2\/users\/2"}],"replies":[{"embeddable":true,"href":"https:\/\/arantv.az\/index.php?rest_route=%2Fwp%2Fv2%2Fcomments&post=423190"}],"version-history":[{"count":0,"href":"https:\/\/arantv.az\/index.php?rest_route=\/wp\/v2\/posts\/423190\/revisions"}],"wp:featuredmedia":[{"embeddable":true,"href":"https:\/\/arantv.az\/index.php?rest_route=\/wp\/v2\/media\/423191"}],"wp:attachment":[{"href":"https:\/\/arantv.az\/index.php?rest_route=%2Fwp%2Fv2%2Fmedia&parent=423190"}],"wp:term":[{"taxonomy":"category","embeddable":true,"href":"https:\/\/arantv.az\/index.php?rest_route=%2Fwp%2Fv2%2Fcategories&post=423190"},{"taxonomy":"post_tag","embeddable":true,"href":"https:\/\/arantv.az\/index.php?rest_route=%2Fwp%2Fv2%2Ftags&post=423190"}],"curies":[{"name":"wp","href":"https:\/\/api.w.org\/{rel}","templated":true}]}}