{"id":423197,"date":"2022-01-07T13:18:49","date_gmt":"2022-01-07T10:18:49","guid":{"rendered":"http:\/\/arantv.az\/?p=423197"},"modified":"2022-01-07T13:18:49","modified_gmt":"2022-01-07T10:18:49","slug":"qazaxistandaki-ktmt-quvv%c9%99l%c9%99rin%c9%99-kimin-r%c9%99hb%c9%99rlik-ed%c9%99c%c9%99yi-m%c9%99lum-oldu","status":"publish","type":"post","link":"https:\/\/arantv.az\/?p=423197","title":{"rendered":"Qazax\u0131standak\u0131 KTMT q\u00fcvv\u0259l\u0259rin\u0259 kimin r\u0259hb\u0259rlik ed\u0259c\u0259yi m\u0259lum oldu"},"content":{"rendered":"<p>Qazax\u0131standak\u0131 KTMT q\u00fcvv\u0259l\u0259rin\u0259 kimin ba\u015f\u00e7\u0131l\u0131q ed\u0259c\u0259yi b\u0259lli olub.<\/p>\n<div class=\"AdviadNativeVideo\"><\/div>\n<p>Bu bar\u0259d\u0259 Rusiyan\u0131n M\u00fcdafi\u0259 Nazirliyi (MN) m\u0259lumat yay\u0131b.<\/p>\n<p>\u201cRusiya kontingentinin b\u00fct\u00fcn h\u0259rb\u00e7il\u0259ri x\u00fcsusi haz\u0131rl\u0131q ke\u00e7ib v\u0259 real d\u00f6y\u00fc\u015f t\u0259cr\u00fcb\u0259sin\u0259 sahibdir. Qazax\u0131stan Respublikas\u0131ndak\u0131 KTMT s\u00fclhm\u0259raml\u0131 f\u0259aliyy\u0259tin\u0259 r\u0259hb\u0259r olaraq Hava-desant Q\u00fcvv\u0259l\u0259rinin komandan\u0131\u00a0general-polkovnik Andrey Serdyukov t\u0259yin olunub\u201d, &#8211; dey\u0259 Rusiya MN r\u0259smi n\u00fcmay\u0259nd\u0259si \u0130qor Kona\u015fenkov bildirib.<\/p>\n<p>M\u0259nb\u0259: TASS<\/p>\n","protected":false},"excerpt":{"rendered":"<p>Qazax\u0131standak\u0131 KTMT q\u00fcvv\u0259l\u0259rin\u0259 kimin ba\u015f\u00e7\u0131l\u0131q ed\u0259c\u0259yi b\u0259lli olub. Bu bar\u0259d\u0259 Rusiyan\u0131n M\u00fcdafi\u0259 Nazirliyi (MN) m\u0259lumat yay\u0131b. \u201cRusiya kontingentinin b\u00fct\u00fcn h\u0259rb\u00e7il\u0259ri x\u00fcsusi haz\u0131rl\u0131q ke\u00e7ib v\u0259 real d\u00f6y\u00fc\u015f t\u0259cr\u00fcb\u0259sin\u0259 sahibdir. Qazax\u0131stan Respublikas\u0131ndak\u0131 KTMT s\u00fclhm\u0259raml\u0131 f\u0259aliyy\u0259tin\u0259 r\u0259hb\u0259r olaraq Hava-desant Q\u00fcvv\u0259l\u0259rinin komandan\u0131\u00a0general-polkovnik Andrey Serdyukov t\u0259yin olunub\u201d, &#8211; dey\u0259 Rusiya MN r\u0259smi n\u00fcmay\u0259nd\u0259si \u0130qor Kona\u015fenkov bildirib. M\u0259nb\u0259: TASS<\/p>\n","protected":false},"author":2,"featured_media":423198,"comment_status":"closed","ping_status":"closed","sticky":false,"template":"","format":"standard","meta":{"om_disable_all_campaigns":false,"_monsterinsights_skip_tracking":false,"_monsterinsights_sitenote_active":false,"_monsterinsights_sitenote_note":"","_monsterinsights_sitenote_category":0},"categories":[7],"tags":[],"aioseo_notices":[],"gutentor_comment":0,"rttpg_featured_image_url":{"full":["https:\/\/arantv.az\/wp-content\/uploads\/2022\/01\/FotoJet-2022-01-07T120307.272.jpg",620,413,false],"landscape":["https:\/\/arantv.az\/wp-content\/uploads\/2022\/01\/FotoJet-2022-01-07T120307.272.jpg",620,413,false],"portraits":["https:\/\/arantv.az\/wp-content\/uploads\/2022\/01\/FotoJet-2022-01-07T120307.272.jpg",620,413,false],"thumbnail":["https:\/\/arantv.az\/wp-content\/uploads\/2022\/01\/FotoJet-2022-01-07T120307.272-500x280.jpg",500,280,true],"medium":["https:\/\/arantv.az\/wp-content\/uploads\/2022\/01\/FotoJet-2022-01-07T120307.272-548x365.jpg",548,365,true],"large":["https:\/\/arantv.az\/wp-content\/uploads\/2022\/01\/FotoJet-2022-01-07T120307.272.jpg",620,413,false],"1536x1536":["https:\/\/arantv.az\/wp-content\/uploads\/2022\/01\/FotoJet-2022-01-07T120307.272.jpg",620,413,false],"2048x2048":["https:\/\/arantv.az\/wp-content\/uploads\/2022\/01\/FotoJet-2022-01-07T120307.272.jpg",620,413,false],"post-thumbnail":["https:\/\/arantv.az\/wp-content\/uploads\/2022\/01\/FotoJet-2022-01-07T120307.272-240x172.jpg",240,172,true],"advps-thumb-one":["https:\/\/arantv.az\/wp-content\/uploads\/2022\/01\/FotoJet-2022-01-07T120307.272.jpg",620,413,false]},"rttpg_author":{"display_name":"V\u00fcsal Rafiqo\u011flu","author_link":"https:\/\/arantv.az\/?author=2"},"rttpg_comment":0,"rttpg_category":"<a href=\"https:\/\/arantv.az\/?cat=7\" rel=\"category\">D\u00fcnya<\/a>","rttpg_excerpt":"Qazax\u0131standak\u0131 KTMT q\u00fcvv\u0259l\u0259rin\u0259 kimin ba\u015f\u00e7\u0131l\u0131q ed\u0259c\u0259yi b\u0259lli olub. Bu bar\u0259d\u0259 Rusiyan\u0131n M\u00fcdafi\u0259 Nazirliyi (MN) m\u0259lumat yay\u0131b. \u201cRusiya kontingentinin b\u00fct\u00fcn h\u0259rb\u00e7il\u0259ri x\u00fcsusi haz\u0131rl\u0131q ke\u00e7ib v\u0259 real d\u00f6y\u00fc\u015f t\u0259cr\u00fcb\u0259sin\u0259 sahibdir. Qazax\u0131stan Respublikas\u0131ndak\u0131 KTMT s\u00fclhm\u0259raml\u0131 f\u0259aliyy\u0259tin\u0259 r\u0259hb\u0259r olaraq Hava-desant Q\u00fcvv\u0259l\u0259rinin komandan\u0131\u00a0general-polkovnik Andrey Serdyukov t\u0259yin olunub\u201d, &#8211; dey\u0259 Rusiya MN r\u0259smi n\u00fcmay\u0259nd\u0259si \u0130qor Kona\u015fenkov bildirib. M\u0259nb\u0259: TASS","_links":{"self":[{"href":"https:\/\/arantv.az\/index.php?rest_route=\/wp\/v2\/posts\/423197"}],"collection":[{"href":"https:\/\/arantv.az\/index.php?rest_route=\/wp\/v2\/posts"}],"about":[{"href":"https:\/\/arantv.az\/index.php?rest_route=\/wp\/v2\/types\/post"}],"author":[{"embeddable":true,"href":"https:\/\/arantv.az\/index.php?rest_route=\/wp\/v2\/users\/2"}],"replies":[{"embeddable":true,"href":"https:\/\/arantv.az\/index.php?rest_route=%2Fwp%2Fv2%2Fcomments&post=423197"}],"version-history":[{"count":0,"href":"https:\/\/arantv.az\/index.php?rest_route=\/wp\/v2\/posts\/423197\/revisions"}],"wp:featuredmedia":[{"embeddable":true,"href":"https:\/\/arantv.az\/index.php?rest_route=\/wp\/v2\/media\/423198"}],"wp:attachment":[{"href":"https:\/\/arantv.az\/index.php?rest_route=%2Fwp%2Fv2%2Fmedia&parent=423197"}],"wp:term":[{"taxonomy":"category","embeddable":true,"href":"https:\/\/arantv.az\/index.php?rest_route=%2Fwp%2Fv2%2Fcategories&post=423197"},{"taxonomy":"post_tag","embeddable":true,"href":"https:\/\/arantv.az\/index.php?rest_route=%2Fwp%2Fv2%2Ftags&post=423197"}],"curies":[{"name":"wp","href":"https:\/\/api.w.org\/{rel}","templated":true}]}}