{"id":423216,"date":"2022-01-07T13:27:53","date_gmt":"2022-01-07T10:27:53","guid":{"rendered":"http:\/\/arantv.az\/?p=423216"},"modified":"2022-01-07T13:27:53","modified_gmt":"2022-01-07T10:27:53","slug":"az%c9%99rbaycanda-d%c9%99hs%c9%99t-evd%c9%99n-uc-kisinin-meyiti-tapildi","status":"publish","type":"post","link":"https:\/\/arantv.az\/?p=423216","title":{"rendered":"Az\u0259rbaycanda D\u018fH\u015e\u018fT: Evd\u0259n \u00fc\u00e7 ki\u015finin meyiti tap\u0131ld\u0131"},"content":{"rendered":"<p>Ab\u015feron rayonunda d\u0259h\u015f\u0259tli hadis\u0259 ba\u015f verib.<\/p>\n<p>Oxu.Az-\u0131n \u0259ld\u0259 etdiyi m\u0259lumata g\u00f6r\u0259, rayonun Saray q\u0259s\u0259b\u0259sind\u0259 kiray\u0259d\u0259 ya\u015fayan 3 ki\u015fi d\u0259m qaz\u0131ndan z\u0259h\u0259rl\u0259n\u0259r\u0259k \u00f6l\u00fcb.<\/p>\n<p>Bel\u0259 ki, \u0130mi\u015fli rayon sakinl\u0259ri 55 ya\u015fl\u0131 Akif N\u0259rimanov, 56 ya\u015fl\u0131 G\u00fcla\u011fa \u018fliyev v\u0259 40-45 ya\u015fl\u0131 \u015f\u0259xsiyy\u0259ti m\u00fc\u0259yy\u0259nl\u0259\u015fdirilm\u0259mi\u015f ki\u015fi evd\u0259 d\u0259m qaz\u0131ndan bo\u011fulublar. Ehtimal edilir ki, hadis\u0259 gec\u0259 saatlar\u0131nda onlar yatan zaman ba\u015f verib.<\/p>\n<p>Faktla ba\u011fl\u0131 Ab\u015feron Rayon Prokurorlu\u011funda ara\u015fd\u0131rma apar\u0131l\u0131r.<\/p>\n","protected":false},"excerpt":{"rendered":"<p>Ab\u015feron rayonunda d\u0259h\u015f\u0259tli hadis\u0259 ba\u015f verib. Oxu.Az-\u0131n \u0259ld\u0259 etdiyi m\u0259lumata g\u00f6r\u0259, rayonun Saray q\u0259s\u0259b\u0259sind\u0259 kiray\u0259d\u0259 ya\u015fayan 3 ki\u015fi d\u0259m qaz\u0131ndan z\u0259h\u0259rl\u0259n\u0259r\u0259k \u00f6l\u00fcb. Bel\u0259 ki, \u0130mi\u015fli rayon sakinl\u0259ri 55 ya\u015fl\u0131 Akif N\u0259rimanov, 56 ya\u015fl\u0131 G\u00fcla\u011fa \u018fliyev v\u0259 40-45 ya\u015fl\u0131 \u015f\u0259xsiyy\u0259ti m\u00fc\u0259yy\u0259nl\u0259\u015fdirilm\u0259mi\u015f ki\u015fi evd\u0259 d\u0259m qaz\u0131ndan bo\u011fulublar. Ehtimal edilir ki, hadis\u0259 gec\u0259 saatlar\u0131nda onlar yatan zaman ba\u015f verib. Faktla ba\u011fl\u0131 Ab\u015feron Rayon Prokurorlu\u011funda ara\u015fd\u0131rma apar\u0131l\u0131r.<\/p>\n","protected":false},"author":2,"featured_media":423217,"comment_status":"closed","ping_status":"closed","sticky":false,"template":"","format":"standard","meta":{"om_disable_all_campaigns":false,"_monsterinsights_skip_tracking":false,"_monsterinsights_sitenote_active":false,"_monsterinsights_sitenote_note":"","_monsterinsights_sitenote_category":0},"categories":[5],"tags":[],"aioseo_notices":[],"gutentor_comment":0,"rttpg_featured_image_url":{"full":["https:\/\/arantv.az\/wp-content\/uploads\/2022\/01\/0a187796-f66d-4e7b-9638-6f9195bc6372.jpg",620,413,false],"landscape":["https:\/\/arantv.az\/wp-content\/uploads\/2022\/01\/0a187796-f66d-4e7b-9638-6f9195bc6372.jpg",620,413,false],"portraits":["https:\/\/arantv.az\/wp-content\/uploads\/2022\/01\/0a187796-f66d-4e7b-9638-6f9195bc6372.jpg",620,413,false],"thumbnail":["https:\/\/arantv.az\/wp-content\/uploads\/2022\/01\/0a187796-f66d-4e7b-9638-6f9195bc6372-500x280.jpg",500,280,true],"medium":["https:\/\/arantv.az\/wp-content\/uploads\/2022\/01\/0a187796-f66d-4e7b-9638-6f9195bc6372-548x365.jpg",548,365,true],"large":["https:\/\/arantv.az\/wp-content\/uploads\/2022\/01\/0a187796-f66d-4e7b-9638-6f9195bc6372.jpg",620,413,false],"1536x1536":["https:\/\/arantv.az\/wp-content\/uploads\/2022\/01\/0a187796-f66d-4e7b-9638-6f9195bc6372.jpg",620,413,false],"2048x2048":["https:\/\/arantv.az\/wp-content\/uploads\/2022\/01\/0a187796-f66d-4e7b-9638-6f9195bc6372.jpg",620,413,false],"post-thumbnail":["https:\/\/arantv.az\/wp-content\/uploads\/2022\/01\/0a187796-f66d-4e7b-9638-6f9195bc6372-240x172.jpg",240,172,true],"advps-thumb-one":["https:\/\/arantv.az\/wp-content\/uploads\/2022\/01\/0a187796-f66d-4e7b-9638-6f9195bc6372.jpg",620,413,false]},"rttpg_author":{"display_name":"V\u00fcsal Rafiqo\u011flu","author_link":"https:\/\/arantv.az\/?author=2"},"rttpg_comment":0,"rttpg_category":"<a href=\"https:\/\/arantv.az\/?cat=5\" rel=\"category\">Hadis\u0259<\/a>","rttpg_excerpt":"Ab\u015feron rayonunda d\u0259h\u015f\u0259tli hadis\u0259 ba\u015f verib. Oxu.Az-\u0131n \u0259ld\u0259 etdiyi m\u0259lumata g\u00f6r\u0259, rayonun Saray q\u0259s\u0259b\u0259sind\u0259 kiray\u0259d\u0259 ya\u015fayan 3 ki\u015fi d\u0259m qaz\u0131ndan z\u0259h\u0259rl\u0259n\u0259r\u0259k \u00f6l\u00fcb. Bel\u0259 ki, \u0130mi\u015fli rayon sakinl\u0259ri 55 ya\u015fl\u0131 Akif N\u0259rimanov, 56 ya\u015fl\u0131 G\u00fcla\u011fa \u018fliyev v\u0259 40-45 ya\u015fl\u0131 \u015f\u0259xsiyy\u0259ti m\u00fc\u0259yy\u0259nl\u0259\u015fdirilm\u0259mi\u015f ki\u015fi evd\u0259 d\u0259m qaz\u0131ndan bo\u011fulublar. Ehtimal edilir ki, hadis\u0259 gec\u0259 saatlar\u0131nda onlar yatan zaman ba\u015f&hellip;","_links":{"self":[{"href":"https:\/\/arantv.az\/index.php?rest_route=\/wp\/v2\/posts\/423216"}],"collection":[{"href":"https:\/\/arantv.az\/index.php?rest_route=\/wp\/v2\/posts"}],"about":[{"href":"https:\/\/arantv.az\/index.php?rest_route=\/wp\/v2\/types\/post"}],"author":[{"embeddable":true,"href":"https:\/\/arantv.az\/index.php?rest_route=\/wp\/v2\/users\/2"}],"replies":[{"embeddable":true,"href":"https:\/\/arantv.az\/index.php?rest_route=%2Fwp%2Fv2%2Fcomments&post=423216"}],"version-history":[{"count":0,"href":"https:\/\/arantv.az\/index.php?rest_route=\/wp\/v2\/posts\/423216\/revisions"}],"wp:featuredmedia":[{"embeddable":true,"href":"https:\/\/arantv.az\/index.php?rest_route=\/wp\/v2\/media\/423217"}],"wp:attachment":[{"href":"https:\/\/arantv.az\/index.php?rest_route=%2Fwp%2Fv2%2Fmedia&parent=423216"}],"wp:term":[{"taxonomy":"category","embeddable":true,"href":"https:\/\/arantv.az\/index.php?rest_route=%2Fwp%2Fv2%2Fcategories&post=423216"},{"taxonomy":"post_tag","embeddable":true,"href":"https:\/\/arantv.az\/index.php?rest_route=%2Fwp%2Fv2%2Ftags&post=423216"}],"curies":[{"name":"wp","href":"https:\/\/api.w.org\/{rel}","templated":true}]}}