{"id":423240,"date":"2022-01-07T13:38:41","date_gmt":"2022-01-07T10:38:41","guid":{"rendered":"http:\/\/arantv.az\/?p=423240"},"modified":"2022-01-07T13:38:41","modified_gmt":"2022-01-07T10:38:41","slug":"bu-ild%c9%99n-smart-qaz-saygaclarinin-t%c9%99tbiqin%c9%99-start-veril%c9%99c%c9%99k","status":"publish","type":"post","link":"https:\/\/arantv.az\/?p=423240","title":{"rendered":"Bu ild\u0259n Smart qaz say\u011faclar\u0131n\u0131n t\u0259tbiqin\u0259 start veril\u0259c\u0259k"},"content":{"rendered":"<p>\u201cAz\u0259riqaz\u201d \u0130stehsalat Birliyi bu ild\u0259n etibar\u0259n \u201ca\u011f\u0131ll\u0131\u201d (Smart) say\u011faclar\u0131n\u0131n t\u0259tbiqin\u0259 start ver\u0259c\u0259k.<\/p>\n<p><strong>ARANTV.AZ x\u0259b\u0259r verir ki,<\/strong>\u00a0bunu Birliyin ictimaiyy\u0259tl\u0259 \u0259laq\u0259l\u0259r \u015f\u00f6b\u0259sin\u0259 r\u0259isi Eld\u0259niz V\u0259liyev &#8220;A\u00e7\u0131q qap\u0131&#8221; aksiyas\u0131 \u00e7\u0259r\u00e7iv\u0259sind\u0259 jurnalistl\u0259r\u0259 bildirib.<\/p>\n<p>Onun s\u00f6zl\u0259rin\u0259 g\u00f6r\u0259, Az\u0259rbaycanda he\u00e7 vaxt Smart say\u011faclar olmay\u0131b, Smart tipli say\u011faclar olub.<\/p>\n<p>\u201cY\u0259ni m\u0259nim smart say\u011fac\u0131m\u0131 mexaniki say\u011facla \u0259v\u0259z ed\u0259 bil\u0259rsinizmi dey\u0259 bir \u015fey yoxdur. Burda yaln\u0131\u015fl\u0131q var. Y\u0259ni o say\u011faclar da \u201ca\u011f\u0131ll\u0131\u201d olmay\u0131b. \u201cAz\u0259riqaz\u201d \u0130B art\u0131q bu ild\u0259n s\u00f6z\u00fcn h\u0259qiqi m\u0259nas\u0131nda \u201ca\u011f\u0131ll\u0131\u201d say\u011faclar\u0131n t\u0259tbiqin\u0259 start ver\u0259c\u0259k v\u0259 onda g\u00f6r\u0259c\u0259ksiniz ki, \u201ca\u011f\u0131ll\u0131\u201d smart say\u011faclar n\u0259 dem\u0259kdir\u201d, &#8211; dey\u0259 E. V\u0259liyev \u0259lav\u0259 edib.<\/p>\n","protected":false},"excerpt":{"rendered":"<p>\u201cAz\u0259riqaz\u201d \u0130stehsalat Birliyi bu ild\u0259n etibar\u0259n \u201ca\u011f\u0131ll\u0131\u201d (Smart) say\u011faclar\u0131n\u0131n t\u0259tbiqin\u0259 start ver\u0259c\u0259k. ARANTV.AZ x\u0259b\u0259r verir ki,\u00a0bunu Birliyin ictimaiyy\u0259tl\u0259 \u0259laq\u0259l\u0259r \u015f\u00f6b\u0259sin\u0259 r\u0259isi Eld\u0259niz V\u0259liyev &#8220;A\u00e7\u0131q qap\u0131&#8221; aksiyas\u0131 \u00e7\u0259r\u00e7iv\u0259sind\u0259 jurnalistl\u0259r\u0259 bildirib. Onun s\u00f6zl\u0259rin\u0259 g\u00f6r\u0259, Az\u0259rbaycanda he\u00e7 vaxt Smart say\u011faclar olmay\u0131b, Smart tipli say\u011faclar olub. \u201cY\u0259ni m\u0259nim smart say\u011fac\u0131m\u0131 mexaniki say\u011facla \u0259v\u0259z ed\u0259 bil\u0259rsinizmi dey\u0259 bir \u015fey yoxdur. Burda yaln\u0131\u015fl\u0131q var. Y\u0259ni o say\u011faclar da \u201ca\u011f\u0131ll\u0131\u201d olmay\u0131b. \u201cAz\u0259riqaz\u201d \u0130B art\u0131q bu ild\u0259n s\u00f6z\u00fcn h\u0259qiqi m\u0259nas\u0131nda \u201ca\u011f\u0131ll\u0131\u201d say\u011faclar\u0131n t\u0259tbiqin\u0259 start ver\u0259c\u0259k v\u0259 onda g\u00f6r\u0259c\u0259ksiniz ki, \u201ca\u011f\u0131ll\u0131\u201d smart say\u011faclar n\u0259 dem\u0259kdir\u201d, &#8211; dey\u0259 E. V\u0259liyev&hellip;<\/p>\n","protected":false},"author":2,"featured_media":423241,"comment_status":"closed","ping_status":"closed","sticky":false,"template":"","format":"standard","meta":{"om_disable_all_campaigns":false,"_monsterinsights_skip_tracking":false,"_monsterinsights_sitenote_active":false,"_monsterinsights_sitenote_note":"","_monsterinsights_sitenote_category":0},"categories":[19],"tags":[],"aioseo_notices":[],"gutentor_comment":0,"rttpg_featured_image_url":{"full":["https:\/\/arantv.az\/wp-content\/uploads\/2022\/01\/9023effe161406169544325331811092545.jpg",975,540,false],"landscape":["https:\/\/arantv.az\/wp-content\/uploads\/2022\/01\/9023effe161406169544325331811092545.jpg",975,540,false],"portraits":["https:\/\/arantv.az\/wp-content\/uploads\/2022\/01\/9023effe161406169544325331811092545.jpg",975,540,false],"thumbnail":["https:\/\/arantv.az\/wp-content\/uploads\/2022\/01\/9023effe161406169544325331811092545-500x280.jpg",500,280,true],"medium":["https:\/\/arantv.az\/wp-content\/uploads\/2022\/01\/9023effe161406169544325331811092545-660x365.jpg",660,365,true],"large":["https:\/\/arantv.az\/wp-content\/uploads\/2022\/01\/9023effe161406169544325331811092545-840x465.jpg",640,354,true],"1536x1536":["https:\/\/arantv.az\/wp-content\/uploads\/2022\/01\/9023effe161406169544325331811092545.jpg",975,540,false],"2048x2048":["https:\/\/arantv.az\/wp-content\/uploads\/2022\/01\/9023effe161406169544325331811092545.jpg",975,540,false],"post-thumbnail":["https:\/\/arantv.az\/wp-content\/uploads\/2022\/01\/9023effe161406169544325331811092545-240x172.jpg",240,172,true],"advps-thumb-one":["https:\/\/arantv.az\/wp-content\/uploads\/2022\/01\/9023effe161406169544325331811092545.jpg",975,540,false]},"rttpg_author":{"display_name":"V\u00fcsal Rafiqo\u011flu","author_link":"https:\/\/arantv.az\/?author=2"},"rttpg_comment":0,"rttpg_category":"<a href=\"https:\/\/arantv.az\/?cat=19\" rel=\"category\">G\u00fcnd\u0259m<\/a>","rttpg_excerpt":"\u201cAz\u0259riqaz\u201d \u0130stehsalat Birliyi bu ild\u0259n etibar\u0259n \u201ca\u011f\u0131ll\u0131\u201d (Smart) say\u011faclar\u0131n\u0131n t\u0259tbiqin\u0259 start ver\u0259c\u0259k. ARANTV.AZ x\u0259b\u0259r verir ki,\u00a0bunu Birliyin ictimaiyy\u0259tl\u0259 \u0259laq\u0259l\u0259r \u015f\u00f6b\u0259sin\u0259 r\u0259isi Eld\u0259niz V\u0259liyev &#8220;A\u00e7\u0131q qap\u0131&#8221; aksiyas\u0131 \u00e7\u0259r\u00e7iv\u0259sind\u0259 jurnalistl\u0259r\u0259 bildirib. Onun s\u00f6zl\u0259rin\u0259 g\u00f6r\u0259, Az\u0259rbaycanda he\u00e7 vaxt Smart say\u011faclar olmay\u0131b, Smart tipli say\u011faclar olub. \u201cY\u0259ni m\u0259nim smart say\u011fac\u0131m\u0131 mexaniki say\u011facla \u0259v\u0259z ed\u0259 bil\u0259rsinizmi dey\u0259 bir \u015fey yoxdur.&hellip;","_links":{"self":[{"href":"https:\/\/arantv.az\/index.php?rest_route=\/wp\/v2\/posts\/423240"}],"collection":[{"href":"https:\/\/arantv.az\/index.php?rest_route=\/wp\/v2\/posts"}],"about":[{"href":"https:\/\/arantv.az\/index.php?rest_route=\/wp\/v2\/types\/post"}],"author":[{"embeddable":true,"href":"https:\/\/arantv.az\/index.php?rest_route=\/wp\/v2\/users\/2"}],"replies":[{"embeddable":true,"href":"https:\/\/arantv.az\/index.php?rest_route=%2Fwp%2Fv2%2Fcomments&post=423240"}],"version-history":[{"count":0,"href":"https:\/\/arantv.az\/index.php?rest_route=\/wp\/v2\/posts\/423240\/revisions"}],"wp:featuredmedia":[{"embeddable":true,"href":"https:\/\/arantv.az\/index.php?rest_route=\/wp\/v2\/media\/423241"}],"wp:attachment":[{"href":"https:\/\/arantv.az\/index.php?rest_route=%2Fwp%2Fv2%2Fmedia&parent=423240"}],"wp:term":[{"taxonomy":"category","embeddable":true,"href":"https:\/\/arantv.az\/index.php?rest_route=%2Fwp%2Fv2%2Fcategories&post=423240"},{"taxonomy":"post_tag","embeddable":true,"href":"https:\/\/arantv.az\/index.php?rest_route=%2Fwp%2Fv2%2Ftags&post=423240"}],"curies":[{"name":"wp","href":"https:\/\/api.w.org\/{rel}","templated":true}]}}