{"id":423243,"date":"2022-01-07T13:40:32","date_gmt":"2022-01-07T10:40:32","guid":{"rendered":"http:\/\/arantv.az\/?p=423243"},"modified":"2022-01-07T13:40:32","modified_gmt":"2022-01-07T10:40:32","slug":"susa-heyr%c9%99tamiz-s%c9%99kild%c9%99-yenil%c9%99nir","status":"publish","type":"post","link":"https:\/\/arantv.az\/?p=423243","title":{"rendered":"\u015eu\u015fa heyr\u0259tamiz \u015f\u0259kild\u0259 yenil\u0259nir"},"content":{"rendered":"<p>\u015eu\u015fan\u0131n i\u015f\u011faldan azad edilm\u0259si m\u00fcjd\u0259sini Az\u0259rbaycan xalq\u0131na \u00abB\u00f6y\u00fck f\u0259xar\u0259t v\u0259 q\u00fcrur hissi il\u0259 b\u0259yan edir\u0259m ki, \u015eu\u015fa \u015f\u0259h\u0259ri i\u015f\u011faldan azad edildi! \u015eu\u015fa bizimdir! Qaraba\u011f bizimdir! Bu m\u00fcnasib\u0259tl\u0259 b\u00fct\u00fcn Az\u0259rbaycan xalq\u0131n\u0131 \u00fcr\u0259kd\u0259n t\u0259brik edir\u0259m. B\u00fct\u00fcn \u015fu\u015fal\u0131lar\u0131 \u00fcr\u0259kd\u0259n t\u0259brik edir\u0259m\u00bb s\u00f6zl\u0259rinin yer ald\u0131\u011f\u0131 m\u00fcraci\u0259ti il\u0259 bildir\u0259n Prezident \u0130lham \u018fliyev bu Q\u0259l\u0259b\u0259nin d\u00f6y\u00fc\u015f meydan\u0131nda qazan\u0131ld\u0131\u011f\u0131n\u0131 qalib s\u0259rk\u0259rd\u0259 kimi d\u0259 q\u00fcrurla b\u0259yan etdi. Xalq\u0131m\u0131z\u0131n q\u0259hr\u0259manl\u0131q tarixin\u0259 \u0259b\u0259di yaz\u0131lan 2020-ci il noyabr\u0131n 8-i Az\u0259rbaycan\u0131n q\u0259hr\u0259manl\u0131q salnam\u0259sind\u0259 \u0259b\u0259di ya\u015fam haqq\u0131 qazand\u0131.<br \/>\n28 il i\u015f\u011fal alt\u0131nda qalan c\u0259nn\u0259tm\u0259kan, t\u0259kc\u0259 Az\u0259rbaycan\u0131n deyil, b\u00fct\u00fcn Qafqaz\u0131n incisi, m\u0259d\u0259niyy\u0259t paytaxt\u0131m\u0131z \u015eu\u015fan\u0131, C\u0131d\u0131r d\u00fcz\u00fcn\u00fc murdar n\u0259f\u0259sl\u0259ri il\u0259 \u00e7irkl\u0259ndir\u0259n, xar\u0131b\u00fclb\u00fcl\u00fc k\u00fcsd\u00fcr\u0259n d\u00fc\u015fm\u0259nin ba\u015f\u0131n\u0131n \u0259zildiyini, torpaqlar\u0131m\u0131zdan qovuldu\u011funu, \u00f6z sahibin\u0259 qaytar\u0131ld\u0131\u011f\u0131n\u0131 bildir\u0259n Prezident \u0130lham \u018fliyevin \u00ab\u018fziz \u015eu\u015fa, s\u0259n azadsan! \u018fziz \u015eu\u015fa, biz qay\u0131tm\u0131\u015f\u0131q! \u018fziz \u015eu\u015fa, biz s\u0259ni dir\u00e7\u0259ld\u0259c\u0259yik! \u015eu\u015fa bizimdir! Qaraba\u011f bizimdir! Qaraba\u011f Az\u0259rbaycand\u0131r!\u00bb s\u00f6zl\u0259ri h\u0259r bir v\u0259t\u0259nda\u015f\u0131n q\u0259lbind\u0259 \u0259b\u0259dilik qald\u0131. Q\u0131sa m\u00fcdd\u0259td\u0259 \u015eu\u015faya yeni h\u0259yat b\u0259x\u015f edil\u0259c\u0259yini bildir\u0259n Prezident \u0130lham \u018fliyevin q\u00fcdr\u0259ti n\u0259tic\u0259sind\u0259 \u015eu\u015fa heyr\u0259tamiz \u015f\u0259kild\u0259 yenil\u0259nir, abadla\u015f\u0131r, \u0259vv\u0259lki g\u00f6rk\u0259mind\u0259n d\u0259 g\u00f6z\u0259l simas\u0131 il\u0259 qonaqlar\u0131n\u0131 heyran edir.<br \/>\n\u00d6lk\u0259 daxilind\u0259 u\u011furlu siyas\u0259tin n\u0259tic\u0259si kimi \u00aba\u011f\u0131ll\u0131 k\u0259nd\u00bb, \u00aba\u011f\u0131ll\u0131 \u015f\u0259h\u0259r\u00bb layih\u0259l\u0259rinin h\u0259yata ke\u00e7irilm\u0259si d\u00fcnya \u00fc\u00e7\u00fcn \u00e7ox nadir inki\u015faf modeli olan Az\u0259rbaycan t\u0259cr\u00fcb\u0259l\u0259rinin t\u0259tbiqi \u00f6lk\u0259miz\u0259 mara\u011f\u0131 daha da art\u0131r\u0131r. T\u0259kc\u0259 \u015eu\u015fada deyil, i\u015f\u011faldan azad olunan b\u00fct\u00fcn \u0259razil\u0259rd\u0259 b\u0259rpa- quruculuq i\u015fl\u0259rinin geni\u015fl\u0259ndirilm\u0259sinin g\u00fcc m\u0259rk\u0259zi, ba\u015fl\u0131ca amili \u00f6lk\u0259 daxilind\u0259ki h\u0259mr\u0259ylik, milli birlik, xalq\u0131m\u0131z\u0131n vahid amal u\u011frunda birl\u0259\u015fm\u0259yidir.<br \/>\nM\u00fcharib\u0259 d\u00f6vr\u00fcnd\u0259 bel\u0259 d\u00fcnyan\u0131n \u0259n tan\u0131nm\u0131\u015f K\u0130V-l\u0259rin\u0259 m\u00fcsahib\u0259l\u0259rind\u0259 informasiya sah\u0259sind\u0259 d\u0259 d\u00fc\u015fm\u0259n \u00fcz\u0259rind\u0259ki Q\u0259l\u0259b\u0259sini t\u0259min ed\u0259n, h\u0259d\u0259f\u0259 tu\u015flanm\u0131\u015f, reall\u0131\u011f\u0131 \u0259ks etdir\u0259n obyektiv a\u00e7\u0131qlamalar\u0131 il\u0259 t\u0259cr\u00fcb\u0259li siyas\u0259t\u00e7i oldu\u011funu t\u0259sdiql\u0259y\u0259n d\u00f6vl\u0259t ba\u015f\u00e7\u0131m\u0131z beyn\u0259lxalq s\u0259viyy\u0259d\u0259 d\u0259st\u0259kl\u0259n\u0259n, ikit\u0259r\u0259fli v\u0259 \u00fc\u00e7t\u0259r\u0259fli \u0259m\u0259kda\u015fl\u0131q formatlar\u0131n\u0131 geni\u015fl\u0259ndirm\u0259kl\u0259 diplomatiyam\u0131z\u0131n u\u011fur co\u011frafiyas\u0131n\u0131 geni\u015fl\u0259ndirdi. \u015eu\u015fa i\u015f\u011fal alt\u0131na d\u00fc\u015f\u0259nd\u0259 \u00abg\u00fccl\u00fc ordu\u00bb mifini realla\u015fd\u0131rma\u011fa \u00e7al\u0131\u015fan Erm\u0259nistan 44 g\u00fcnd\u0259 \u0259sl ordunun q\u00fcdr\u0259tini d\u0259mir yumruq say\u0259sind\u0259 hiss etdi. Milli Ordumuz 2016-c\u0131 ilin Aprel d\u00f6y\u00fc\u015fl\u0259rind\u0259 d\u00fc\u015fm\u0259n\u0259 vurdu\u011fu z\u0259rb\u0259ni t\u0259krarlamaqla g\u00fccl\u00fc m\u00fcdafi\u0259 q\u00fcdr\u0259tin\u0259 malik oldu\u011funu b\u0259yan etdi.<\/p>\n<p>\u00abBu 17 il \u0259rzind\u0259 m\u0259nim i\u015fimin \u0259sas hiss\u0259si ordu quruculu\u011funa h\u0259sr edilmi\u015fdir ki, biz ordumuzu nec\u0259 g\u00fccl\u0259ndir\u0259k, ordumuzu \u0259n m\u00fcasir silahlarla t\u0259chiz ed\u0259k\u00bb s\u00f6yl\u0259y\u0259n Ali Ba\u015f Komandan bu v\u0259dini d\u0259 t\u0259cr\u00fcb\u0259li s\u0259rk\u0259rd\u0259 kimi d\u00f6y\u00fc\u015f meydan\u0131nda yerin\u0259 yetirdi. D\u0259mir yumruq \u00f6z g\u00fcc\u00fcn\u00fc Erm\u0259nistan\u0131 \u00e7\u00f6kd\u00fcrm\u0259kl\u0259 g\u00f6st\u0259rdi. \u00abDemi\u015fdim ki, bu yumruq el\u0259 bel\u0259 yumruq deyil. Bu, d\u0259mir yumruqdur. Bu d\u0259mir yumruqla d\u00fc\u015fm\u0259nin ba\u015f\u0131n\u0131 \u0259zirik v\u0259 \u0259z\u0259c\u0259yik! Eyni zamanda, bu yumruq birliyimizin r\u0259mzidir. Bax, bu g\u00fcn Az\u0259rbaycan xalq\u0131 bu yumruq kimi birl\u0259\u015fib!\u00bb s\u00f6yl\u0259y\u0259n, m\u00fcxt\u0259lif \u00f6lk\u0259l\u0259rd\u0259 m\u0259skunla\u015fan soyda\u015flar\u0131m\u0131z\u0131n d\u0259st\u0259yini d\u0259 milli birliyimizin r\u0259mzi adland\u0131ran Prezident \u0130lham \u018fliyevin 31 Dekabr D\u00fcnya Az\u0259rbaycanl\u0131lar\u0131n\u0131n H\u0259mr\u0259yliyi G\u00fcn\u00fc v\u0259 Yeni il m\u00fcnasib\u0259til\u0259 xalqa m\u00fcraci\u0259ti yenilm\u0259zliyin ifad\u0259si idi. M\u00fcraci\u0259tind\u0259 Az\u0259rbaycan\u0131n beyn\u0259lxalq arenada m\u00f6hk\u0259ml\u0259n\u0259n n\u00fcfuzundan, Qo\u015fulmama H\u0259r\u0259kat\u0131na v\u0259 T\u00fcrkdilli D\u00f6vl\u0259tl\u0259rin \u018fm\u0259kda\u015fl\u0131q \u015euras\u0131na s\u0259drliyi m\u00fcdd\u0259tind\u0259 g\u00f6r\u00fcl\u0259n i\u015fl\u0259rd\u0259n, xarici \u00f6lk\u0259l\u0259r\u0259 s\u0259f\u0259rl\u0259rind\u0259n b\u0259hs ed\u0259n Prezident \u0130lham \u018fliyevin vur\u011fulad\u0131\u011f\u0131 kimi, h\u0259r g\u00f6r\u00fc\u015f Az\u0259rbaycan\u0131n d\u00fcnyada t\u0259bli\u011fat\u0131na y\u00f6n\u0259l\u0259n, s\u00f6z sahibi olan \u00f6lk\u0259mizin m\u00f6hk\u0259ml\u0259n\u0259n n\u00fcfuzuna olunan \u0259lav\u0259 u\u011furlar\u0131n g\u00f6st\u0259ricisidir. \u018fn\u0259n\u0259vi dostluq, h\u0259mr\u0259ylik \u00fcz\u0259rind\u0259 qurulan \u0259m\u0259kda\u015fl\u0131\u011f\u0131n \u0259n g\u00f6z\u0259l n\u00fcmun\u0259si \u015eu\u015fa v\u0259 Bak\u0131 b\u0259yannam\u0259l\u0259ri Az\u0259rbaycan\u0131n g\u00fcc\u00fcn\u00fc daha da art\u0131rd\u0131. H\u0259min b\u0259yannam\u0259l\u0259r say\u0259sind\u0259 T\u00fcrkiy\u0259-Az\u0259rbaycan-Pakistan \u0259laq\u0259l\u0259ri m\u00fctt\u0259fiqlik s\u0259viyy\u0259sind\u0259 inki\u015faf edir. V\u0259t\u0259n m\u00fcharib\u0259sind\u0259 Az\u0259rbaycan xalq\u0131na siyasi , m\u0259n\u0259vi, h\u0259rbi d\u0259st\u0259k g\u00f6st\u0259r\u0259n qarda\u015f T\u00fcrkiy\u0259nin k\u00f6m\u0259yini \u0259srl\u0259r\u0259 s\u00f6yk\u0259n\u0259n birlik v\u0259 h\u0259mr\u0259yliyin ifad\u0259si adland\u0131ran, 2021-ci ild\u0259 b\u00fct\u00fcn sah\u0259l\u0259rd\u0259 qazan\u0131lan u\u011furlar\u0131 Z\u0259f\u0259rimizin t\u0259m\u0259li kimi d\u0259y\u0259rl\u0259ndir\u0259n Prezident \u0130lham \u018fliyev 2022-ci il \u00fc\u00e7\u00fcn planla\u015fd\u0131r\u0131lan h\u0259d\u0259f\u0259l\u0259r\u0259 d\u0259 vaxt\u0131nda \u0259m\u0259l olunaca\u011f\u0131n\u0131 bildirdi.<\/p>\n<p>\u0130kinci Qaraba\u011f m\u00fcharib\u0259sind\u0259 b\u00fct\u00fcn d\u00fcnya Az\u0259rbaycan\u0131n m\u00fcdafi\u0259 q\u00fcdr\u0259tini g\u00f6rd\u00fc. H\u0259rb tarixind\u0259 b\u0259nz\u0259ri olmayan \u015f\u00fcca\u0259tl\u0259r g\u00f6st\u0259r\u0259n x\u00fcsusi t\u0259yinatl\u0131lar\u0131m\u0131z b\u00fct\u00fcn d\u00fcnya t\u0259r\u0259find\u0259n tan\u0131nd\u0131, onlar\u0131n q\u0259hr\u0259manl\u0131\u011f\u0131, f\u0259dakarl\u0131\u011f\u0131, pe\u015f\u0259karl\u0131\u011f\u0131 dastana \u00e7evrildi. Az\u0259rbaycanda yaranan yeni h\u0259rbi birl\u0259\u015fm\u0259 kimi daha m\u00fck\u0259mm\u0259l texnikaya, d\u00f6y\u00fc\u015f t\u0259cr\u00fcb\u0259sin\u0259, \u00e7evik, pe\u015f\u0259kar v\u0259 \u00e7ox b\u00f6y\u00fck imkanlara malik Komando briqadalar\u0131 ist\u0259nil\u0259n h\u0259rbi v\u0259zif\u0259ni icra etm\u0259y\u0259 haz\u0131rd\u0131rlar.<\/p>\n<p>Tarixd\u0259 ba\u015f ver\u0259n m\u00fcharib\u0259l\u0259rd\u0259n sonra s\u00fcr\u0259tli quruculuq i\u015fl\u0259rinin apar\u0131lmas\u0131nda da Az\u0259rbaycan \u00f6z t\u0259cr\u00fcb\u0259sini g\u00f6st\u0259rir. \u0130kinci Qaraba\u011f m\u00fcharib\u0259sind\u0259n \u00f6t\u0259n bir ild\u0259 i\u015f\u011faldan azad edilmi\u015f \u0259razil\u0259rd\u0259 apar\u0131lan quruculuq i\u015fl\u0259rinin s\u00fcr\u0259ti h\u0259r k\u0259sd\u0259 m\u00f6c\u00fcz\u0259 t\u0259s\u0259vv\u00fcr\u00fc yarad\u0131r.<br \/>\n\u018fsas h\u0259d\u0259f erm\u0259nil\u0259rin da\u011f\u0131td\u0131qlar\u0131 \u0259razil\u0259ri minalardan t\u0259mizl\u0259m\u0259k, viran qoyulmu\u015f \u015f\u0259h\u0259r v\u0259 k\u0259ndl\u0259ri b\u0259rpa etm\u0259k, ke\u00e7mi\u015f m\u0259cburi k\u00f6\u00e7k\u00fcnl\u0259ri tezlikl\u0259 d\u0259d\u0259-baba torpaqlar\u0131na qaytarmaqd\u0131r. C\u0259mi 8 ayda in\u015fa olunan F\u00fczuli Beyn\u0259lxalq Hava Liman\u0131n\u0131n istifad\u0259y\u0259 verilm\u0259si d\u0259 h\u0259min m\u00f6c\u00fcz\u0259l\u0259rd\u0259ndir. Prezident \u0130lham \u018fliyevin S\u0259r\u0259ncam\u0131na \u0259sas\u0259n yarad\u0131lan 14, o c\u00fcml\u0259d\u0259n Qaraba\u011f v\u0259 \u015e\u0259rqi Z\u0259ng\u0259zur iqtisadi rayonlar\u0131nda quruculuq i\u015fl\u0259rin\u0259 ba\u015flan\u0131lm\u0131\u015fd\u0131r. \u00abXar\u0131b\u00fclb\u00fcl\u00bb festival\u0131, Vaqif Poeziya G\u00fcnl\u0259ri m\u0259d\u0259niyy\u0259t paytaxt\u0131m\u0131z\u0131n ad\u0131na layiq t\u0259\u015fkil olundu. D\u00f6vl\u0259t ba\u015f\u00e7\u0131m\u0131z\u0131n \u00f6t\u0259n ild\u0259 i\u015f\u011faldan azad olunmu\u015f b\u00f6lg\u0259l\u0259r\u0259 32, b\u00fct\u00fcnl\u00fckd\u0259 is\u0259 respublikan\u0131n ayr\u0131-ayr\u0131 rayonlar\u0131na 47 s\u0259f\u0259rinin h\u0259r biri quruculuq i\u015fl\u0259rinin m\u0259nz\u0259r\u0259sini \u0259ks etdirir. \u00abT\u0259kc\u0259 \u015eu\u015fa \u015f\u0259h\u0259rin\u0259 7 d\u0259f\u0259 getmi\u015f\u0259m. Biz \u015eu\u015fada b\u00f6y\u00fck quruculuq i\u015fl\u0259rin\u0259 start verdik v\u0259 azad edilmi\u015f torpaqlar aras\u0131nda t\u0259bii olaraq \u0259n geni\u015fmiqyasl\u0131 b\u0259rpa i\u015fl\u0259ri \u015eu\u015fa \u015f\u0259h\u0259rind\u0259 apar\u0131l\u0131r. Eyni zamanda, dig\u0259r \u015f\u0259h\u0259r v\u0259 k\u0259ndl\u0259rd\u0259 \u00e7ox geni\u015fmiqyasl\u0131 i\u015fl\u0259r apar\u0131l\u0131r v\u0259 apar\u0131lacaq\u00bb s\u00f6zl\u0259ri il\u0259 b\u0259rpa i\u015fl\u0259rinin \u0259sas amili olan iqtisadiyyat\u0131n inki\u015faf\u0131na x\u00fcsusi diqq\u0259t g\u00f6st\u0259rildiyini diqq\u0259t\u0259 \u00e7atd\u0131ran c\u0259nab \u0130lham \u018fliyevin vur\u011fulad\u0131\u011f\u0131 kimi, b\u0259rpa i\u015fl\u0259rinin daxili imkanlar, he\u00e7 bir beyn\u0259lxalq maliyy\u0259 t\u0259\u015fkilat\u0131ndan kredit, yard\u0131m al\u0131nmadan, \u00f6lk\u0259mizin b\u00fcdc\u0259si hesab\u0131na h\u0259yata ke\u00e7irilm\u0259si Az\u0259rbaycan\u0131n g\u00fcc\u00fcn\u00fcn, q\u00fcdr\u0259tinin g\u00f6st\u0259ricisidir. Az\u0259rbaycan iqtisadiyyat\u0131n\u0131n \u00f6t\u0259n ilin 11 ay\u0131nda 5,3, qeyri-neft iqtisadiyyat\u0131n\u0131n 6,4, s\u0259naye istehsal\u0131n\u0131n 5,5, qeyri-neft sektorunda s\u0259nayenin 20,7 faiz artmas\u0131 quruculuq i\u015fl\u0259rinin s\u00fcr\u0259tl\u0259ndirilm\u0259sinin ba\u015fl\u0131ca \u015f\u0259rtidir. H\u0259min d\u00f6vrd\u0259 valyuta ehtiyatlar\u0131m\u0131z 2,2 milyard dollar art\u0131b. Ticar\u0259t \u0259laq\u0259l\u0259rimizin m\u00fcsb\u0259t saldosu 9,4 milyard dollard\u0131r. \u00d6lk\u0259mizin xarici d\u00f6vl\u0259t borcu \u00fcmumi daxili m\u0259hsulun c\u0259mi 17 faizini t\u0259\u015fkil edir. Maliyy\u0259 imkanlar\u0131n\u0131n y\u00fcks\u0259k templ\u0259 artmas\u0131 \u0259halinin g\u00fcz\u0259ran\u0131n\u0131n yax\u015f\u0131la\u015fd\u0131r\u0131lmas\u0131na y\u00f6n\u0259l\u0259n sosial paketin z\u0259nginl\u0259\u015fm\u0259sini d\u0259 t\u0259min edir. Prezident \u0130lham \u018fliyevin s\u0259r\u0259ncamlar\u0131na \u0259sas\u0259n cari ilin ilk aylar\u0131ndan maa\u015flar, pensiyalar, t\u0259qa\u00fcdl\u0259r \u0259h\u0259miyy\u0259tli d\u0259r\u0259c\u0259d\u0259 art\u0131r\u0131lacaq. Vergi orqanlar\u0131n\u0131n toplad\u0131\u011f\u0131 v\u0259sait hesab\u0131na m\u00fc\u0259yy\u0259nl\u0259\u015fdiril\u0259n sosial paketl\u0259rin \u00fcmumi h\u0259cmi 1,5 milyard manat m\u0259bl\u0259\u011find\u0259dir. \u0130kinci Qaraba\u011f m\u00fcharib\u0259sinin davam etdiyi g\u00fcnl\u0259rd\u0259 COVID-19-a qar\u015f\u0131 m\u00fcbariz\u0259d\u0259 d\u0259 f\u0259rql\u0259n\u0259n Az\u0259rbaycan nadir \u00f6lk\u0259l\u0259rd\u0259ndir ki, \u0259n \u00e7\u0259tin m\u0259qamlarda bel\u0259 pandemiyaya qar\u015f\u0131 profilaktiki t\u0259dbirl\u0259ri layiqinc\u0259 davam etdirdi, v\u0259t\u0259nda\u015flar\u0131n sa\u011flaml\u0131\u011f\u0131n\u0131n qorunmas\u0131na diqq\u0259ti art\u0131rd\u0131. \u018fhali aras\u0131nda peyv\u0259ndl\u0259m\u0259 prosesi n\u0259zar\u0259td\u0259 saxlan\u0131ld\u0131.<br \/>\nBiri-birind\u0259n \u0259h\u0259miyy\u0259tli, g\u0259l\u0259c\u0259yimiz \u00fc\u00e7\u00fcn vacib i\u015fl\u0259r is\u0259 2022-ci il \u00fc\u00e7\u00fcn t\u0259m\u0259ldir v\u0259 Az\u0259rbaycan xalq\u0131na u\u011fur g\u0259tir\u0259c\u0259k. Bu il \u015eu\u015fa \u015f\u0259h\u0259rinin 270 illiyi tamam olur. \u00abBu \u015fanl\u0131 tarixi n\u0259z\u0259r\u0259 alaraq v\u0259 \u015eu\u015fan\u0131n b\u0259rpas\u0131n\u0131 s\u00fcr\u0259tl\u0259ndirm\u0259k m\u0259qs\u0259dil\u0259 m\u0259n yeni ili \u00ab\u015eu\u015fa \u0130li\u00bb\u201d elan edir\u0259m\u00bb s\u00f6yl\u0259y\u0259n Prezident \u0130lham \u018fliyev \u0259sl do\u011fmalar\u0131n\u0131n n\u0259f\u0259si il\u0259 isin\u0259n \u015eu\u015fada apar\u0131lan quruculuq i\u015fl\u0259rinin daha da s\u00fcr\u0259tl\u0259ndiril\u0259c\u0259yini ba\u015fl\u0131ca h\u0259d\u0259f kimi qar\u015f\u0131ya qoyur. Verdiyi v\u0259dl\u0259r\u0259 sadiq qalan Prezident \u0130lham \u018fliyevin davam etdirdiyi siyas\u0259t n\u0259tic\u0259sind\u0259 q\u0259d\u0259m qoydu\u011fumuz ilimiz d\u0259 u\u011furlar\u0131 il\u0259 dostlar\u0131m\u0131z\u0131 sevindir\u0259c\u0259k, Az\u0259rbaycana h\u0259s\u0259d aparanlar\u0131 q\u0131sqand\u0131racaq.<\/p>\n","protected":false},"excerpt":{"rendered":"<p>\u015eu\u015fan\u0131n i\u015f\u011faldan azad edilm\u0259si m\u00fcjd\u0259sini Az\u0259rbaycan xalq\u0131na \u00abB\u00f6y\u00fck f\u0259xar\u0259t v\u0259 q\u00fcrur hissi il\u0259 b\u0259yan edir\u0259m ki, \u015eu\u015fa \u015f\u0259h\u0259ri i\u015f\u011faldan azad edildi! \u015eu\u015fa bizimdir! Qaraba\u011f bizimdir! Bu m\u00fcnasib\u0259tl\u0259 b\u00fct\u00fcn Az\u0259rbaycan xalq\u0131n\u0131 \u00fcr\u0259kd\u0259n t\u0259brik edir\u0259m. B\u00fct\u00fcn \u015fu\u015fal\u0131lar\u0131 \u00fcr\u0259kd\u0259n t\u0259brik edir\u0259m\u00bb s\u00f6zl\u0259rinin yer ald\u0131\u011f\u0131 m\u00fcraci\u0259ti il\u0259 bildir\u0259n Prezident \u0130lham \u018fliyev bu Q\u0259l\u0259b\u0259nin d\u00f6y\u00fc\u015f meydan\u0131nda qazan\u0131ld\u0131\u011f\u0131n\u0131 qalib s\u0259rk\u0259rd\u0259 kimi d\u0259 q\u00fcrurla b\u0259yan etdi. Xalq\u0131m\u0131z\u0131n q\u0259hr\u0259manl\u0131q tarixin\u0259 \u0259b\u0259di yaz\u0131lan 2020-ci il noyabr\u0131n 8-i Az\u0259rbaycan\u0131n q\u0259hr\u0259manl\u0131q salnam\u0259sind\u0259 \u0259b\u0259di ya\u015fam haqq\u0131 qazand\u0131. 28 il i\u015f\u011fal alt\u0131nda qalan c\u0259nn\u0259tm\u0259kan, t\u0259kc\u0259 Az\u0259rbaycan\u0131n deyil, b\u00fct\u00fcn Qafqaz\u0131n incisi, m\u0259d\u0259niyy\u0259t paytaxt\u0131m\u0131z \u015eu\u015fan\u0131,&hellip;<\/p>\n","protected":false},"author":2,"featured_media":423245,"comment_status":"closed","ping_status":"closed","sticky":false,"template":"","format":"standard","meta":{"om_disable_all_campaigns":false,"_monsterinsights_skip_tracking":false,"_monsterinsights_sitenote_active":false,"_monsterinsights_sitenote_note":"","_monsterinsights_sitenote_category":0},"categories":[8],"tags":[],"aioseo_notices":[],"gutentor_comment":0,"rttpg_featured_image_url":{"full":["https:\/\/arantv.az\/wp-content\/uploads\/2022\/01\/015e3193162339203129673418110289170.jpg",975,540,false],"landscape":["https:\/\/arantv.az\/wp-content\/uploads\/2022\/01\/015e3193162339203129673418110289170.jpg",975,540,false],"portraits":["https:\/\/arantv.az\/wp-content\/uploads\/2022\/01\/015e3193162339203129673418110289170.jpg",975,540,false],"thumbnail":["https:\/\/arantv.az\/wp-content\/uploads\/2022\/01\/015e3193162339203129673418110289170-500x280.jpg",500,280,true],"medium":["https:\/\/arantv.az\/wp-content\/uploads\/2022\/01\/015e3193162339203129673418110289170-660x365.jpg",660,365,true],"large":["https:\/\/arantv.az\/wp-content\/uploads\/2022\/01\/015e3193162339203129673418110289170-840x465.jpg",640,354,true],"1536x1536":["https:\/\/arantv.az\/wp-content\/uploads\/2022\/01\/015e3193162339203129673418110289170.jpg",975,540,false],"2048x2048":["https:\/\/arantv.az\/wp-content\/uploads\/2022\/01\/015e3193162339203129673418110289170.jpg",975,540,false],"post-thumbnail":["https:\/\/arantv.az\/wp-content\/uploads\/2022\/01\/015e3193162339203129673418110289170-240x172.jpg",240,172,true],"advps-thumb-one":["https:\/\/arantv.az\/wp-content\/uploads\/2022\/01\/015e3193162339203129673418110289170.jpg",975,540,false]},"rttpg_author":{"display_name":"V\u00fcsal Rafiqo\u011flu","author_link":"https:\/\/arantv.az\/?author=2"},"rttpg_comment":0,"rttpg_category":"<a href=\"https:\/\/arantv.az\/?cat=8\" rel=\"category\">\u018fsas s\u0259hif\u0259<\/a>","rttpg_excerpt":"\u015eu\u015fan\u0131n i\u015f\u011faldan azad edilm\u0259si m\u00fcjd\u0259sini Az\u0259rbaycan xalq\u0131na \u00abB\u00f6y\u00fck f\u0259xar\u0259t v\u0259 q\u00fcrur hissi il\u0259 b\u0259yan edir\u0259m ki, \u015eu\u015fa \u015f\u0259h\u0259ri i\u015f\u011faldan azad edildi! \u015eu\u015fa bizimdir! Qaraba\u011f bizimdir! Bu m\u00fcnasib\u0259tl\u0259 b\u00fct\u00fcn Az\u0259rbaycan xalq\u0131n\u0131 \u00fcr\u0259kd\u0259n t\u0259brik edir\u0259m. B\u00fct\u00fcn \u015fu\u015fal\u0131lar\u0131 \u00fcr\u0259kd\u0259n t\u0259brik edir\u0259m\u00bb s\u00f6zl\u0259rinin yer ald\u0131\u011f\u0131 m\u00fcraci\u0259ti il\u0259 bildir\u0259n Prezident \u0130lham \u018fliyev bu Q\u0259l\u0259b\u0259nin d\u00f6y\u00fc\u015f meydan\u0131nda qazan\u0131ld\u0131\u011f\u0131n\u0131 qalib s\u0259rk\u0259rd\u0259 kimi&hellip;","_links":{"self":[{"href":"https:\/\/arantv.az\/index.php?rest_route=\/wp\/v2\/posts\/423243"}],"collection":[{"href":"https:\/\/arantv.az\/index.php?rest_route=\/wp\/v2\/posts"}],"about":[{"href":"https:\/\/arantv.az\/index.php?rest_route=\/wp\/v2\/types\/post"}],"author":[{"embeddable":true,"href":"https:\/\/arantv.az\/index.php?rest_route=\/wp\/v2\/users\/2"}],"replies":[{"embeddable":true,"href":"https:\/\/arantv.az\/index.php?rest_route=%2Fwp%2Fv2%2Fcomments&post=423243"}],"version-history":[{"count":0,"href":"https:\/\/arantv.az\/index.php?rest_route=\/wp\/v2\/posts\/423243\/revisions"}],"wp:featuredmedia":[{"embeddable":true,"href":"https:\/\/arantv.az\/index.php?rest_route=\/wp\/v2\/media\/423245"}],"wp:attachment":[{"href":"https:\/\/arantv.az\/index.php?rest_route=%2Fwp%2Fv2%2Fmedia&parent=423243"}],"wp:term":[{"taxonomy":"category","embeddable":true,"href":"https:\/\/arantv.az\/index.php?rest_route=%2Fwp%2Fv2%2Fcategories&post=423243"},{"taxonomy":"post_tag","embeddable":true,"href":"https:\/\/arantv.az\/index.php?rest_route=%2Fwp%2Fv2%2Ftags&post=423243"}],"curies":[{"name":"wp","href":"https:\/\/api.w.org\/{rel}","templated":true}]}}