{"id":423247,"date":"2022-01-07T13:41:46","date_gmt":"2022-01-07T10:41:46","guid":{"rendered":"http:\/\/arantv.az\/?p=423247"},"modified":"2022-01-07T13:41:46","modified_gmt":"2022-01-07T10:41:46","slug":"susa-qalibiyy%c9%99ti-xalqimizin-q%c9%99hr%c9%99manliq-ruhunun-t%c9%99nt%c9%99n%c9%99sin%c9%99-cevrildi","status":"publish","type":"post","link":"https:\/\/arantv.az\/?p=423247","title":{"rendered":"\u015eu\u015fa qalibiyy\u0259ti xalq\u0131m\u0131z\u0131n q\u0259hr\u0259manl\u0131q ruhunun t\u0259nt\u0259n\u0259sin\u0259 \u00e7evrildi"},"content":{"rendered":"<p><em><strong>D\u00f6vl\u0259t ba\u015f\u00e7\u0131s\u0131 \u0130lham \u018fliyevin S\u0259r\u0259ncam\u0131 il\u0259 2022-ci ilin \u00ab\u015eu\u015fa \u0130li\u00bb elan edilm\u0259si h\u0259rbi-siyasi, diplomatik q\u0259l\u0259b\u0259mizin, tarixi reall\u0131qlar\u0131n t\u0259sdiqi v\u0259 d\u00fcnyaya t\u0259qdimat\u0131d\u0131r<\/strong><\/em><\/p>\n<p>\u00abBiz qalib xalq\u0131q. M\u0259n \u015eu\u015faya son d\u0259f\u0259 39 il bundan \u0259vv\u0259l g\u0259lmi\u015f\u0259m. 39 il bundan \u0259vv\u0259l iki d\u0259f\u0259 g\u0259lmi\u015f\u0259m v\u0259 birinci d\u0259f\u0259 yanvar\u0131n 14-d\u0259 g\u0259lmi\u015f\u0259m. Bax, bu g\u00fcn, yanvar\u0131n 14-d\u0259 yen\u0259 d\u0259 buraday\u0131q. Bu d\u0259f\u0259 m\u00fcz\u0259ff\u0259r Az\u0259rbaycan Ordusunun, qalib Az\u0259rbaycan Ordusunun Ali Ba\u015f Komandan\u0131 kimi g\u0259lmi\u015f\u0259m. D\u00fc\u015fm\u0259nin belini q\u0131ran Ordunun Ali Ba\u015f Komandan\u0131 kimi g\u0259lmi\u015f\u0259m v\u0259 burada m\u00fcq\u0259dd\u0259s bayra\u011f\u0131n alt\u0131nda, q\u0259hr\u0259man h\u0259rb\u00e7il\u0259rin \u00f6n\u00fcnd\u0259 deyir\u0259m ki, biz bu torpaqlarda \u0259b\u0259di ya\u015fayaca\u011f\u0131q! Biz \u015eu\u015fan\u0131 v\u0259 da\u011f\u0131d\u0131lm\u0131\u015f b\u00fct\u00fcn ba\u015fqa \u015f\u0259h\u0259r v\u0259 k\u0259ndl\u0259rimizi b\u0259rpa ed\u0259c\u0259yik. Da\u011f\u0131d\u0131lm\u0131\u015f b\u00fct\u00fcn tarixi abid\u0259l\u0259rimizi b\u0259rpa ed\u0259c\u0259yik. Erm\u0259nistan saxtakarl\u0131q ed\u0259r\u0259k b\u00fct\u00fcn d\u00fcnyaya \u015eu\u015fa haqq\u0131nda uydurmalar \u00e7atd\u0131r\u0131rd\u0131 ki, guya \u015eu\u015fa onlar\u0131n q\u0259dim \u015f\u0259h\u0259ridir. P\u0259nah\u0259li xan\u0131n sald\u0131\u011f\u0131 \u015f\u0259h\u0259r nec\u0259 erm\u0259ni \u015f\u0259h\u0259ri ola bil\u0259r?! Ax\u0131, bu, yax\u0131n tarixin i\u015fidir, hadis\u0259l\u0259ridir.\u00bb D\u00f6vl\u0259t ba\u015f\u00e7\u0131s\u0131, M\u00fcz\u0259ff\u0259r Ali Ba\u015f Komandan \u0130lham \u018fliyevin \u00f6t\u0259n ilin yanvar\u0131nda \u015eu\u015faya ilk s\u0259f\u0259ri zaman\u0131 s\u0259sl\u0259ndirdiyi bu fikirl\u0259r bir ild\u0259 g\u00f6r\u00fcl\u0259n i\u015fl\u0259rin fonunda \u00f6z t\u0259sdiqini tapmaqla 5 yanvar 2022-ci il tarixli S\u0259r\u0259ncam\u0131 \u0259sas\u0131nda bu ilin \u00ab\u015eu\u015fa \u0130li\u00bb elan edilm\u0259si il\u0259 tamamland\u0131. S\u0259n\u0259dd\u0259 d\u0259 qeyd olundu\u011fu kimi, Az\u0259rbaycan\u0131n m\u0259d\u0259niyy\u0259t paytaxt\u0131 elan edil\u0259n \u015eu\u015fada bu g\u00fcn \u015f\u0259h\u0259rin \u0259sl tarixi simas\u0131n\u0131n b\u0259rpas\u0131 y\u00f6n\u00fcnd\u0259 n\u0259h\u0259ng layih\u0259l\u0259r ger\u00e7\u0259kl\u0259\u015fdirilir. Q\u0131sa m\u00fcdd\u0259td\u0259 \u015eu\u015fan\u0131n Ba\u015f plan\u0131n\u0131n haz\u0131rlanmas\u0131, q\u00fcdr\u0259tli \u015fair Molla P\u0259nah Vaqifin b\u00fcst\u00fcn\u00fcn v\u0259 muzey-m\u0259qb\u0259r\u0259 kompleksinin \u00f6z ilkin g\u00f6rk\u0259min\u0259 qaytar\u0131lmas\u0131, B\u00fclb\u00fcl\u00fcn ev-muzeyinin v\u0259 \u00dczeyir Hac\u0131b\u0259ylinin heyk\u0259linin a\u00e7\u0131l\u0131\u015flar\u0131, habel\u0259 buradak\u0131 tarixi, dini v\u0259 memarl\u0131q abid\u0259l\u0259rinin b\u0259rpas\u0131 prosesi \u00f6lk\u0259mizin m\u0259d\u0259niyy\u0259t paytaxt\u0131ndak\u0131 kompleks i\u015fl\u0259rin t\u0259rkib hiss\u0259sidir. C\u0131d\u0131r d\u00fcz\u00fcnd\u0259 \u201cXar\u0131b\u00fclb\u00fcl\u201d musiqi festival\u0131n\u0131n v\u0259 Vaqifin m\u00f6ht\u0259\u015f\u0259m m\u0259qb\u0259r\u0259si \u00f6n\u00fcnd\u0259 Vaqif Poeziya G\u00fcnl\u0259rinin t\u0259\u015fkili \u0259n\u0259n\u0259sinin b\u0259rpas\u0131 da g\u00f6st\u0259rir ki, \u015eu\u015fa s\u00fcr\u0259tl\u0259 dir\u00e7\u0259l\u0259r\u0259k \u0259vv\u0259lki dol\u011fun m\u0259d\u0259ni h\u0259yat\u0131na qovu\u015fmaq yolundad\u0131r. \u015eu\u015fan\u0131n Az\u0259rbaycan xalq\u0131 \u00fc\u00e7\u00fcn tarixi \u0259h\u0259miyy\u0259ti, y\u00fcks\u0259k m\u0259d\u0259ni-m\u0259n\u0259vi d\u0259y\u0259ri n\u0259z\u0259r\u0259 al\u0131naraq imzalanan bu S\u0259r\u0259ncam Qaraba\u011f\u0131n tac\u0131n\u0131n, Az\u0259rbaycan\u0131n d\u00f6y\u00fcn\u0259n \u00fcr\u0259yinin t\u0259qdimat\u0131na geni\u015f imkanlar a\u00e7acaq.<\/p>\n<p>C\u0259nab \u0130lham \u018fliyevin 44 g\u00fcnl\u00fck \u0130kinci Qaraba\u011f m\u00fcharib\u0259si d\u00f6vr\u00fcnd\u0259 30-dan art\u0131q xarici m\u0259tbuata m\u00fcsahib\u0259l\u0259rind\u0259 bu fikir x\u00fcsusi qeyd olunurdu ki, \u015eu\u015fas\u0131z bizim i\u015fimiz yar\u0131m\u00e7\u0131q olar. Musiqi be\u015fiyimizin i\u015f\u011faldan azad edilm\u0259si d\u00fc\u015fm\u0259n\u0259 vurulan \u0259n b\u00f6y\u00fck z\u0259rb\u0259 oldu.<\/p>\n<p>\u00d6lk\u0259 Prezidenti, M\u00fcz\u0259ff\u0259r Ali Ba\u015f Komandan \u0130lham \u018fliyev 2020-ci il oktyabr\u0131n 16-da T\u00fcrkiy\u0259nin \u201cA Haber\u201d televiziya kanal\u0131na m\u00fcsahib\u0259sind\u0259 jurnalistin \u00abQaraba\u011f\u0131n q\u0259lbi, g\u00f6z\u00fc \u015eu\u015fad\u0131r. Az\u0259rbaycanl\u0131lar\u0131n g\u00f6z\u00fc-qula\u011f\u0131 \u015eu\u015fadan g\u0259l\u0259c\u0259k x\u0259b\u0259rd\u0259dir. \u0130stiqam\u0259ti \u015eu\u015fa olaraqm\u0131 verdiniz, in\u015fallah\u00bb sual\u0131na cavab\u0131nda bildirmi\u015fdi ki, istiqam\u0259t h\u0259r t\u0259r\u0259fdir. \u0130\u015f\u011fal edilmi\u015f torpaqlar\u0131n h\u0259r bir qar\u0131\u015f\u0131, h\u0259r bir \u015f\u0259h\u0259r bizim \u00fc\u00e7\u00fcn do\u011fmad\u0131r, \u0259zizdir. M\u0259nim \u00fc\u00e7\u00fcn h\u0259r bir k\u0259ndin d\u0259y\u0259ri, qiym\u0259ti o biri k\u0259ndl\u0259 m\u00fcqayis\u0259d\u0259, o biri \u015f\u0259h\u0259rl\u0259 m\u00fcqayis\u0259d\u0259 eynidir, b\u0259rab\u0259rdir: \u00abAncaq siz d\u0259 yax\u015f\u0131 bilirsiniz ki, \u015eu\u015fan\u0131n Az\u0259rbaycan xalq\u0131n\u0131n q\u0259lbind\u0259 x\u00fcsusi yeri var. Bu, bizim tarixi \u015f\u0259h\u0259rimizdir, q\u0259dim m\u0259d\u0259niyy\u0259t oca\u011f\u0131d\u0131r. \u015eu\u015fa Az\u0259rbaycan xalq\u0131na bir \u00e7ox istedadl\u0131, dahi \u015f\u0259xsl\u0259r b\u0259x\u015f edibdir. \u018flb\u0259tt\u0259 ki, \u015eu\u015fas\u0131z bizim i\u015fimiz yar\u0131m\u00e7\u0131q olar&#8230; Ona g\u00f6r\u0259 t\u0259bii ki, \u015eu\u015fan\u0131n i\u015f\u011faldan azad edilm\u0259si bizim h\u0259d\u0259fl\u0259rimizin aras\u0131nda x\u00fcsusi yer tutur. Biz buna \u00e7al\u0131\u015fmal\u0131y\u0131q, biz buna nail olmal\u0131y\u0131q. Bu, n\u0259 zaman olacaq?\u00bb \u00abYax\u0131ndam\u0131, c\u0259nab Prezident\u00bb sual\u0131na cavab olaraq \u00abOnu, y\u0259ni, yax\u0131n g\u0259l\u0259c\u0259k g\u00f6st\u0259r\u0259r\u00bb bildirmi\u015fdi.<\/p>\n<p>\u015eu\u015fan\u0131n i\u015f\u011faldan azad edilm\u0259sind\u0259n sonra Erm\u0259nistan diz \u00e7\u00f6kd\u00fc, kapitulyasiya akt\u0131na imza atd\u0131. \u015eu\u015fan\u0131n i\u015f\u011faldan azad edildiyi tarix Z\u0259f\u0259r G\u00fcn\u00fc kimi t\u0259sis edildi. C\u0259nab \u0130lham \u018fliyev Qaraba\u011f\u0131n tac\u0131n\u0131n i\u015f\u011faldan azad edilm\u0259si m\u00fcjd\u0259sini \u015e\u0259hidl\u0259r xiyaban\u0131ndan xalq\u0131m\u0131za \u00e7atd\u0131rark\u0259n bildirmi\u015fdir: \u00ab\u018fziz \u015eu\u015fa, s\u0259n azadsan!\u00bb, \u00ab\u018fziz \u015eu\u015fa, biz qay\u0131tm\u0131\u015f\u0131q!\u00bb, \u00ab\u018fziz \u015eu\u015fa, biz s\u0259ni dir\u00e7\u0259ld\u0259c\u0259yik!\u00bb<\/p>\n<p>Bu g\u00fcn g\u00f6r\u00fcl\u0259n i\u015fl\u0259rin fonunda qeyd edirik ki, \u015eu\u015fa s\u00f6z\u00fcn \u0259sl m\u0259nas\u0131nda dir\u00e7\u0259lir, \u00f6z \u0259vv\u0259lki simas\u0131na qay\u0131d\u0131r. T\u0259bi\u0259tinin g\u00f6z\u0259lliyi, q\u0259dim m\u0259d\u0259niyy\u0259ti, tarixi \u015f\u0259xsiyy\u0259tl\u0259ri il\u0259 d\u00fcnyada tan\u0131nan \u015eu\u015fa \u00abKi\u00e7ik Paris\u00bb, \u00abQafqaz\u0131n s\u0259n\u0259t m\u0259b\u0259di\u00bb, \u00abAz\u0259rbaycan musiqisinin be\u015fiyi\u00bb, \u00ab\u015e\u0259rqin konservatoriyas\u0131\u00bb adland\u0131r\u0131l\u0131r. \u015eu\u015fada Xur\u015fudbanu Nat\u0259van\u0131n, G\u00f6vh\u0259r a\u011fan\u0131n, C\u0259f\u0259rqulu xan\u0131n, U\u011furlu b\u0259yin, F\u0259rz\u0259li b\u0259yin, N\u0259c\u0259fqulu a\u011fan\u0131n, Hac\u0131 Qulunun, S\u0259fi b\u0259yin \u015e\u0259rq \u00fcslubunda tikdirdikl\u0259ri saray v\u0259 imar\u0259tl\u0259r \u015f\u0259h\u0259r\u0259 x\u00fcsusi yara\u015f\u0131q verib. Erm\u0259nil\u0259r i\u015f\u011fal d\u00f6vr\u00fcnd\u0259 b\u00fct\u00fcn evl\u0259ri, tarixi v\u0259 dini abid\u0259l\u0259ri da\u011f\u0131d\u0131blar. \u015eu\u015fan\u0131 erm\u0259nil\u0259\u015fdirm\u0259y\u0259 \u00e7al\u0131\u015fan d\u00fc\u015fm\u0259n unutdu ki, torpa\u011fa sahib olan da\u011f\u0131nt\u0131 il\u0259 deyil, quruculuqla m\u0259\u015f\u011ful olar. Nec\u0259 ki, Az\u0259rbaycan bu g\u00fcn torpaqlar\u0131na qovu\u015fdu\u011fu \u00fc\u00e7\u00fcn sevinclidir, ilk andan b\u0259rpa v\u0259 quruculuq i\u015fl\u0259rin\u0259 start verdi. C\u0259nab \u0130lham \u018fliyevin D\u00fcnya Az\u0259rbaycanl\u0131lar\u0131n\u0131n H\u0259mr\u0259yliyi G\u00fcn\u00fc v\u0259 Yeni il m\u00fcnasib\u0259til\u0259 m\u00fcraci\u0259tind\u0259 qeyd etdiyi kimi, i\u015f\u011faldan azad edilmi\u015f \u0259razil\u0259rd\u0259 apar\u0131lan b\u0259rpa v\u0259 quruculuq i\u015fl\u0259rind\u0259n dan\u0131\u015fsaq, saatlarla vaxt laz\u0131md\u0131r. \u018fsas h\u0259d\u0259f ke\u00e7mi\u015f k\u00f6\u00e7k\u00fcnl\u0259ri do\u011fma yurd-yuvalar\u0131na qaytarmaqd\u0131r.<\/p>\n<p>Qeyd etdiyimiz kimi, da\u011flar qoynunda yerl\u0259\u015f\u0259n, iqtisadi inki\u015faf\u0131, m\u00fcasir g\u00f6r\u00fcn\u00fc\u015f\u00fc, strateji \u0259h\u0259miyy\u0259ti il\u0259 f\u0259rql\u0259n\u0259n bu q\u0259dim \u015f\u0259h\u0259r\u0259 sahibl\u0259nm\u0259k erm\u0259nil\u0259rin \u0259n b\u00f6y\u00fck arzular\u0131 olub. Da\u011fl\u0131q Qaraba\u011f m\u00fcnaqi\u015f\u0259si ba\u015flanandan sonra Xank\u0259ndid\u0259 toplanan erm\u0259ni silahl\u0131lar\u0131 1992-ci il may\u0131n 7-d\u0259n 8-n\u0259 ke\u00e7\u0259n gec\u0259 \u015f\u0259h\u0259ri d\u00f6rd t\u0259r\u0259fd\u0259n at\u0259\u015f\u0259 tutaraq \u015eu\u015fan\u0131 i\u015f\u011fal etdil\u0259r. \u015e\u0259h\u0259ri qoruyan \u0259sg\u0259rl\u0259rin m\u00fcqavim\u0259tin\u0259 baxmayaraq milli satq\u0131nlar\u0131n x\u0259yan\u0259tinin qurban\u0131 olan \u015eu\u015fa, \u00e7al-\u00e7a\u011f\u0131rl\u0131, qonaql\u0131-qaral\u0131 C\u0131d\u0131r d\u00fcz\u00fc, t\u0259bi\u0259tin yeti\u015fdirdiyi nadir bitkil\u0259rd\u0259n olan xar\u0131b\u00fclb\u00fcl erm\u0259nil\u0259rin \u0259lin\u0259 ke\u00e7di.<\/p>\n<p>Bir ild\u0259n art\u0131qd\u0131r ki, \u015eu\u015fa azadd\u0131r. Prezident, Ali Ba\u015f Komandan \u0130lham \u018fliyevin ba\u015f\u00e7\u0131l\u0131q etdiyi m\u00fcz\u0259ff\u0259r ordumuzun r\u0259\u015fad\u0259ti n\u0259tic\u0259sind\u0259 i\u015f\u011faldan azad edil\u0259n bu q\u0259dim \u015f\u0259h\u0259r yenid\u0259n Az\u0259rbaycan\u0131n m\u0259d\u0259niyy\u0259t paytaxt\u0131 ad\u0131na qovu\u015fdu. \u00abM\u0259n xo\u015fb\u0259xt adamam ki, ata v\u0259siyy\u0259tini yerin\u0259 yetirdim. \u015eu\u015fan\u0131 azad etdik! Bu, b\u00f6y\u00fck Q\u0259l\u0259b\u0259dir! \u015e\u0259hidl\u0259rimizin, Ulu \u00d6nd\u0259rin ruhu \u015fadd\u0131r bu g\u00fcn! G\u00f6z\u00fcn ayd\u0131n olsun Az\u0259rbaycan! G\u00f6z\u00fcn\u00fcz ayd\u0131n olsun d\u00fcnya az\u0259rbaycanl\u0131lar\u0131!\u00bb s\u00f6zl\u0259ri il\u0259 ulu \u00f6nd\u0259r Heyd\u0259r \u018fliyevin \u015eu\u015faya verdiyi d\u0259y\u0259ri b\u0259rpa ed\u0259n Prezident \u0130lham \u018fliyevin d\u0259mir yumru\u011fu d\u00fc\u015fm\u0259ni \u0259b\u0259di susdurdu. \u015eu\u015faya ilk s\u0259f\u0259rind\u0259 bu q\u0259dim yurd yerinin \u0259vv\u0259lki \u015f\u00f6hr\u0259tinin \u00f6z\u00fcn\u0259 qaytar\u0131laca\u011f\u0131n\u0131 bildir\u0259n Prezident \u0130lham \u018fliyev \u00f6nc\u0259 d\u00fc\u015fm\u0259n t\u0259r\u0259find\u0259n g\u00fcll\u0259l\u0259nmi\u015f Xur\u015fidbanu Nat\u0259van\u0131n, dahi b\u0259st\u0259kar \u00dczeyir Hac\u0131b\u0259ylinin, unudulmaz s\u0259n\u0259tkar B\u00fclb\u00fcl\u00fcn b\u00fcstl\u0259rini 30 ild\u0259n sonra do\u011fma yurduna qaytard\u0131. \u00abM\u0259n \u015eu\u015faya Q\u0259l\u0259b\u0259 yolu il\u0259 g\u0259lmi\u015f\u0259m. O yol indi a\u00e7\u0131l\u0131bd\u0131r, yol yox idi. Da\u011flardan, me\u015f\u0259l\u0259rd\u0259n, d\u0259r\u0259l\u0259rd\u0259n ke\u00e7\u0259r\u0259k, onlarla kilometr m\u0259saf\u0259ni q\u0259t ed\u0259r\u0259k q\u0259hr\u0259man Az\u0259rbaycan h\u0259rb\u00e7il\u0259ri yol boyunca k\u0259ndl\u0259ri, q\u0259s\u0259b\u0259l\u0259ri d\u00fc\u015fm\u0259nd\u0259n azad edib, \u015eu\u015fa \u015f\u0259h\u0259rin\u0259 yax\u0131nla\u015f\u0131b, Da\u015falt\u0131 k\u0259ndini azad edib v\u0259 ondan sonra \u015eu\u015fan\u0131 i\u015f\u011fal\u00e7\u0131lardan azad edib\u00bb s\u00f6yl\u0259y\u0259n d\u00f6vl\u0259t ba\u015f\u00e7\u0131s\u0131 \u015eu\u015fan\u0131n i\u015f\u011faldan azad edilm\u0259sini d\u00fc\u015fm\u0259n\u0259 vurulan \u0259n b\u00f6y\u00fck z\u0259rb\u0259 adland\u0131rd\u0131.<br \/>\nBu \u015f\u0259h\u0259rin i\u015f\u011fal\u0131n\u0131 \u00abda\u011flarda toy adland\u0131ran\u00bb erm\u0259nil\u0259r\u0259 s\u0259ng\u0259rl\u0259rd\u0259, d\u00f6y\u00fc\u015f meydan\u0131nda layiq oldu\u011fu d\u0259rsi ver\u0259n q\u0259hr\u0259man \u0259sg\u0259rl\u0259rimizin r\u0259\u015fad\u0259ti n\u0259tic\u0259sind\u0259 28 ild\u0259n sonra 2020-ci il noyabr\u0131n 8-d\u0259 \u015eu\u015fada Az\u0259rbaycan bayra\u011f\u0131 qald\u0131r\u0131ld\u0131. M\u0259d\u0259niyy\u0259t paytaxt\u0131m\u0131z olan \u015eu\u015fan\u0131n d\u00fcnyan\u0131n \u0259n g\u00f6z\u0259l \u015f\u0259h\u0259rl\u0259rind\u0259n birin\u0259 \u00e7evirilm\u0259sini \u00f6n\u0259mli v\u0259zif\u0259 kimi qar\u015f\u0131ya qoyan,\u00a0\u00abDemi\u015fdim ki, Az\u0259rbaycan bayra\u011f\u0131 \u015eu\u015fada qald\u0131r\u0131lacaq v\u0259 qald\u0131r\u0131ld\u0131. Demi\u015fdim ki, \u015eu\u015fas\u0131z q\u0259l\u0259b\u0259miz yar\u0131m\u00e7\u0131q olacaq v\u0259 o vaxt m\u00fcharib\u0259 d\u00f6vr\u00fcnd\u0259 bundan art\u0131\u011f\u0131n\u0131 dey\u0259 bilmirdim. \u00c7\u00fcnki m\u00fcharib\u0259nin apar\u0131lmas\u0131n\u0131n m\u0259xfiliyi g\u00f6zl\u0259nilm\u0259li idi. M\u00fcharib\u0259nin ilk g\u00fcnl\u0259rind\u0259n biz bilirdik ki, h\u0259d\u0259fimiz n\u0259dir v\u0259 \u015eu\u015faya do\u011fru u\u011furla ir\u0259lil\u0259yirdik\u00bb s\u00f6yl\u0259y\u0259n Prezident \u0130lham \u018fliyev v\u0259din\u0259 \u0259m\u0259l etdi. 30 il d\u00fc\u015fm\u0259n \u0259sar\u0259tind\u0259 qalan torpaqlar\u0131m\u0131z\u0131 d\u00f6y\u00fc\u015f\u0259-d\u00f6y\u00fc\u015f\u0259 azad ed\u0259n, d\u00fc\u015fm\u0259n\u0259 sars\u0131lmaz z\u0259rb\u0259 vuran, diz \u00e7\u00f6kd\u00fcr\u0259n, b\u00fct\u00fcn d\u00fcnyaya Az\u0259rbaycan\u0131n h\u0259rbi q\u00fcdr\u0259tini g\u00f6st\u0259r\u0259n Az\u0259rbaycan Ordusu m\u00fcharib\u0259 tarixin\u0259 yeni s\u0259hif\u0259l\u0259r yazd\u0131. \u015eu\u015fan\u0131n \u0259vv\u0259lki g\u00f6rk\u0259min\u0259 qaytar\u0131laca\u011f\u0131n\u0131 bildir\u0259n Prezident \u0130lham \u018fliyevin \u00abXar\u0131b\u00fclb\u00fcl\u00bb festival\u0131n\u0131n ke\u00e7irilm\u0259si, dahi \u015fair Vaqifin m\u0259qb\u0259r\u0259sinin b\u0259rpa olunmas\u0131, Vaqif Poeziya G\u00fcnl\u0259rinin t\u0259\u015fkili il\u0259 ba\u011fl\u0131 g\u00f6st\u0259ri\u015fl\u0259rinin \u0259sas\u0131nda da milli ruha, m\u0259n\u0259vi d\u0259y\u0259rl\u0259r\u0259 ba\u011fl\u0131l\u0131q duy\u011fular\u0131 \u0259ks olunurdu. Bu v\u0259dl\u0259r d\u0259 yerin\u0259 yetirildi. May ay\u0131nda \u00abXar\u0131b\u00fclb\u00fcl\u00bb musiqi festival\u0131, avqustda Vaqif Poeziya G\u00fcnl\u0259ri \u0259n\u0259n\u0259si b\u0259rpa edildi. Az\u0259rbaycan mu\u011fam\u0131 C\u0131d\u0131r d\u00fcz\u00fcnd\u0259n d\u00fcnyaya yay\u0131ld\u0131. \u00abXar\u0131b\u00fclb\u00fcl\u00bb musiqi festival\u0131, eyni zamanda, Az\u0259rba\u00a0\u00a0\u00a0 ycan\u0131n tolerant \u00f6lk\u0259 oldu\u011funu t\u0259sdiql\u0259di. Musiqi festival\u0131n\u0131n ilk g\u00fcn\u00fc \u00f6lk\u0259mizd\u0259 ya\u015fayan m\u00fcxt\u0259lif xalqlar\u0131n, mill\u0259tl\u0259rin musiqi yarad\u0131c\u0131l\u0131\u011f\u0131 t\u0259qdim edildi.<\/p>\n<p>28 ild\u0259n sonra \u015eu\u015fan\u0131n C\u0131d\u0131r d\u00fcz\u00fcnd\u0259 Novruz tonqallar\u0131 yand\u0131r\u0131ld\u0131. Son bir il Qaraba\u011f\u0131n tac\u0131 \u00fc\u00e7\u00fcn toy-b\u00fcsatl\u0131, qonaql\u0131, sevincli il oldu. M\u00fct\u0259madi qonaqlar\u0131n\u0131 qar\u015f\u0131layan \u015eu\u015fan\u0131n h\u0259r da\u015f\u0131, qayas\u0131 erm\u0259ni v\u0259h\u015filikl\u0259rinin t\u0259qdimat\u0131na \u015fahidlik etdi. \u015eu\u015fa 28 il \u0259sar\u0259td\u0259 qalsa da \u0259yilm\u0259di, kimliyimizi, milli q\u00fcrurumuzu qorudu. \u018fn \u0259sas\u0131 bu torpaqlara qay\u0131daca\u011f\u0131m\u0131za \u0259min idi. C\u0259nab \u0130lham \u018fliyevin qeyd etdiyi kimi, biz g\u0259ldik v\u0259 \u0259b\u0259bi burada ya\u015fayaca\u011f\u0131q.<\/p>\n<p>\u015eu\u015fa iki dost, qarda\u015f \u00f6lk\u0259nin- T\u00fcrkiy\u0259 v\u0259 Az\u0259rbaycan\u0131n m\u00fctt\u0259fiqliyinin t\u0259sdiqi olan s\u0259n\u0259din imzalanmas\u0131na \u015fahidlik etdi. D\u00fcnyaya s\u0259s salan \u015eu\u015fa B\u0259yannam\u0259si d\u00fcnyaya \u00fcnvanlanan bir s\u0131ra mesajlar\u0131 \u00f6z\u00fcnd\u0259 ehtiva etdi. D\u00fcnya Az\u0259rbaycan v\u0259 T\u00fcrkiy\u0259nin timsal\u0131nda birliyin, h\u0259mr\u0259yliyin n\u00fcmun\u0259sini g\u00f6r\u00fcr.<\/p>\n<p>Son bir ild\u0259 c\u0259nab \u0130lham \u018fliyevin 7 d\u0259f\u0259 \u015eu\u015faya s\u0259f\u0259ri olub. H\u0259r s\u0259f\u0259r m\u00fch\u00fcm tarixi anlarla, hadis\u0259l\u0259rl\u0259 yadda qal\u0131b. Bu s\u0259f\u0259rl\u0259r \u00ab\u015eu\u015fa \u0130li\u00bb \u00e7\u0259r\u00e7iv\u0259sind\u0259 daha davaml\u0131 g\u00f6r\u00fc\u015fl\u0259r, b\u0259rpa v\u0259 quruculuq i\u015fl\u0259ri il\u0259 yax\u0131ndan tan\u0131\u015fl\u0131q bar\u0259d\u0259 ayd\u0131n t\u0259s\u0259vv\u00fcr yarad\u0131r. D\u00f6vl\u0259t ba\u015f\u00e7\u0131s\u0131 \u0130lham \u018fliyevin qeyd etdiyi kimi, \u015eu\u015fa h\u0259r k\u0259si \u00f6z\u00fcn\u0259 \u00e7\u0259kir. \u00d6lk\u0259 Prezidenti ilk g\u00fcnd\u0259n bu \u0259minliy i d\u0259 ifad\u0259 etdi ki, B\u00f6y\u00fck Qay\u0131d\u0131\u015f ba\u015flay\u0131r, b\u00fct\u00fcn i\u015fl\u0259r\u0259 start verildi. Nec\u0259 ki, d\u00fc\u015fm\u0259ni q\u0131sa m\u00fcdd\u0259t \u0259rzind\u0259 torpaqlar\u0131m\u0131zdan qovduq, tarixi d\u0259d\u0259-baba torpa\u011f\u0131m\u0131z olan Qaraba\u011f\u0131 da q\u0131sa m\u00fcdd\u0259td\u0259 b\u0259rpa ed\u0259c\u0259yik. \u018flb\u0259tt\u0259 ki, bundan sonra biz \u015eu\u015fan\u0131 g\u00f6z b\u0259b\u0259yi kimi qorumal\u0131y\u0131q: \u00abQ\u0259l\u0259b\u0259mizin r\u0259mzi t\u0259sad\u00fcf\u0259n yumruq se\u00e7ilm\u0259yib. M\u0259n demi\u015f\u0259m, burada &#8211; C\u0131d\u0131r d\u00fcz\u00fcnd\u0259 bir daha dem\u0259k ist\u0259yir\u0259m ki, bu yumruq, h\u0259m g\u00fccd\u00fcr, h\u0259m birlikdir. Onsuz da bizd\u0259 birlik kifay\u0259t q\u0259d\u0259r y\u00fcks\u0259k s\u0259viyy\u0259d\u0259 idi, bundan sonra daha da g\u00fccl\u00fc olacaq. Birliyi olan \u00f6lk\u0259l\u0259r q\u0259l\u0259b\u0259 qazan\u0131rlar. \u0130rad\u0259li olan liderl\u0259r q\u0259l\u0259b\u0259 qazan\u0131rlar. He\u00e7 n\u0259y\u0259 baxmayan, he\u00e7 kimd\u0259n \u00e7\u0259kinm\u0259y\u0259n, milli maraqlar\u0131 m\u00fcdafi\u0259 ed\u0259n liderl\u0259r q\u0259l\u0259b\u0259 qazan\u0131rlar. Az\u0259rbaycan\u0131n timsal\u0131nda bunu h\u0259r k\u0259s g\u00f6rd\u00fc.\u00bb<\/p>\n<p>\u00ab\u015eu\u015fa \u0130li\u00bb bir daha bu reall\u0131qlara i\u015f\u0131q salacaq, Erm\u0259nistana 30 il\u0259 yax\u0131n d\u00f6vrd\u0259 d\u0259st\u0259k olub, \u0259dal\u0259ti v\u0259 beyn\u0259lxalq h\u00fcququ maraqlar\u0131na qurban ver\u0259n b\u0259zi d\u00fcnya g\u00fccl\u0259ri Az\u0259rbaycan\u0131n bu ill\u0259r \u0259rzind\u0259 ke\u00e7diyi tarix, h\u00fcquq, milli q\u00fcrur d\u0259rsl\u0259rind\u0259n n\u0259tic\u0259 \u00e7\u0131xararaq \u0259dal\u0259tli d\u00fcnyan\u0131n formala\u015fmas\u0131na d\u0259st\u0259k olacaqlar. 44 g\u00fcnl\u00fck \u0130kinci Qaraba\u011f m\u00fcharib\u0259sind\u0259 tarixi Z\u0259f\u0259rimizin \u0259sas \u00e7a\u011f\u0131r\u0131\u015flar\u0131ndan biri m\u0259hz budur.<\/p>\n","protected":false},"excerpt":{"rendered":"<p>D\u00f6vl\u0259t ba\u015f\u00e7\u0131s\u0131 \u0130lham \u018fliyevin S\u0259r\u0259ncam\u0131 il\u0259 2022-ci ilin \u00ab\u015eu\u015fa \u0130li\u00bb elan edilm\u0259si h\u0259rbi-siyasi, diplomatik q\u0259l\u0259b\u0259mizin, tarixi reall\u0131qlar\u0131n t\u0259sdiqi v\u0259 d\u00fcnyaya t\u0259qdimat\u0131d\u0131r \u00abBiz qalib xalq\u0131q. M\u0259n \u015eu\u015faya son d\u0259f\u0259 39 il bundan \u0259vv\u0259l g\u0259lmi\u015f\u0259m. 39 il bundan \u0259vv\u0259l iki d\u0259f\u0259 g\u0259lmi\u015f\u0259m v\u0259 birinci d\u0259f\u0259 yanvar\u0131n 14-d\u0259 g\u0259lmi\u015f\u0259m. Bax, bu g\u00fcn, yanvar\u0131n 14-d\u0259 yen\u0259 d\u0259 buraday\u0131q. Bu d\u0259f\u0259 m\u00fcz\u0259ff\u0259r Az\u0259rbaycan Ordusunun, qalib Az\u0259rbaycan Ordusunun Ali Ba\u015f Komandan\u0131 kimi g\u0259lmi\u015f\u0259m. D\u00fc\u015fm\u0259nin belini q\u0131ran Ordunun Ali Ba\u015f Komandan\u0131 kimi g\u0259lmi\u015f\u0259m v\u0259 burada m\u00fcq\u0259dd\u0259s bayra\u011f\u0131n alt\u0131nda, q\u0259hr\u0259man h\u0259rb\u00e7il\u0259rin \u00f6n\u00fcnd\u0259 deyir\u0259m ki, biz bu torpaqlarda \u0259b\u0259di&hellip;<\/p>\n","protected":false},"author":2,"featured_media":423248,"comment_status":"closed","ping_status":"closed","sticky":false,"template":"","format":"standard","meta":{"om_disable_all_campaigns":false,"_monsterinsights_skip_tracking":false,"_monsterinsights_sitenote_active":false,"_monsterinsights_sitenote_note":"","_monsterinsights_sitenote_category":0},"categories":[8],"tags":[],"aioseo_notices":[],"gutentor_comment":0,"rttpg_featured_image_url":{"full":["https:\/\/arantv.az\/wp-content\/uploads\/2022\/01\/db60b95d164148263878271368210745401.jpg",975,540,false],"landscape":["https:\/\/arantv.az\/wp-content\/uploads\/2022\/01\/db60b95d164148263878271368210745401.jpg",975,540,false],"portraits":["https:\/\/arantv.az\/wp-content\/uploads\/2022\/01\/db60b95d164148263878271368210745401.jpg",975,540,false],"thumbnail":["https:\/\/arantv.az\/wp-content\/uploads\/2022\/01\/db60b95d164148263878271368210745401-500x280.jpg",500,280,true],"medium":["https:\/\/arantv.az\/wp-content\/uploads\/2022\/01\/db60b95d164148263878271368210745401-660x365.jpg",660,365,true],"large":["https:\/\/arantv.az\/wp-content\/uploads\/2022\/01\/db60b95d164148263878271368210745401-840x465.jpg",640,354,true],"1536x1536":["https:\/\/arantv.az\/wp-content\/uploads\/2022\/01\/db60b95d164148263878271368210745401.jpg",975,540,false],"2048x2048":["https:\/\/arantv.az\/wp-content\/uploads\/2022\/01\/db60b95d164148263878271368210745401.jpg",975,540,false],"post-thumbnail":["https:\/\/arantv.az\/wp-content\/uploads\/2022\/01\/db60b95d164148263878271368210745401-240x172.jpg",240,172,true],"advps-thumb-one":["https:\/\/arantv.az\/wp-content\/uploads\/2022\/01\/db60b95d164148263878271368210745401.jpg",975,540,false]},"rttpg_author":{"display_name":"V\u00fcsal Rafiqo\u011flu","author_link":"https:\/\/arantv.az\/?author=2"},"rttpg_comment":0,"rttpg_category":"<a href=\"https:\/\/arantv.az\/?cat=8\" rel=\"category\">\u018fsas s\u0259hif\u0259<\/a>","rttpg_excerpt":"D\u00f6vl\u0259t ba\u015f\u00e7\u0131s\u0131 \u0130lham \u018fliyevin S\u0259r\u0259ncam\u0131 il\u0259 2022-ci ilin \u00ab\u015eu\u015fa \u0130li\u00bb elan edilm\u0259si h\u0259rbi-siyasi, diplomatik q\u0259l\u0259b\u0259mizin, tarixi reall\u0131qlar\u0131n t\u0259sdiqi v\u0259 d\u00fcnyaya t\u0259qdimat\u0131d\u0131r \u00abBiz qalib xalq\u0131q. M\u0259n \u015eu\u015faya son d\u0259f\u0259 39 il bundan \u0259vv\u0259l g\u0259lmi\u015f\u0259m. 39 il bundan \u0259vv\u0259l iki d\u0259f\u0259 g\u0259lmi\u015f\u0259m v\u0259 birinci d\u0259f\u0259 yanvar\u0131n 14-d\u0259 g\u0259lmi\u015f\u0259m. Bax, bu g\u00fcn, yanvar\u0131n 14-d\u0259 yen\u0259 d\u0259 buraday\u0131q. Bu&hellip;","_links":{"self":[{"href":"https:\/\/arantv.az\/index.php?rest_route=\/wp\/v2\/posts\/423247"}],"collection":[{"href":"https:\/\/arantv.az\/index.php?rest_route=\/wp\/v2\/posts"}],"about":[{"href":"https:\/\/arantv.az\/index.php?rest_route=\/wp\/v2\/types\/post"}],"author":[{"embeddable":true,"href":"https:\/\/arantv.az\/index.php?rest_route=\/wp\/v2\/users\/2"}],"replies":[{"embeddable":true,"href":"https:\/\/arantv.az\/index.php?rest_route=%2Fwp%2Fv2%2Fcomments&post=423247"}],"version-history":[{"count":0,"href":"https:\/\/arantv.az\/index.php?rest_route=\/wp\/v2\/posts\/423247\/revisions"}],"wp:featuredmedia":[{"embeddable":true,"href":"https:\/\/arantv.az\/index.php?rest_route=\/wp\/v2\/media\/423248"}],"wp:attachment":[{"href":"https:\/\/arantv.az\/index.php?rest_route=%2Fwp%2Fv2%2Fmedia&parent=423247"}],"wp:term":[{"taxonomy":"category","embeddable":true,"href":"https:\/\/arantv.az\/index.php?rest_route=%2Fwp%2Fv2%2Fcategories&post=423247"},{"taxonomy":"post_tag","embeddable":true,"href":"https:\/\/arantv.az\/index.php?rest_route=%2Fwp%2Fv2%2Ftags&post=423247"}],"curies":[{"name":"wp","href":"https:\/\/api.w.org\/{rel}","templated":true}]}}