{"id":423256,"date":"2022-01-07T13:45:50","date_gmt":"2022-01-07T10:45:50","guid":{"rendered":"http:\/\/arantv.az\/?p=423256"},"modified":"2022-01-07T13:45:50","modified_gmt":"2022-01-07T10:45:50","slug":"xaricd%c9%99-doktorantura-t%c9%99hsilin%c9%99-s%c9%99n%c9%99d-q%c9%99bulu-baslayir","status":"publish","type":"post","link":"https:\/\/arantv.az\/?p=423256","title":{"rendered":"Xaricd\u0259 doktorantura t\u0259hsilin\u0259 s\u0259n\u0259d q\u0259bulu ba\u015flay\u0131r"},"content":{"rendered":"<p>G\u0259l\u0259n aydan xaricd\u0259 doktorantura t\u0259hsilin\u0259 s\u0259n\u0259d q\u0259bulu ba\u015flay\u0131r.<\/p>\n<p><strong>ARANTV.AZ x\u0259b\u0259r verir ki,<\/strong>\u00a0\u00a0T\u0259hsil Nazirliyind\u0259n veril\u0259n m\u0259lumata g\u00f6r\u0259, \u201c2019-2023 D\u00f6vl\u0259t Proqram\u0131\u201d \u00e7\u0259r\u00e7iv\u0259sind\u0259 xaricd\u0259 doktorantura t\u0259hsilinin maliyy\u0259l\u0259\u015fdirilm\u0259si \u00fc\u00e7\u00fcn s\u0259n\u0259d q\u0259bulu ild\u0259 2 d\u0259f\u0259 h\u0259yata ke\u00e7irilir.<\/p>\n<p>Bu il \u00fc\u00e7\u00fcn birinci s\u0259n\u0259d q\u0259bulu fevral-aprel ay\u0131nda, ikinci s\u0259n\u0259d q\u0259bulu is\u0259 iyul &#8211; sentyabr aylar\u0131nda ba\u015f tutacaq.<\/p>\n<p>Qeyd olunub ki, proqram prioritet ixtisas istiqam\u0259tl\u0259ri \u00fczr\u0259 xaricd\u0259 doktoranturaya q\u0259bul olma\u011fa haz\u0131rla\u015fan v\u0259 ya haz\u0131rda m\u00fcvafiq sah\u0259l\u0259r \u00fczr\u0259 xaricd\u0259 doktorantura s\u0259viyy\u0259sind\u0259 t\u0259hsil alan namiz\u0259dl\u0259r \u00fc\u00e7\u00fcn n\u0259z\u0259rd\u0259 tutulub.<\/p>\n<p>Maraqlananlar t\u0259l\u0259b olunan s\u0259n\u0259dl\u0259rl\u0259\u00a0link\u00a0vasit\u0259sil\u0259 tan\u0131\u015f ola bil\u0259r. \u018flav\u0259 sual yaranarsa,\u00a0FAQ\/MVS\u00a0v\u0259 ya\u00a0dpinfo@edu.gov.az\u00a0elektron \u00fcnvan\u0131na m\u00fcraci\u0259t etm\u0259k m\u00fcmk\u00fcnd\u00fcr.<\/p>\n","protected":false},"excerpt":{"rendered":"<p>G\u0259l\u0259n aydan xaricd\u0259 doktorantura t\u0259hsilin\u0259 s\u0259n\u0259d q\u0259bulu ba\u015flay\u0131r. ARANTV.AZ x\u0259b\u0259r verir ki,\u00a0\u00a0T\u0259hsil Nazirliyind\u0259n veril\u0259n m\u0259lumata g\u00f6r\u0259, \u201c2019-2023 D\u00f6vl\u0259t Proqram\u0131\u201d \u00e7\u0259r\u00e7iv\u0259sind\u0259 xaricd\u0259 doktorantura t\u0259hsilinin maliyy\u0259l\u0259\u015fdirilm\u0259si \u00fc\u00e7\u00fcn s\u0259n\u0259d q\u0259bulu ild\u0259 2 d\u0259f\u0259 h\u0259yata ke\u00e7irilir. Bu il \u00fc\u00e7\u00fcn birinci s\u0259n\u0259d q\u0259bulu fevral-aprel ay\u0131nda, ikinci s\u0259n\u0259d q\u0259bulu is\u0259 iyul &#8211; sentyabr aylar\u0131nda ba\u015f tutacaq. Qeyd olunub ki, proqram prioritet ixtisas istiqam\u0259tl\u0259ri \u00fczr\u0259 xaricd\u0259 doktoranturaya q\u0259bul olma\u011fa haz\u0131rla\u015fan v\u0259 ya haz\u0131rda m\u00fcvafiq sah\u0259l\u0259r \u00fczr\u0259 xaricd\u0259 doktorantura s\u0259viyy\u0259sind\u0259 t\u0259hsil alan namiz\u0259dl\u0259r \u00fc\u00e7\u00fcn n\u0259z\u0259rd\u0259 tutulub. Maraqlananlar t\u0259l\u0259b olunan s\u0259n\u0259dl\u0259rl\u0259\u00a0link\u00a0vasit\u0259sil\u0259 tan\u0131\u015f ola bil\u0259r. \u018flav\u0259 sual yaranarsa,\u00a0FAQ\/MVS\u00a0v\u0259 ya\u00a0dpinfo@edu.gov.az\u00a0elektron \u00fcnvan\u0131na&hellip;<\/p>\n","protected":false},"author":2,"featured_media":423257,"comment_status":"closed","ping_status":"closed","sticky":false,"template":"","format":"standard","meta":{"om_disable_all_campaigns":false,"_monsterinsights_skip_tracking":false,"_monsterinsights_sitenote_active":false,"_monsterinsights_sitenote_note":"","_monsterinsights_sitenote_category":0},"categories":[23],"tags":[],"aioseo_notices":[],"gutentor_comment":0,"rttpg_featured_image_url":{"full":["https:\/\/arantv.az\/wp-content\/uploads\/2022\/01\/154aa686163595374672461360710537287.jpg",975,540,false],"landscape":["https:\/\/arantv.az\/wp-content\/uploads\/2022\/01\/154aa686163595374672461360710537287.jpg",975,540,false],"portraits":["https:\/\/arantv.az\/wp-content\/uploads\/2022\/01\/154aa686163595374672461360710537287.jpg",975,540,false],"thumbnail":["https:\/\/arantv.az\/wp-content\/uploads\/2022\/01\/154aa686163595374672461360710537287-500x280.jpg",500,280,true],"medium":["https:\/\/arantv.az\/wp-content\/uploads\/2022\/01\/154aa686163595374672461360710537287-660x365.jpg",660,365,true],"large":["https:\/\/arantv.az\/wp-content\/uploads\/2022\/01\/154aa686163595374672461360710537287-840x465.jpg",640,354,true],"1536x1536":["https:\/\/arantv.az\/wp-content\/uploads\/2022\/01\/154aa686163595374672461360710537287.jpg",975,540,false],"2048x2048":["https:\/\/arantv.az\/wp-content\/uploads\/2022\/01\/154aa686163595374672461360710537287.jpg",975,540,false],"post-thumbnail":["https:\/\/arantv.az\/wp-content\/uploads\/2022\/01\/154aa686163595374672461360710537287-240x172.jpg",240,172,true],"advps-thumb-one":["https:\/\/arantv.az\/wp-content\/uploads\/2022\/01\/154aa686163595374672461360710537287.jpg",975,540,false]},"rttpg_author":{"display_name":"V\u00fcsal Rafiqo\u011flu","author_link":"https:\/\/arantv.az\/?author=2"},"rttpg_comment":0,"rttpg_category":"<a href=\"https:\/\/arantv.az\/?cat=23\" rel=\"category\">T\u0259hsil<\/a>","rttpg_excerpt":"G\u0259l\u0259n aydan xaricd\u0259 doktorantura t\u0259hsilin\u0259 s\u0259n\u0259d q\u0259bulu ba\u015flay\u0131r. ARANTV.AZ x\u0259b\u0259r verir ki,\u00a0\u00a0T\u0259hsil Nazirliyind\u0259n veril\u0259n m\u0259lumata g\u00f6r\u0259, \u201c2019-2023 D\u00f6vl\u0259t Proqram\u0131\u201d \u00e7\u0259r\u00e7iv\u0259sind\u0259 xaricd\u0259 doktorantura t\u0259hsilinin maliyy\u0259l\u0259\u015fdirilm\u0259si \u00fc\u00e7\u00fcn s\u0259n\u0259d q\u0259bulu ild\u0259 2 d\u0259f\u0259 h\u0259yata ke\u00e7irilir. Bu il \u00fc\u00e7\u00fcn birinci s\u0259n\u0259d q\u0259bulu fevral-aprel ay\u0131nda, ikinci s\u0259n\u0259d q\u0259bulu is\u0259 iyul &#8211; sentyabr aylar\u0131nda ba\u015f tutacaq. Qeyd olunub ki, proqram prioritet&hellip;","_links":{"self":[{"href":"https:\/\/arantv.az\/index.php?rest_route=\/wp\/v2\/posts\/423256"}],"collection":[{"href":"https:\/\/arantv.az\/index.php?rest_route=\/wp\/v2\/posts"}],"about":[{"href":"https:\/\/arantv.az\/index.php?rest_route=\/wp\/v2\/types\/post"}],"author":[{"embeddable":true,"href":"https:\/\/arantv.az\/index.php?rest_route=\/wp\/v2\/users\/2"}],"replies":[{"embeddable":true,"href":"https:\/\/arantv.az\/index.php?rest_route=%2Fwp%2Fv2%2Fcomments&post=423256"}],"version-history":[{"count":0,"href":"https:\/\/arantv.az\/index.php?rest_route=\/wp\/v2\/posts\/423256\/revisions"}],"wp:featuredmedia":[{"embeddable":true,"href":"https:\/\/arantv.az\/index.php?rest_route=\/wp\/v2\/media\/423257"}],"wp:attachment":[{"href":"https:\/\/arantv.az\/index.php?rest_route=%2Fwp%2Fv2%2Fmedia&parent=423256"}],"wp:term":[{"taxonomy":"category","embeddable":true,"href":"https:\/\/arantv.az\/index.php?rest_route=%2Fwp%2Fv2%2Fcategories&post=423256"},{"taxonomy":"post_tag","embeddable":true,"href":"https:\/\/arantv.az\/index.php?rest_route=%2Fwp%2Fv2%2Ftags&post=423256"}],"curies":[{"name":"wp","href":"https:\/\/api.w.org\/{rel}","templated":true}]}}