{"id":423427,"date":"2022-01-07T16:20:36","date_gmt":"2022-01-07T13:20:36","guid":{"rendered":"http:\/\/arantv.az\/?p=423427"},"modified":"2022-01-07T16:20:36","modified_gmt":"2022-01-07T13:20:36","slug":"ekoloji-t%c9%99miz-n%c9%99qliyyat-vasit%c9%99l%c9%99ri-il%c9%99-bagli-yol-x%c9%99rit%c9%99si-t%c9%99sdiq-edildi","status":"publish","type":"post","link":"https:\/\/arantv.az\/?p=423427","title":{"rendered":"Ekoloji t\u0259miz n\u0259qliyyat vasit\u0259l\u0259ri il\u0259 ba\u011fl\u0131 Yol X\u0259rit\u0259si t\u0259sdiq edildi"},"content":{"rendered":"<p>\u201cEkoloji t\u0259miz n\u0259qliyyat vasit\u0259l\u0259rind\u0259n istifad\u0259nin stimulla\u015fd\u0131r\u0131lmas\u0131 v\u0259 t\u0259\u015fviqi il\u0259 ba\u011fl\u0131 qiym\u0259tl\u0259ndirm\u0259l\u0259rin apar\u0131lmas\u0131, t\u0259klifl\u0259rin haz\u0131rlanmas\u0131 v\u0259 h\u0259yata ke\u00e7irilm\u0259si \u00fczr\u0259 2022-ci il \u00fc\u00e7\u00fcn Yol X\u0259rit\u0259si\u201d\u00a0Biznes m\u00fchiti v\u0259 beyn\u0259lxalq reytinql\u0259r \u00fczr\u0259 Komissiyan\u0131n s\u0259dri t\u0259r\u0259find\u0259n t\u0259sdiq edilib.<\/p>\n<p>Bu bar\u0259d\u0259\u00a0D\u00f6vl\u0259t G\u00f6mr\u00fck Komit\u0259si (DGK) m\u0259lumat yay\u0131b.<\/p>\n<div class=\"AdviadNativeVideo\"><\/div>\n<p>Bildirilib ki, yol x\u0259rit\u0259si ekoloji t\u0259miz n\u0259qliyyat vasit\u0259l\u0259rinin stimulla\u015fd\u0131r\u0131lmas\u0131 v\u0259 t\u0259\u015fviqi \u00fczr\u0259\u00a04\u00a0tematik sah\u0259d\u0259 &#8211; \u201cElektrik m\u00fch\u0259rrikli v\u0259 hibrid n\u0259qliyyat vasit\u0259l\u0259ri sah\u0259sind\u0259 t\u0259hlill\u0259rin v\u0259 qiym\u0259tl\u0259ndirm\u0259l\u0259rin apar\u0131lmas\u0131\u201d, \u201cEkoloji t\u0259miz n\u0259qliyyat vasit\u0259l\u0259rind\u0259n istifad\u0259nin stimulla\u015fd\u0131r\u0131lmas\u0131 v\u0259 t\u0259\u015fviqi il\u0259 ba\u011fl\u0131 t\u0259klifl\u0259rin haz\u0131rlanmas\u0131\u201d, \u201cElektrik m\u00fch\u0259rrikli v\u0259 hibrid n\u0259qliyyat vasit\u0259l\u0259rind\u0259n istifad\u0259nin geni\u015fl\u0259ndirilm\u0259si \u00fczr\u0259 maliyy\u0259 \u0259l\u00e7atanl\u0131\u011f\u0131n\u0131n t\u0259min olunmas\u0131\u201d\u00a0v\u0259 \u201cElektrik m\u00fch\u0259rrikli v\u0259 hibrid n\u0259qliyyat vasit\u0259l\u0259rind\u0259n istifad\u0259nin t\u0259\u015fviqi \u00fczr\u0259 z\u0259ruri infrastrukturun yarad\u0131lmas\u0131\u201d\u00a0m\u0259qs\u0259dil\u0259, \u00fcmumilikd\u0259\u00a025\u00a0t\u0259dbirin icras\u0131n\u0131 n\u0259z\u0259rd\u0259 tutur.<\/p>\n<p>Ad\u0131\u00e7\u0259kil\u0259n Yol X\u0259rit\u0259si Az\u0259rbaycan Prezidentinin 2021-ci il 2 fevral tarixli 2469 n\u00f6mr\u0259li S\u0259r\u0259ncam\u0131 il\u0259 t\u0259sdiq edilmi\u015f \u201cAz\u0259rbaycan 2030: sosial-iqtisadi inki\u015fafa dair Milli Prioritetl\u0259r\u201dd\u0259n 5-ci Milli Prioritet\u0259 (t\u0259miz \u0259traf m\u00fchit v\u0259 \u201cya\u015f\u0131l art\u0131m\u201d\u00a0\u00f6lk\u0259si) uy\u011fun olaraq, Biznes m\u00fchiti v\u0259 beyn\u0259lxalq reytinql\u0259r \u00fczr\u0259 Komissiyan\u0131n \u201cS\u0259rh\u0259dd\u0259 ticar\u0259t\u201d i\u015f\u00e7i qrupunun t\u0259rkibind\u0259 x\u00fcsusi olaraq yarad\u0131lm\u0131\u015f altqrupun \u00fczvl\u0259rinin m\u0259hsuldar v\u0259 geni\u015f m\u00fczakir\u0259l\u0259ri, \u0259trafl\u0131 t\u0259hlill\u0259ri n\u0259tic\u0259sind\u0259 \u00f6z\u0259l sektorun n\u00fcmay\u0259nd\u0259l\u0259rinin yax\u0131ndan i\u015ftirak\u0131 il\u0259 haz\u0131rlan\u0131b. Ekoloji t\u0259miz n\u0259qliyyat vasit\u0259l\u0259rind\u0259n geni\u015f istifad\u0259 edilm\u0259si \u0259traf m\u00fchit\u0259 v\u0259 atmosfer havas\u0131n\u0131n keyfiyy\u0259tin\u0259 m\u00fcsb\u0259t t\u0259sir g\u00f6st\u0259r\u0259c\u0259k.<\/p>\n<p>M\u0259lumat \u00fc\u00e7\u00fcn qeyd ed\u0259k ki, Komissiyan\u0131n \u201cS\u0259rh\u0259dd\u0259 ticar\u0259t\u201d i\u015f\u00e7i qrupuna r\u0259hb\u0259rliyi D\u00f6vl\u0259t G\u00f6mr\u00fck Komit\u0259si h\u0259yata ke\u00e7irir.<\/p>\n<p>\u201cEkoloji t\u0259miz n\u0259qliyyat vasit\u0259l\u0259rind\u0259n istifad\u0259nin stimulla\u015fd\u0131r\u0131lmas\u0131 v\u0259 t\u0259\u015fviqi il\u0259 ba\u011fl\u0131 qiym\u0259tl\u0259ndirm\u0259l\u0259rin apar\u0131lmas\u0131, t\u0259klifl\u0259rin haz\u0131rlanmas\u0131 v\u0259 h\u0259yata ke\u00e7irilm\u0259si \u00fczr\u0259 2022-ci il \u00fc\u00e7\u00fcn Yol X\u0259rit\u0259si\u201dnin tam m\u0259tni il\u0259 Komissiyan\u0131n internet\u00a0<a href=\"https:\/\/azranking.az\/action-%20plans\" target=\"_blank\" rel=\"noopener\">portal<\/a>\u0131nda tan\u0131\u015f olmaq m\u00fcmk\u00fcnd\u00fcr.<\/p>\n","protected":false},"excerpt":{"rendered":"<p>\u201cEkoloji t\u0259miz n\u0259qliyyat vasit\u0259l\u0259rind\u0259n istifad\u0259nin stimulla\u015fd\u0131r\u0131lmas\u0131 v\u0259 t\u0259\u015fviqi il\u0259 ba\u011fl\u0131 qiym\u0259tl\u0259ndirm\u0259l\u0259rin apar\u0131lmas\u0131, t\u0259klifl\u0259rin haz\u0131rlanmas\u0131 v\u0259 h\u0259yata ke\u00e7irilm\u0259si \u00fczr\u0259 2022-ci il \u00fc\u00e7\u00fcn Yol X\u0259rit\u0259si\u201d\u00a0Biznes m\u00fchiti v\u0259 beyn\u0259lxalq reytinql\u0259r \u00fczr\u0259 Komissiyan\u0131n s\u0259dri t\u0259r\u0259find\u0259n t\u0259sdiq edilib. Bu bar\u0259d\u0259\u00a0D\u00f6vl\u0259t G\u00f6mr\u00fck Komit\u0259si (DGK) m\u0259lumat yay\u0131b. Bildirilib ki, yol x\u0259rit\u0259si ekoloji t\u0259miz n\u0259qliyyat vasit\u0259l\u0259rinin stimulla\u015fd\u0131r\u0131lmas\u0131 v\u0259 t\u0259\u015fviqi \u00fczr\u0259\u00a04\u00a0tematik sah\u0259d\u0259 &#8211; \u201cElektrik m\u00fch\u0259rrikli v\u0259 hibrid n\u0259qliyyat vasit\u0259l\u0259ri sah\u0259sind\u0259 t\u0259hlill\u0259rin v\u0259 qiym\u0259tl\u0259ndirm\u0259l\u0259rin apar\u0131lmas\u0131\u201d, \u201cEkoloji t\u0259miz n\u0259qliyyat vasit\u0259l\u0259rind\u0259n istifad\u0259nin stimulla\u015fd\u0131r\u0131lmas\u0131 v\u0259 t\u0259\u015fviqi il\u0259 ba\u011fl\u0131 t\u0259klifl\u0259rin haz\u0131rlanmas\u0131\u201d, \u201cElektrik m\u00fch\u0259rrikli v\u0259 hibrid n\u0259qliyyat vasit\u0259l\u0259rind\u0259n istifad\u0259nin geni\u015fl\u0259ndirilm\u0259si \u00fczr\u0259 maliyy\u0259 \u0259l\u00e7atanl\u0131\u011f\u0131n\u0131n t\u0259min olunmas\u0131\u201d\u00a0v\u0259&hellip;<\/p>\n","protected":false},"author":2,"featured_media":423428,"comment_status":"closed","ping_status":"closed","sticky":false,"template":"","format":"standard","meta":{"om_disable_all_campaigns":false,"_monsterinsights_skip_tracking":false,"_monsterinsights_sitenote_active":false,"_monsterinsights_sitenote_note":"","_monsterinsights_sitenote_category":0},"categories":[26],"tags":[],"aioseo_notices":[],"gutentor_comment":0,"rttpg_featured_image_url":{"full":["https:\/\/arantv.az\/wp-content\/uploads\/2022\/01\/FotoJet-2022-01-07T162430.944.jpg",620,413,false],"landscape":["https:\/\/arantv.az\/wp-content\/uploads\/2022\/01\/FotoJet-2022-01-07T162430.944.jpg",620,413,false],"portraits":["https:\/\/arantv.az\/wp-content\/uploads\/2022\/01\/FotoJet-2022-01-07T162430.944.jpg",620,413,false],"thumbnail":["https:\/\/arantv.az\/wp-content\/uploads\/2022\/01\/FotoJet-2022-01-07T162430.944-500x280.jpg",500,280,true],"medium":["https:\/\/arantv.az\/wp-content\/uploads\/2022\/01\/FotoJet-2022-01-07T162430.944-548x365.jpg",548,365,true],"large":["https:\/\/arantv.az\/wp-content\/uploads\/2022\/01\/FotoJet-2022-01-07T162430.944.jpg",620,413,false],"1536x1536":["https:\/\/arantv.az\/wp-content\/uploads\/2022\/01\/FotoJet-2022-01-07T162430.944.jpg",620,413,false],"2048x2048":["https:\/\/arantv.az\/wp-content\/uploads\/2022\/01\/FotoJet-2022-01-07T162430.944.jpg",620,413,false],"post-thumbnail":["https:\/\/arantv.az\/wp-content\/uploads\/2022\/01\/FotoJet-2022-01-07T162430.944-240x172.jpg",240,172,true],"advps-thumb-one":["https:\/\/arantv.az\/wp-content\/uploads\/2022\/01\/FotoJet-2022-01-07T162430.944.jpg",620,413,false]},"rttpg_author":{"display_name":"V\u00fcsal Rafiqo\u011flu","author_link":"https:\/\/arantv.az\/?author=2"},"rttpg_comment":0,"rttpg_category":"<a href=\"https:\/\/arantv.az\/?cat=26\" rel=\"category\">Sosial<\/a>","rttpg_excerpt":"\u201cEkoloji t\u0259miz n\u0259qliyyat vasit\u0259l\u0259rind\u0259n istifad\u0259nin stimulla\u015fd\u0131r\u0131lmas\u0131 v\u0259 t\u0259\u015fviqi il\u0259 ba\u011fl\u0131 qiym\u0259tl\u0259ndirm\u0259l\u0259rin apar\u0131lmas\u0131, t\u0259klifl\u0259rin haz\u0131rlanmas\u0131 v\u0259 h\u0259yata ke\u00e7irilm\u0259si \u00fczr\u0259 2022-ci il \u00fc\u00e7\u00fcn Yol X\u0259rit\u0259si\u201d\u00a0Biznes m\u00fchiti v\u0259 beyn\u0259lxalq reytinql\u0259r \u00fczr\u0259 Komissiyan\u0131n s\u0259dri t\u0259r\u0259find\u0259n t\u0259sdiq edilib. Bu bar\u0259d\u0259\u00a0D\u00f6vl\u0259t G\u00f6mr\u00fck Komit\u0259si (DGK) m\u0259lumat yay\u0131b. Bildirilib ki, yol x\u0259rit\u0259si ekoloji t\u0259miz n\u0259qliyyat vasit\u0259l\u0259rinin stimulla\u015fd\u0131r\u0131lmas\u0131 v\u0259 t\u0259\u015fviqi \u00fczr\u0259\u00a04\u00a0tematik sah\u0259d\u0259 &#8211; \u201cElektrik&hellip;","_links":{"self":[{"href":"https:\/\/arantv.az\/index.php?rest_route=\/wp\/v2\/posts\/423427"}],"collection":[{"href":"https:\/\/arantv.az\/index.php?rest_route=\/wp\/v2\/posts"}],"about":[{"href":"https:\/\/arantv.az\/index.php?rest_route=\/wp\/v2\/types\/post"}],"author":[{"embeddable":true,"href":"https:\/\/arantv.az\/index.php?rest_route=\/wp\/v2\/users\/2"}],"replies":[{"embeddable":true,"href":"https:\/\/arantv.az\/index.php?rest_route=%2Fwp%2Fv2%2Fcomments&post=423427"}],"version-history":[{"count":0,"href":"https:\/\/arantv.az\/index.php?rest_route=\/wp\/v2\/posts\/423427\/revisions"}],"wp:featuredmedia":[{"embeddable":true,"href":"https:\/\/arantv.az\/index.php?rest_route=\/wp\/v2\/media\/423428"}],"wp:attachment":[{"href":"https:\/\/arantv.az\/index.php?rest_route=%2Fwp%2Fv2%2Fmedia&parent=423427"}],"wp:term":[{"taxonomy":"category","embeddable":true,"href":"https:\/\/arantv.az\/index.php?rest_route=%2Fwp%2Fv2%2Fcategories&post=423427"},{"taxonomy":"post_tag","embeddable":true,"href":"https:\/\/arantv.az\/index.php?rest_route=%2Fwp%2Fv2%2Ftags&post=423427"}],"curies":[{"name":"wp","href":"https:\/\/api.w.org\/{rel}","templated":true}]}}