{"id":423445,"date":"2022-01-07T18:54:49","date_gmt":"2022-01-07T15:54:49","guid":{"rendered":"http:\/\/arantv.az\/?p=423445"},"modified":"2022-01-07T18:54:49","modified_gmt":"2022-01-07T15:54:49","slug":"turk-hava-yollari-qazaxistandan-t%c9%99xliy%c9%99-ucusu-h%c9%99yata-kecir%c9%99c%c9%99k","status":"publish","type":"post","link":"https:\/\/arantv.az\/?p=423445","title":{"rendered":"\u201cT\u00fcrk Hava Yollar\u0131\u201d Qazax\u0131standan t\u0259xliy\u0259 u\u00e7u\u015fu h\u0259yata ke\u00e7ir\u0259c\u0259k"},"content":{"rendered":"<p>T\u00fcrkiy\u0259nin milli aviada\u015f\u0131y\u0131c\u0131s\u0131 \u201cT\u00fcrk Hava Yollar\u0131\u201d Qazax\u0131standan t\u0259xliy\u0259 reysi h\u0259yata ke\u00e7ir\u0259c\u0259k.<\/p>\n<div class=\"AdviadNativeVideo\"><\/div>\n<p>U\u00e7u\u015f yanvar\u0131n 8-d\u0259 ba\u015f tutacaq.<\/p>\n<p>Aviareys vasit\u0259sil\u0259 75 n\u0259f\u0259r ixti\u015fa\u015flar\u0131n b\u00fcr\u00fcd\u00fcy\u00fc \u00f6lk\u0259d\u0259n t\u0259xliy\u0259 edil\u0259c\u0259k.<\/p>\n<p>T\u0259xliy\u0259 edil\u0259c\u0259kl\u0259rin \u0259sas\u0259n \u201cT\u00fcrk Hava Yollar\u0131\u201d v\u0259 dig\u0259r avia\u015firk\u0259tl\u0259rin \u0259m\u0259kda\u015flar\u0131ndan ibar\u0259t oldu\u011fu bildirlib.<\/p>\n<p>M\u0259nb\u0259: TASS<\/p>\n","protected":false},"excerpt":{"rendered":"<p>T\u00fcrkiy\u0259nin milli aviada\u015f\u0131y\u0131c\u0131s\u0131 \u201cT\u00fcrk Hava Yollar\u0131\u201d Qazax\u0131standan t\u0259xliy\u0259 reysi h\u0259yata ke\u00e7ir\u0259c\u0259k. U\u00e7u\u015f yanvar\u0131n 8-d\u0259 ba\u015f tutacaq. Aviareys vasit\u0259sil\u0259 75 n\u0259f\u0259r ixti\u015fa\u015flar\u0131n b\u00fcr\u00fcd\u00fcy\u00fc \u00f6lk\u0259d\u0259n t\u0259xliy\u0259 edil\u0259c\u0259k. T\u0259xliy\u0259 edil\u0259c\u0259kl\u0259rin \u0259sas\u0259n \u201cT\u00fcrk Hava Yollar\u0131\u201d v\u0259 dig\u0259r avia\u015firk\u0259tl\u0259rin \u0259m\u0259kda\u015flar\u0131ndan ibar\u0259t oldu\u011fu bildirlib. M\u0259nb\u0259: TASS<\/p>\n","protected":false},"author":2,"featured_media":423446,"comment_status":"closed","ping_status":"closed","sticky":false,"template":"","format":"standard","meta":{"om_disable_all_campaigns":false,"_monsterinsights_skip_tracking":false,"_monsterinsights_sitenote_active":false,"_monsterinsights_sitenote_note":"","_monsterinsights_sitenote_category":0},"categories":[7],"tags":[],"aioseo_notices":[],"gutentor_comment":0,"rttpg_featured_image_url":{"full":["https:\/\/arantv.az\/wp-content\/uploads\/2022\/01\/271234155_636037054402929_6990065276711633371_n.jpg",620,413,false],"landscape":["https:\/\/arantv.az\/wp-content\/uploads\/2022\/01\/271234155_636037054402929_6990065276711633371_n.jpg",620,413,false],"portraits":["https:\/\/arantv.az\/wp-content\/uploads\/2022\/01\/271234155_636037054402929_6990065276711633371_n.jpg",620,413,false],"thumbnail":["https:\/\/arantv.az\/wp-content\/uploads\/2022\/01\/271234155_636037054402929_6990065276711633371_n-500x280.jpg",500,280,true],"medium":["https:\/\/arantv.az\/wp-content\/uploads\/2022\/01\/271234155_636037054402929_6990065276711633371_n-548x365.jpg",548,365,true],"large":["https:\/\/arantv.az\/wp-content\/uploads\/2022\/01\/271234155_636037054402929_6990065276711633371_n.jpg",620,413,false],"1536x1536":["https:\/\/arantv.az\/wp-content\/uploads\/2022\/01\/271234155_636037054402929_6990065276711633371_n.jpg",620,413,false],"2048x2048":["https:\/\/arantv.az\/wp-content\/uploads\/2022\/01\/271234155_636037054402929_6990065276711633371_n.jpg",620,413,false],"post-thumbnail":["https:\/\/arantv.az\/wp-content\/uploads\/2022\/01\/271234155_636037054402929_6990065276711633371_n-240x172.jpg",240,172,true],"advps-thumb-one":["https:\/\/arantv.az\/wp-content\/uploads\/2022\/01\/271234155_636037054402929_6990065276711633371_n.jpg",620,413,false]},"rttpg_author":{"display_name":"V\u00fcsal Rafiqo\u011flu","author_link":"https:\/\/arantv.az\/?author=2"},"rttpg_comment":0,"rttpg_category":"<a href=\"https:\/\/arantv.az\/?cat=7\" rel=\"category\">D\u00fcnya<\/a>","rttpg_excerpt":"T\u00fcrkiy\u0259nin milli aviada\u015f\u0131y\u0131c\u0131s\u0131 \u201cT\u00fcrk Hava Yollar\u0131\u201d Qazax\u0131standan t\u0259xliy\u0259 reysi h\u0259yata ke\u00e7ir\u0259c\u0259k. U\u00e7u\u015f yanvar\u0131n 8-d\u0259 ba\u015f tutacaq. Aviareys vasit\u0259sil\u0259 75 n\u0259f\u0259r ixti\u015fa\u015flar\u0131n b\u00fcr\u00fcd\u00fcy\u00fc \u00f6lk\u0259d\u0259n t\u0259xliy\u0259 edil\u0259c\u0259k. T\u0259xliy\u0259 edil\u0259c\u0259kl\u0259rin \u0259sas\u0259n \u201cT\u00fcrk Hava Yollar\u0131\u201d v\u0259 dig\u0259r avia\u015firk\u0259tl\u0259rin \u0259m\u0259kda\u015flar\u0131ndan ibar\u0259t oldu\u011fu bildirlib. M\u0259nb\u0259: TASS","_links":{"self":[{"href":"https:\/\/arantv.az\/index.php?rest_route=\/wp\/v2\/posts\/423445"}],"collection":[{"href":"https:\/\/arantv.az\/index.php?rest_route=\/wp\/v2\/posts"}],"about":[{"href":"https:\/\/arantv.az\/index.php?rest_route=\/wp\/v2\/types\/post"}],"author":[{"embeddable":true,"href":"https:\/\/arantv.az\/index.php?rest_route=\/wp\/v2\/users\/2"}],"replies":[{"embeddable":true,"href":"https:\/\/arantv.az\/index.php?rest_route=%2Fwp%2Fv2%2Fcomments&post=423445"}],"version-history":[{"count":0,"href":"https:\/\/arantv.az\/index.php?rest_route=\/wp\/v2\/posts\/423445\/revisions"}],"wp:featuredmedia":[{"embeddable":true,"href":"https:\/\/arantv.az\/index.php?rest_route=\/wp\/v2\/media\/423446"}],"wp:attachment":[{"href":"https:\/\/arantv.az\/index.php?rest_route=%2Fwp%2Fv2%2Fmedia&parent=423445"}],"wp:term":[{"taxonomy":"category","embeddable":true,"href":"https:\/\/arantv.az\/index.php?rest_route=%2Fwp%2Fv2%2Fcategories&post=423445"},{"taxonomy":"post_tag","embeddable":true,"href":"https:\/\/arantv.az\/index.php?rest_route=%2Fwp%2Fv2%2Ftags&post=423445"}],"curies":[{"name":"wp","href":"https:\/\/api.w.org\/{rel}","templated":true}]}}